{"id":9876,"date":"2019-10-28T06:00:23","date_gmt":"2019-10-28T04:00:23","guid":{"rendered":"https:\/\/www.annamardo.de\/?p=9876"},"modified":"2021-02-25T16:34:03","modified_gmt":"2021-02-25T14:34:03","slug":"wunsch-hochzeitslocations","status":"publish","type":"post","link":"https:\/\/www.annamardo.de\/en\/wunsch-hochzeitslocations\/","title":{"rendered":"Hochzeitslocations &#8211; Wunschlocations einer Fotografin"},"content":{"rendered":"<p>Bei Instagram kam neulich bei einer Umfrage die Frag nach einen liebsten Hochzeitslocations sowie den Wunsch Hochzeitslocations auf. Wo w\u00fcrde ich als Fotografin gerne eine Hochzeit begleiten? Die Liste ist lange aber ich habe euch meine Top 10 zusammengestellt.<\/p>\n<p>Ihr plant eure Hochzeit an einer dieser Locations und m\u00f6chtet mich gerne mitnehmen? Schickt mir eine <a href=\"https:\/\/www.annamardo.de\/kontakt\/\" target=\"_blank\" rel=\"noopener noreferrer\">E-Mail<\/a> und ich mache euch ein gutes Angebot.<\/p>\n<h3><\/h3>\n<h3><strong>1. Hofgut Maisenburg in Hayingen<\/strong><\/h3>\n<p>F\u00fcr ein Event von Tortenmeisterin Heike Krohz war ich schon mal auf der sch\u00f6nen <a href=\"https:\/\/www.maisenburg.de\" target=\"_blank\" rel=\"noopener noreferrer\">Maisenburg<\/a> in Hayingen zu Gast. Das wundersch\u00f6ne Hofgut liegt mitten in der Natur hoch \u00fcber dem gro\u00dfen Lautertal. Dazu gibt es einen richtig sch\u00f6nen Festsaal sowie \u00dcbernachtungsm\u00f6glichkeiten f\u00fcr die G\u00e4ste.<\/p>\n<h3><strong>2. Tom Almh\u00fctte am Hochk\u00f6nig<\/strong><\/h3>\n<p>Ich bin neulich durch Zufall auf die Hochzeitslocation <a href=\"http:\/\/www.edertom.com\/\" target=\"_blank\" rel=\"noopener noreferrer\">Tom Almh\u00fctte am Hochk\u00f6nig<\/a> n\u00e4he Maria Alm gesto\u00dfen. Moderne Architektur verbunden mit H\u00fcttencharme. Dazu 360 Grad Bergpanorama und eine K\u00fcche bei der H\u00fcttenkulinarik und internationales Flair zusammentreffen. Geil oder? Noch dazu gibt es einen s\u00fc\u00dfes Mops!<\/p>\n<h3><strong>3. Das Tegernsee<\/strong><\/h3>\n<p>Ihr wisst ja, dass ich echt ein gro\u00dfer Fan der Region Tegernsee \/ Miesbach bin. Ich liebe die Natur, die Berge, die Seen und die Menschen. Es w\u00e4re f\u00fcr mich der gr\u00f6\u00dfte Ritterschlag wenn ich eine Hochzeit im wundersch\u00f6nen <a href=\"https:\/\/www.dastegernsee.de\/de\/feste\/\" target=\"_blank\" rel=\"noopener noreferrer\">Das Tegernsee<\/a> begleiten d\u00fcrften.<\/p>\n<h3><strong>4. Parkhotel Billroth am Wolfgangsee<\/strong><\/h3>\n<p>Eine Hochzeit im <a href=\"https:\/\/billroth.at\/hochzeit-am-wolgangsee\/\" target=\"_blank\" rel=\"noopener noreferrer\">Billroth<\/a> am Wolfgangsee im sch\u00f6nen Salzkammergut. Das w\u00e4r ein Traum. Ich habe in Salzburg studiert und somit freue ich mich immer sehr wenn ich die Region wieder besuchen darf und noch mehr, wenn dies f\u00fcr eine Hochzeit ist. Das <a href=\"https:\/\/billroth.at\/hochzeit-am-wolgangsee\/\" target=\"_blank\" rel=\"noopener noreferrer\">Parkhotel Billroth<\/a> liegt\u00a0direkt am Wolfgangsee. Es ist m\u00f6glich Outdoor Trauungen direkt am See zu machen. Die Innenr\u00e4ume sind eher modern und sehr geschmackvoll gestaltet.<\/p>\n<h3><strong>5. Michlhof in Kempten<\/strong><\/h3>\n<p>Schon lange war ich nicht mehr f\u00fcr eine Hochzeit in der Kemptner Gegend. Zeit wird&#8217;s! Am liebsten w\u00fcrde ich dort mal auf dem <a href=\"https:\/\/www.michlhof-kempten.de\" target=\"_blank\" rel=\"noopener noreferrer\">Michlhof<\/a>\u00a0hochzeiten. Eine richtig sch\u00f6ne Location f\u00fcr eine rustikale H\u00fctten\/Scheunenhochzeit. Wer kennt sie?<\/p>\n<h3><strong>6. Manufaktur B26 in Schw\u00e4bisch Gm\u00fcnd<\/strong><\/h3>\n<div class=\"page\" title=\"Page 2\">\n<div class=\"section\">\n<div class=\"layoutArea\">\n<div class=\"column\">\n<p>Die <a href=\"https:\/\/manufaktur-b26.de\/startseite\/aktuelles\/\" target=\"_blank\" rel=\"noopener noreferrer\">Manufaktur B26<\/a> befindet sich in einem \u00fcber 130 Jahre alten Fabrikgeb\u00e4ude. Hochzeiten die hier gefeiert werden fallen eher unter das Motto &#8220;Industrial Wedding&#8221;.<\/p>\n<h3><strong>7. Albertina\u00a0Museum in Wien<\/strong><\/h3>\n<p>Dieses Jahr durfte ich f\u00fcr ein Styled Shoot in die heiligen Hallen der <a href=\"https:\/\/www.albertina.at\/vermietung\/anlass\/hochzeiten\/\" target=\"_blank\" rel=\"noopener noreferrer\">Albertina<\/a> in Wien. Albertina? Aber das ist doch ein Museum. Ja! Aber es ist m\u00f6glich in den Prunkr\u00e4umen der Albertina zu heiraten und zu feiern. Was f\u00fcr ein Ambiente und ideal f\u00fcr die perfekte Prinzessinnenhochzeit.<\/p>\n<p><img loading=\"lazy\" decoding=\"async\" class=\"aligncenter size-full wp-image-9877\" src=\"https:\/\/www.annamardo.de\/wp-content\/uploads\/2019\/10\/1_Albertina-Wien-Hochzeit.jpg\" alt=\"albertina Wien Hochzeit\" width=\"1500\" height=\"2248\" srcset=\"https:\/\/www.annamardo.de\/wp-content\/uploads\/2019\/10\/1_Albertina-Wien-Hochzeit.jpg 1500w, https:\/\/www.annamardo.de\/wp-content\/uploads\/2019\/10\/1_Albertina-Wien-Hochzeit-600x899.jpg 600w, https:\/\/www.annamardo.de\/wp-content\/uploads\/2019\/10\/1_Albertina-Wien-Hochzeit-200x300.jpg 200w, https:\/\/www.annamardo.de\/wp-content\/uploads\/2019\/10\/1_Albertina-Wien-Hochzeit-768x1151.jpg 768w, https:\/\/www.annamardo.de\/wp-content\/uploads\/2019\/10\/1_Albertina-Wien-Hochzeit-683x1024.jpg 683w\" sizes=\"auto, (max-width: 1500px) 100vw, 1500px\" \/> <img loading=\"lazy\" decoding=\"async\" class=\"aligncenter size-full wp-image-9878\" src=\"https:\/\/www.annamardo.de\/wp-content\/uploads\/2019\/10\/2_Albertina-Wien-Hochzeit.jpg\" alt=\"Hochzeitsfotograf Wien\" width=\"1500\" height=\"999\" srcset=\"https:\/\/www.annamardo.de\/wp-content\/uploads\/2019\/10\/2_Albertina-Wien-Hochzeit.jpg 1500w, https:\/\/www.annamardo.de\/wp-content\/uploads\/2019\/10\/2_Albertina-Wien-Hochzeit-600x400.jpg 600w, https:\/\/www.annamardo.de\/wp-content\/uploads\/2019\/10\/2_Albertina-Wien-Hochzeit-300x200.jpg 300w, https:\/\/www.annamardo.de\/wp-content\/uploads\/2019\/10\/2_Albertina-Wien-Hochzeit-768x511.jpg 768w, https:\/\/www.annamardo.de\/wp-content\/uploads\/2019\/10\/2_Albertina-Wien-Hochzeit-1024x682.jpg 1024w\" sizes=\"auto, (max-width: 1500px) 100vw, 1500px\" \/><\/p>\n<\/div>\n<\/div>\n<\/div>\n<\/div>\n<h3><\/h3>\n<h3><strong>8. Ansitz Wartenfels am Fuschlsee bei Salzburg<\/strong><\/h3>\n<p>Nur 20 Minuten von Salzburg entfernt liegt der <a href=\"https:\/\/www.wartenfels.at\" target=\"_blank\" rel=\"noopener noreferrer\">Ansitz Wartenfels<\/a> mit wunderbarem Ausblick eingebettet zwischen Seen und Wald. Ein ganz bezauberndes Areal. Was mir gut gef\u00e4llt, es hat Burgcharakter aber ist gleichzeitig nicht d\u00fcster und k\u00fchlt. Ebenfalls ist es m\u00f6glich direkt dort die standesamtliche Trauung zu vollziehen.<\/p>\n<div id=\"pg-w5abdd63ea7ef1-1\" class=\"panel-grid panel-no-style\">\n<div id=\"pgc-w5abdd63ea7ef1-1-0\" class=\"panel-grid-cell\">\n<div id=\"panel-w5abdd63ea7ef1-1-0-0\" class=\"so-panel widget widget_sow-editor panel-first-child panel-last-child\" data-index=\"2\">\n<div class=\"so-widget-sow-editor so-widget-sow-editor-base\">\n<h3><strong>9. N8Stallung in Augsburg<\/strong><\/h3>\n<\/div>\n<div>Heiraten mit Industrial Flair! Diese mega stylische Hochzeitslocation befindet sich in Augsburg. Hier wird es wieder modern und richtig stylish! Die <a href=\"http:\/\/www.n8stallung.de\/\" target=\"_blank\" rel=\"noopener noreferrer\">N8stallung<\/a> liegt im alten Schlachthof. Es gibt Platz f\u00fcr 100 -150 Personen. Auch ist es m\u00f6glich vor dem Geb\u00e4ude freie Trauungen durchzuf\u00fchren. Das ist nat\u00fcrlich immer super wenn die Trauung gleich an der Location stattfindet.<\/div>\n<\/div>\n<div><\/div>\n<\/div>\n<\/div>\n<h3><strong>10. Wasmeier Museum am Schliersee<\/strong><\/h3>\n<p>Eine weitere Hochzeitslocation f\u00fcr eine Scheunenhochzeit in den Bergen ist das <a href=\"https:\/\/www.wasmeier.de\" target=\"_blank\" rel=\"noopener noreferrer\">Wasmeier Museum am Schliersee<\/a>. Ich steh nunmal auf Hochzeiten am See und in der Natur. Von M\u00fcnchen aus ist der Schliersee eine prima Location f\u00fcr die Hochzeit.<\/p>\n<p>&nbsp;<\/p>\n<p>Ihr seid noch nicht f\u00fcndig geworden? Es gibt noch mehr Beitr\u00e4ge rund um das Thema <strong>Hochzeitslocation<\/strong> auf meinem Blog:<\/p>\n<p><a href=\"https:\/\/www.annamardo.de\/hochzeitslocations-bayern\/\">Hochzeitslocations in Bayern<\/a><\/p>\n<p><a href=\"https:\/\/www.annamardo.de\/hochzeitslocations\/\">Mehr Hochzeitslocations<\/a><\/p>\n","protected":false},"excerpt":{"rendered":"<p>Bei Instagram kam neulich bei einer Umfrage die Frag nach einen liebsten Hochzeitslocations sowie den Wunsch Hochzeitslocations auf. Wo w\u00fcrde ich als Fotografin gerne eine Hochzeit begleiten? Die Liste ist lange aber ich habe euch meine Top 10 zusammengestellt. Ihr plant eure Hochzeit an einer dieser Locations und m\u00f6chtet mich gerne mitnehmen? Schickt mir eine&#8230;<\/p>\n","protected":false},"author":1,"featured_media":9878,"comment_status":"open","ping_status":"open","sticky":false,"template":"","format":"standard","meta":{"_kadence_starter_templates_imported_post":false,"_kad_post_transparent":"","_kad_post_title":"","_kad_post_layout":"","_kad_post_sidebar_id":"","_kad_post_content_style":"","_kad_post_vertical_padding":"","_kad_post_feature":"","_kad_post_feature_position":"","_kad_post_header":false,"_kad_post_footer":false,"_kad_post_classname":"","footnotes":""},"categories":[533],"tags":[280],"class_list":["post-9876","post","type-post","status-publish","format-standard","has-post-thumbnail","hentry","category-tipps-2","tag-augsburg"],"yoast_head":"<!-- This site is optimized with the Yoast SEO plugin v27.4 - https:\/\/yoast.com\/product\/yoast-seo-wordpress\/ -->\n<title>Hochzeitslocations - 10 Wunschlocations einer Hochzeitsfotografin<\/title>\n<meta name=\"description\" content=\"Meine TOP 10 Wunsch Hochzeitslocations f\u00fcr eure Hochzeit aus Sicht einer Hochzeitsfotografin. Die sch\u00f6nsten Orte zum Heiraten.\" \/>\n<meta name=\"robots\" content=\"index, follow, max-snippet:-1, max-image-preview:large, max-video-preview:-1\" \/>\n<link rel=\"canonical\" href=\"https:\/\/www.annamardo.de\/wunsch-hochzeitslocations\/\" \/>\n<meta property=\"og:locale\" content=\"en_US\" \/>\n<meta property=\"og:type\" content=\"article\" \/>\n<meta property=\"og:title\" content=\"Hochzeitslocations - 10 Wunschlocations einer Hochzeitsfotografin\" \/>\n<meta property=\"og:description\" content=\"Meine TOP 10 Wunsch Hochzeitslocations f\u00fcr eure Hochzeit aus Sicht einer Hochzeitsfotografin. Die sch\u00f6nsten Orte zum Heiraten.\" \/>\n<meta property=\"og:url\" content=\"https:\/\/www.annamardo.de\/wunsch-hochzeitslocations\/\" \/>\n<meta property=\"og:site_name\" content=\"Anna Mardo Hochzeitsfotografie\" \/>\n<meta property=\"article:publisher\" content=\"https:\/\/www.facebook.com\/AnnaMardoHochzeitsfotografie\/\" \/>\n<meta property=\"article:author\" content=\"https:\/\/www.facebook.com\/AnnaMardoHochzeitsfotografie\/\" \/>\n<meta property=\"article:published_time\" content=\"2019-10-28T04:00:23+00:00\" \/>\n<meta property=\"article:modified_time\" content=\"2021-02-25T14:34:03+00:00\" \/>\n<meta property=\"og:image\" content=\"https:\/\/www.annamardo.de\/wp-content\/uploads\/2019\/10\/2_Albertina-Wien-Hochzeit.jpg\" \/>\n\t<meta property=\"og:image:width\" content=\"1500\" \/>\n\t<meta property=\"og:image:height\" content=\"999\" \/>\n\t<meta property=\"og:image:type\" content=\"image\/jpeg\" \/>\n<meta name=\"author\" content=\"Anna Mardo\" \/>\n<meta name=\"twitter:card\" content=\"summary_large_image\" \/>\n<meta name=\"twitter:label1\" content=\"Written by\" \/>\n\t<meta name=\"twitter:data1\" content=\"Anna Mardo\" \/>\n\t<meta name=\"twitter:label2\" content=\"Est. reading time\" \/>\n\t<meta name=\"twitter:data2\" content=\"3 minutes\" \/>\n<script type=\"application\/ld+json\" class=\"yoast-schema-graph\">{\"@context\":\"https:\\\/\\\/schema.org\",\"@graph\":[{\"@type\":\"Article\",\"@id\":\"https:\\\/\\\/www.annamardo.de\\\/wunsch-hochzeitslocations\\\/#article\",\"isPartOf\":{\"@id\":\"https:\\\/\\\/www.annamardo.de\\\/wunsch-hochzeitslocations\\\/\"},\"author\":{\"name\":\"Anna Mardo\",\"@id\":\"https:\\\/\\\/www.annamardo.de\\\/#\\\/schema\\\/person\\\/c3ae0c10a19a6067a617804bb8bc64a7\"},\"headline\":\"Hochzeitslocations &#8211; Wunschlocations einer Fotografin\",\"datePublished\":\"2019-10-28T04:00:23+00:00\",\"dateModified\":\"2021-02-25T14:34:03+00:00\",\"mainEntityOfPage\":{\"@id\":\"https:\\\/\\\/www.annamardo.de\\\/wunsch-hochzeitslocations\\\/\"},\"wordCount\":635,\"commentCount\":0,\"publisher\":{\"@id\":\"https:\\\/\\\/www.annamardo.de\\\/#organization\"},\"image\":{\"@id\":\"https:\\\/\\\/www.annamardo.de\\\/wunsch-hochzeitslocations\\\/#primaryimage\"},\"thumbnailUrl\":\"https:\\\/\\\/www.annamardo.de\\\/wp-content\\\/uploads\\\/2019\\\/10\\\/2_Albertina-Wien-Hochzeit.jpg\",\"keywords\":[\"Augsburg\"],\"articleSection\":[\"Tipps\"],\"inLanguage\":\"en-US\",\"potentialAction\":[{\"@type\":\"CommentAction\",\"name\":\"Comment\",\"target\":[\"https:\\\/\\\/www.annamardo.de\\\/wunsch-hochzeitslocations\\\/#respond\"]}]},{\"@type\":\"WebPage\",\"@id\":\"https:\\\/\\\/www.annamardo.de\\\/wunsch-hochzeitslocations\\\/\",\"url\":\"https:\\\/\\\/www.annamardo.de\\\/wunsch-hochzeitslocations\\\/\",\"name\":\"Hochzeitslocations - 10 Wunschlocations einer Hochzeitsfotografin\",\"isPartOf\":{\"@id\":\"https:\\\/\\\/www.annamardo.de\\\/#website\"},\"primaryImageOfPage\":{\"@id\":\"https:\\\/\\\/www.annamardo.de\\\/wunsch-hochzeitslocations\\\/#primaryimage\"},\"image\":{\"@id\":\"https:\\\/\\\/www.annamardo.de\\\/wunsch-hochzeitslocations\\\/#primaryimage\"},\"thumbnailUrl\":\"https:\\\/\\\/www.annamardo.de\\\/wp-content\\\/uploads\\\/2019\\\/10\\\/2_Albertina-Wien-Hochzeit.jpg\",\"datePublished\":\"2019-10-28T04:00:23+00:00\",\"dateModified\":\"2021-02-25T14:34:03+00:00\",\"description\":\"Meine TOP 10 Wunsch Hochzeitslocations f\u00fcr eure Hochzeit aus Sicht einer Hochzeitsfotografin. Die sch\u00f6nsten Orte zum Heiraten.\",\"breadcrumb\":{\"@id\":\"https:\\\/\\\/www.annamardo.de\\\/wunsch-hochzeitslocations\\\/#breadcrumb\"},\"inLanguage\":\"en-US\",\"potentialAction\":[{\"@type\":\"ReadAction\",\"target\":[\"https:\\\/\\\/www.annamardo.de\\\/wunsch-hochzeitslocations\\\/\"]}]},{\"@type\":\"ImageObject\",\"inLanguage\":\"en-US\",\"@id\":\"https:\\\/\\\/www.annamardo.de\\\/wunsch-hochzeitslocations\\\/#primaryimage\",\"url\":\"https:\\\/\\\/www.annamardo.de\\\/wp-content\\\/uploads\\\/2019\\\/10\\\/2_Albertina-Wien-Hochzeit.jpg\",\"contentUrl\":\"https:\\\/\\\/www.annamardo.de\\\/wp-content\\\/uploads\\\/2019\\\/10\\\/2_Albertina-Wien-Hochzeit.jpg\",\"width\":1500,\"height\":999,\"caption\":\"Hochzeitsfotograf Wien\"},{\"@type\":\"BreadcrumbList\",\"@id\":\"https:\\\/\\\/www.annamardo.de\\\/wunsch-hochzeitslocations\\\/#breadcrumb\",\"itemListElement\":[{\"@type\":\"ListItem\",\"position\":1,\"name\":\"Startseite\",\"item\":\"https:\\\/\\\/www.annamardo.de\\\/en\\\/\"},{\"@type\":\"ListItem\",\"position\":2,\"name\":\"Hochzeitslocations &#8211; Wunschlocations einer Fotografin\"}]},{\"@type\":\"WebSite\",\"@id\":\"https:\\\/\\\/www.annamardo.de\\\/#website\",\"url\":\"https:\\\/\\\/www.annamardo.de\\\/\",\"name\":\"Anna Mardo Hochzeitsfotografie\",\"description\":\"Berghochzeiten &amp; Hochzeiten im Oberland\",\"publisher\":{\"@id\":\"https:\\\/\\\/www.annamardo.de\\\/#organization\"},\"potentialAction\":[{\"@type\":\"SearchAction\",\"target\":{\"@type\":\"EntryPoint\",\"urlTemplate\":\"https:\\\/\\\/www.annamardo.de\\\/?s={search_term_string}\"},\"query-input\":{\"@type\":\"PropertyValueSpecification\",\"valueRequired\":true,\"valueName\":\"search_term_string\"}}],\"inLanguage\":\"en-US\"},{\"@type\":\"Organization\",\"@id\":\"https:\\\/\\\/www.annamardo.de\\\/#organization\",\"name\":\"Anna Mardo Hochzeitsfotografie\",\"url\":\"https:\\\/\\\/www.annamardo.de\\\/\",\"logo\":{\"@type\":\"ImageObject\",\"inLanguage\":\"en-US\",\"@id\":\"https:\\\/\\\/www.annamardo.de\\\/#\\\/schema\\\/logo\\\/image\\\/\",\"url\":\"https:\\\/\\\/www.annamardo.de\\\/wp-content\\\/uploads\\\/2021\\\/12\\\/Logo_Anna_Mardo_berghochzeiten.png\",\"contentUrl\":\"https:\\\/\\\/www.annamardo.de\\\/wp-content\\\/uploads\\\/2021\\\/12\\\/Logo_Anna_Mardo_berghochzeiten.png\",\"width\":1000,\"height\":655,\"caption\":\"Anna Mardo Hochzeitsfotografie\"},\"image\":{\"@id\":\"https:\\\/\\\/www.annamardo.de\\\/#\\\/schema\\\/logo\\\/image\\\/\"},\"sameAs\":[\"https:\\\/\\\/www.facebook.com\\\/AnnaMardoHochzeitsfotografie\\\/\",\"https:\\\/\\\/www.instagram.com\\\/annamardo\\\/\"]},{\"@type\":\"Person\",\"@id\":\"https:\\\/\\\/www.annamardo.de\\\/#\\\/schema\\\/person\\\/c3ae0c10a19a6067a617804bb8bc64a7\",\"name\":\"Anna Mardo\",\"description\":\"Fotografin f\u00fcr Berghochzeiten\",\"sameAs\":[\"https:\\\/\\\/www.annamardo.de\",\"https:\\\/\\\/www.facebook.com\\\/AnnaMardoHochzeitsfotografie\\\/\",\"https:\\\/\\\/www.instagram.com\\\/annamardo\\\/\",\"https:\\\/\\\/de.pinterest.com\\\/annamardo\"],\"url\":\"https:\\\/\\\/www.annamardo.de\\\/en\\\/author\\\/antje210\\\/\"}]}<\/script>\n<!-- \/ Yoast SEO plugin. -->","yoast_head_json":{"title":"Hochzeitslocations - 10 Wunschlocations einer Hochzeitsfotografin","description":"Meine TOP 10 Wunsch Hochzeitslocations f\u00fcr eure Hochzeit aus Sicht einer Hochzeitsfotografin. Die sch\u00f6nsten Orte zum Heiraten.","robots":{"index":"index","follow":"follow","max-snippet":"max-snippet:-1","max-image-preview":"max-image-preview:large","max-video-preview":"max-video-preview:-1"},"canonical":"https:\/\/www.annamardo.de\/wunsch-hochzeitslocations\/","og_locale":"en_US","og_type":"article","og_title":"Hochzeitslocations - 10 Wunschlocations einer Hochzeitsfotografin","og_description":"Meine TOP 10 Wunsch Hochzeitslocations f\u00fcr eure Hochzeit aus Sicht einer Hochzeitsfotografin. Die sch\u00f6nsten Orte zum Heiraten.","og_url":"https:\/\/www.annamardo.de\/wunsch-hochzeitslocations\/","og_site_name":"Anna Mardo Hochzeitsfotografie","article_publisher":"https:\/\/www.facebook.com\/AnnaMardoHochzeitsfotografie\/","article_author":"https:\/\/www.facebook.com\/AnnaMardoHochzeitsfotografie\/","article_published_time":"2019-10-28T04:00:23+00:00","article_modified_time":"2021-02-25T14:34:03+00:00","og_image":[{"width":1500,"height":999,"url":"https:\/\/www.annamardo.de\/wp-content\/uploads\/2019\/10\/2_Albertina-Wien-Hochzeit.jpg","type":"image\/jpeg"}],"author":"Anna Mardo","twitter_card":"summary_large_image","twitter_misc":{"Written by":"Anna Mardo","Est. reading time":"3 minutes"},"schema":{"@context":"https:\/\/schema.org","@graph":[{"@type":"Article","@id":"https:\/\/www.annamardo.de\/wunsch-hochzeitslocations\/#article","isPartOf":{"@id":"https:\/\/www.annamardo.de\/wunsch-hochzeitslocations\/"},"author":{"name":"Anna Mardo","@id":"https:\/\/www.annamardo.de\/#\/schema\/person\/c3ae0c10a19a6067a617804bb8bc64a7"},"headline":"Hochzeitslocations &#8211; Wunschlocations einer Fotografin","datePublished":"2019-10-28T04:00:23+00:00","dateModified":"2021-02-25T14:34:03+00:00","mainEntityOfPage":{"@id":"https:\/\/www.annamardo.de\/wunsch-hochzeitslocations\/"},"wordCount":635,"commentCount":0,"publisher":{"@id":"https:\/\/www.annamardo.de\/#organization"},"image":{"@id":"https:\/\/www.annamardo.de\/wunsch-hochzeitslocations\/#primaryimage"},"thumbnailUrl":"https:\/\/www.annamardo.de\/wp-content\/uploads\/2019\/10\/2_Albertina-Wien-Hochzeit.jpg","keywords":["Augsburg"],"articleSection":["Tipps"],"inLanguage":"en-US","potentialAction":[{"@type":"CommentAction","name":"Comment","target":["https:\/\/www.annamardo.de\/wunsch-hochzeitslocations\/#respond"]}]},{"@type":"WebPage","@id":"https:\/\/www.annamardo.de\/wunsch-hochzeitslocations\/","url":"https:\/\/www.annamardo.de\/wunsch-hochzeitslocations\/","name":"Hochzeitslocations - 10 Wunschlocations einer Hochzeitsfotografin","isPartOf":{"@id":"https:\/\/www.annamardo.de\/#website"},"primaryImageOfPage":{"@id":"https:\/\/www.annamardo.de\/wunsch-hochzeitslocations\/#primaryimage"},"image":{"@id":"https:\/\/www.annamardo.de\/wunsch-hochzeitslocations\/#primaryimage"},"thumbnailUrl":"https:\/\/www.annamardo.de\/wp-content\/uploads\/2019\/10\/2_Albertina-Wien-Hochzeit.jpg","datePublished":"2019-10-28T04:00:23+00:00","dateModified":"2021-02-25T14:34:03+00:00","description":"Meine TOP 10 Wunsch Hochzeitslocations f\u00fcr eure Hochzeit aus Sicht einer Hochzeitsfotografin. Die sch\u00f6nsten Orte zum Heiraten.","breadcrumb":{"@id":"https:\/\/www.annamardo.de\/wunsch-hochzeitslocations\/#breadcrumb"},"inLanguage":"en-US","potentialAction":[{"@type":"ReadAction","target":["https:\/\/www.annamardo.de\/wunsch-hochzeitslocations\/"]}]},{"@type":"ImageObject","inLanguage":"en-US","@id":"https:\/\/www.annamardo.de\/wunsch-hochzeitslocations\/#primaryimage","url":"https:\/\/www.annamardo.de\/wp-content\/uploads\/2019\/10\/2_Albertina-Wien-Hochzeit.jpg","contentUrl":"https:\/\/www.annamardo.de\/wp-content\/uploads\/2019\/10\/2_Albertina-Wien-Hochzeit.jpg","width":1500,"height":999,"caption":"Hochzeitsfotograf Wien"},{"@type":"BreadcrumbList","@id":"https:\/\/www.annamardo.de\/wunsch-hochzeitslocations\/#breadcrumb","itemListElement":[{"@type":"ListItem","position":1,"name":"Startseite","item":"https:\/\/www.annamardo.de\/en\/"},{"@type":"ListItem","position":2,"name":"Hochzeitslocations &#8211; Wunschlocations einer Fotografin"}]},{"@type":"WebSite","@id":"https:\/\/www.annamardo.de\/#website","url":"https:\/\/www.annamardo.de\/","name":"Anna Mardo Hochzeitsfotografie","description":"Berghochzeiten &amp; Hochzeiten im Oberland","publisher":{"@id":"https:\/\/www.annamardo.de\/#organization"},"potentialAction":[{"@type":"SearchAction","target":{"@type":"EntryPoint","urlTemplate":"https:\/\/www.annamardo.de\/?s={search_term_string}"},"query-input":{"@type":"PropertyValueSpecification","valueRequired":true,"valueName":"search_term_string"}}],"inLanguage":"en-US"},{"@type":"Organization","@id":"https:\/\/www.annamardo.de\/#organization","name":"Anna Mardo Hochzeitsfotografie","url":"https:\/\/www.annamardo.de\/","logo":{"@type":"ImageObject","inLanguage":"en-US","@id":"https:\/\/www.annamardo.de\/#\/schema\/logo\/image\/","url":"https:\/\/www.annamardo.de\/wp-content\/uploads\/2021\/12\/Logo_Anna_Mardo_berghochzeiten.png","contentUrl":"https:\/\/www.annamardo.de\/wp-content\/uploads\/2021\/12\/Logo_Anna_Mardo_berghochzeiten.png","width":1000,"height":655,"caption":"Anna Mardo Hochzeitsfotografie"},"image":{"@id":"https:\/\/www.annamardo.de\/#\/schema\/logo\/image\/"},"sameAs":["https:\/\/www.facebook.com\/AnnaMardoHochzeitsfotografie\/","https:\/\/www.instagram.com\/annamardo\/"]},{"@type":"Person","@id":"https:\/\/www.annamardo.de\/#\/schema\/person\/c3ae0c10a19a6067a617804bb8bc64a7","name":"Anna Mardo","description":"Fotografin f\u00fcr Berghochzeiten","sameAs":["https:\/\/www.annamardo.de","https:\/\/www.facebook.com\/AnnaMardoHochzeitsfotografie\/","https:\/\/www.instagram.com\/annamardo\/","https:\/\/de.pinterest.com\/annamardo"],"url":"https:\/\/www.annamardo.de\/en\/author\/antje210\/"}]}},"_links":{"self":[{"href":"https:\/\/www.annamardo.de\/en\/wp-json\/wp\/v2\/posts\/9876","targetHints":{"allow":["GET"]}}],"collection":[{"href":"https:\/\/www.annamardo.de\/en\/wp-json\/wp\/v2\/posts"}],"about":[{"href":"https:\/\/www.annamardo.de\/en\/wp-json\/wp\/v2\/types\/post"}],"author":[{"embeddable":true,"href":"https:\/\/www.annamardo.de\/en\/wp-json\/wp\/v2\/users\/1"}],"replies":[{"embeddable":true,"href":"https:\/\/www.annamardo.de\/en\/wp-json\/wp\/v2\/comments?post=9876"}],"version-history":[{"count":12,"href":"https:\/\/www.annamardo.de\/en\/wp-json\/wp\/v2\/posts\/9876\/revisions"}],"predecessor-version":[{"id":9887,"href":"https:\/\/www.annamardo.de\/en\/wp-json\/wp\/v2\/posts\/9876\/revisions\/9887"}],"wp:featuredmedia":[{"embeddable":true,"href":"https:\/\/www.annamardo.de\/en\/wp-json\/wp\/v2\/media\/9878"}],"wp:attachment":[{"href":"https:\/\/www.annamardo.de\/en\/wp-json\/wp\/v2\/media?parent=9876"}],"wp:term":[{"taxonomy":"category","embeddable":true,"href":"https:\/\/www.annamardo.de\/en\/wp-json\/wp\/v2\/categories?post=9876"},{"taxonomy":"post_tag","embeddable":true,"href":"https:\/\/www.annamardo.de\/en\/wp-json\/wp\/v2\/tags?post=9876"}],"curies":[{"name":"wp","href":"https:\/\/api.w.org\/{rel}","templated":true}]}}