{"id":7710,"date":"2018-10-19T08:07:01","date_gmt":"2018-10-19T06:07:01","guid":{"rendered":"https:\/\/www.annamardo.de\/?p=7710"},"modified":"2023-07-22T10:34:13","modified_gmt":"2023-07-22T08:34:13","slug":"hochzeit-salzburg","status":"publish","type":"post","link":"https:\/\/www.annamardo.de\/en\/hochzeit-salzburg\/","title":{"rendered":"Hochzeit in Salzburg &#8211; Feature bei Weddingbible"},"content":{"rendered":"<h2>Hochzeitsreportage auf Hotel Schloss M\u00f6nchstein ver\u00f6ffentlicht<\/h2>\n<p>Der Oktober ist wohl Ver\u00f6ffentlichungs-Monat! Nach bereits zwei Feature wurde auch die Hochzeit Salzburg bei Weddingbible ver\u00f6ffentlicht. Auf meinem Blog findet ihr die Hochzeit in Salzburg auch:&nbsp;<a href=\"https:\/\/www.annamardo.de\/hochzeitsreportage-salzburg\/\" target=\"_blank\" rel=\"noopener\">Hochzeitsreportage in Salzburg im Hotel Schloss M\u00f6nchstein<\/a><\/p>\n<p>Das Feature bei Weddingbible ist richtig sch\u00f6n geworden! Schaut doch mal <a href=\"https:\/\/www.weddingbible.de\/magazin\/schloss-monchstein-salzburg\" target=\"_blank\" rel=\"noopener\">HIER<\/a> vorbei.<\/p>\n<p><img loading=\"lazy\" decoding=\"async\" class=\"aligncenter wp-image-7712 size-full\" src=\"https:\/\/www.annamardo.de\/wp-content\/uploads\/2018\/10\/Bildschirmfoto-2018-10-19-um-07.57.47.png\" alt=\"\" width=\"941\" height=\"911\" srcset=\"https:\/\/www.annamardo.de\/wp-content\/uploads\/2018\/10\/Bildschirmfoto-2018-10-19-um-07.57.47.png 941w, https:\/\/www.annamardo.de\/wp-content\/uploads\/2018\/10\/Bildschirmfoto-2018-10-19-um-07.57.47-300x290.png 300w, https:\/\/www.annamardo.de\/wp-content\/uploads\/2018\/10\/Bildschirmfoto-2018-10-19-um-07.57.47-768x744.png 768w\" sizes=\"auto, (max-width: 941px) 100vw, 941px\" \/><\/p>\n<p><img loading=\"lazy\" decoding=\"async\" class=\"aligncenter wp-image-7711\" src=\"https:\/\/www.annamardo.de\/wp-content\/uploads\/2018\/10\/Bildschirmfoto-2018-10-19-um-07.57.55.png\" alt=\"Weddingbible Feature\" width=\"941\" height=\"1145\" srcset=\"https:\/\/www.annamardo.de\/wp-content\/uploads\/2018\/10\/Bildschirmfoto-2018-10-19-um-07.57.55.png 756w, https:\/\/www.annamardo.de\/wp-content\/uploads\/2018\/10\/Bildschirmfoto-2018-10-19-um-07.57.55-247x300.png 247w\" sizes=\"auto, (max-width: 941px) 100vw, 941px\" \/><\/p>\n","protected":false},"excerpt":{"rendered":"<p>Hochzeitsreportage auf Hotel Schloss M\u00f6nchstein ver\u00f6ffentlicht Der Oktober ist wohl Ver\u00f6ffentlichungs-Monat! Nach bereits zwei Feature wurde auch die Hochzeit Salzburg bei Weddingbible ver\u00f6ffentlicht. Auf meinem Blog findet ihr die Hochzeit in Salzburg auch:&nbsp;Hochzeitsreportage in Salzburg im Hotel Schloss M\u00f6nchstein Das Feature bei Weddingbible ist richtig sch\u00f6n geworden! Schaut doch mal HIER vorbei.<\/p>\n","protected":false},"author":1,"featured_media":7713,"comment_status":"open","ping_status":"open","sticky":false,"template":"","format":"standard","meta":{"_kadence_starter_templates_imported_post":false,"_kad_post_transparent":"","_kad_post_title":"","_kad_post_layout":"","_kad_post_sidebar_id":"","_kad_post_content_style":"","_kad_post_vertical_padding":"","_kad_post_feature":"","_kad_post_feature_position":"","_kad_post_header":false,"_kad_post_footer":false,"_kad_post_classname":"","footnotes":""},"categories":[4],"tags":[214,23],"class_list":["post-7710","post","type-post","status-publish","format-standard","has-post-thumbnail","hentry","category-hochzeit","tag-hochzeitsfotograf","tag-weddingbible"],"yoast_head":"<!-- This site is optimized with the Yoast SEO plugin v27.4 - https:\/\/yoast.com\/product\/yoast-seo-wordpress\/ -->\n<title>Hochzeit Salzburg - Feature auf Weddingbible<\/title>\n<meta name=\"description\" content=\"Danke an weddingbible Hochzeitsblog f\u00fcr das tolle Feature dieser Salzburg Hochzeit.\" \/>\n<meta name=\"robots\" content=\"index, follow, max-snippet:-1, max-image-preview:large, max-video-preview:-1\" \/>\n<link rel=\"canonical\" href=\"https:\/\/www.annamardo.de\/hochzeit-salzburg\/\" \/>\n<meta property=\"og:locale\" content=\"en_US\" \/>\n<meta property=\"og:type\" content=\"article\" \/>\n<meta property=\"og:title\" content=\"Hochzeit Salzburg - Feature auf Weddingbible\" \/>\n<meta property=\"og:description\" content=\"Danke an weddingbible Hochzeitsblog f\u00fcr das tolle Feature dieser Salzburg Hochzeit.\" \/>\n<meta property=\"og:url\" content=\"https:\/\/www.annamardo.de\/hochzeit-salzburg\/\" \/>\n<meta property=\"og:site_name\" content=\"Anna Mardo Hochzeitsfotografie\" \/>\n<meta property=\"article:publisher\" content=\"https:\/\/www.facebook.com\/AnnaMardoHochzeitsfotografie\/\" \/>\n<meta property=\"article:author\" content=\"https:\/\/www.facebook.com\/AnnaMardoHochzeitsfotografie\/\" \/>\n<meta property=\"article:published_time\" content=\"2018-10-19T06:07:01+00:00\" \/>\n<meta property=\"article:modified_time\" content=\"2023-07-22T08:34:13+00:00\" \/>\n<meta property=\"og:image\" content=\"https:\/\/www.annamardo.de\/wp-content\/uploads\/2018\/10\/Bildschirmfoto-2018-10-19-um-07.57.36.png\" \/>\n\t<meta property=\"og:image:width\" content=\"946\" \/>\n\t<meta property=\"og:image:height\" content=\"831\" \/>\n\t<meta property=\"og:image:type\" content=\"image\/png\" \/>\n<meta name=\"author\" content=\"Anna Mardo\" \/>\n<meta name=\"twitter:card\" content=\"summary_large_image\" \/>\n<meta name=\"twitter:label1\" content=\"Written by\" \/>\n\t<meta name=\"twitter:data1\" content=\"Anna Mardo\" \/>\n\t<meta name=\"twitter:label2\" content=\"Est. reading time\" \/>\n\t<meta name=\"twitter:data2\" content=\"1 minute\" \/>\n<script type=\"application\/ld+json\" class=\"yoast-schema-graph\">{\"@context\":\"https:\\\/\\\/schema.org\",\"@graph\":[{\"@type\":\"Article\",\"@id\":\"https:\\\/\\\/www.annamardo.de\\\/hochzeit-salzburg\\\/#article\",\"isPartOf\":{\"@id\":\"https:\\\/\\\/www.annamardo.de\\\/hochzeit-salzburg\\\/\"},\"author\":{\"name\":\"Anna Mardo\",\"@id\":\"https:\\\/\\\/www.annamardo.de\\\/#\\\/schema\\\/person\\\/c3ae0c10a19a6067a617804bb8bc64a7\"},\"headline\":\"Hochzeit in Salzburg &#8211; Feature bei Weddingbible\",\"datePublished\":\"2018-10-19T06:07:01+00:00\",\"dateModified\":\"2023-07-22T08:34:13+00:00\",\"mainEntityOfPage\":{\"@id\":\"https:\\\/\\\/www.annamardo.de\\\/hochzeit-salzburg\\\/\"},\"wordCount\":67,\"commentCount\":0,\"publisher\":{\"@id\":\"https:\\\/\\\/www.annamardo.de\\\/#organization\"},\"image\":{\"@id\":\"https:\\\/\\\/www.annamardo.de\\\/hochzeit-salzburg\\\/#primaryimage\"},\"thumbnailUrl\":\"https:\\\/\\\/www.annamardo.de\\\/wp-content\\\/uploads\\\/2018\\\/10\\\/Bildschirmfoto-2018-10-19-um-07.57.36.png\",\"keywords\":[\"Hochzeitsfotograf\",\"Weddingbible\"],\"articleSection\":[\"Hochzeit\"],\"inLanguage\":\"en-US\",\"potentialAction\":[{\"@type\":\"CommentAction\",\"name\":\"Comment\",\"target\":[\"https:\\\/\\\/www.annamardo.de\\\/hochzeit-salzburg\\\/#respond\"]}]},{\"@type\":\"WebPage\",\"@id\":\"https:\\\/\\\/www.annamardo.de\\\/hochzeit-salzburg\\\/\",\"url\":\"https:\\\/\\\/www.annamardo.de\\\/hochzeit-salzburg\\\/\",\"name\":\"Hochzeit Salzburg - Feature auf Weddingbible\",\"isPartOf\":{\"@id\":\"https:\\\/\\\/www.annamardo.de\\\/#website\"},\"primaryImageOfPage\":{\"@id\":\"https:\\\/\\\/www.annamardo.de\\\/hochzeit-salzburg\\\/#primaryimage\"},\"image\":{\"@id\":\"https:\\\/\\\/www.annamardo.de\\\/hochzeit-salzburg\\\/#primaryimage\"},\"thumbnailUrl\":\"https:\\\/\\\/www.annamardo.de\\\/wp-content\\\/uploads\\\/2018\\\/10\\\/Bildschirmfoto-2018-10-19-um-07.57.36.png\",\"datePublished\":\"2018-10-19T06:07:01+00:00\",\"dateModified\":\"2023-07-22T08:34:13+00:00\",\"description\":\"Danke an weddingbible Hochzeitsblog f\u00fcr das tolle Feature dieser Salzburg Hochzeit.\",\"breadcrumb\":{\"@id\":\"https:\\\/\\\/www.annamardo.de\\\/hochzeit-salzburg\\\/#breadcrumb\"},\"inLanguage\":\"en-US\",\"potentialAction\":[{\"@type\":\"ReadAction\",\"target\":[\"https:\\\/\\\/www.annamardo.de\\\/hochzeit-salzburg\\\/\"]}]},{\"@type\":\"ImageObject\",\"inLanguage\":\"en-US\",\"@id\":\"https:\\\/\\\/www.annamardo.de\\\/hochzeit-salzburg\\\/#primaryimage\",\"url\":\"https:\\\/\\\/www.annamardo.de\\\/wp-content\\\/uploads\\\/2018\\\/10\\\/Bildschirmfoto-2018-10-19-um-07.57.36.png\",\"contentUrl\":\"https:\\\/\\\/www.annamardo.de\\\/wp-content\\\/uploads\\\/2018\\\/10\\\/Bildschirmfoto-2018-10-19-um-07.57.36.png\",\"width\":946,\"height\":831},{\"@type\":\"BreadcrumbList\",\"@id\":\"https:\\\/\\\/www.annamardo.de\\\/hochzeit-salzburg\\\/#breadcrumb\",\"itemListElement\":[{\"@type\":\"ListItem\",\"position\":1,\"name\":\"Startseite\",\"item\":\"https:\\\/\\\/www.annamardo.de\\\/en\\\/\"},{\"@type\":\"ListItem\",\"position\":2,\"name\":\"Hochzeit in Salzburg &#8211; Feature bei Weddingbible\"}]},{\"@type\":\"WebSite\",\"@id\":\"https:\\\/\\\/www.annamardo.de\\\/#website\",\"url\":\"https:\\\/\\\/www.annamardo.de\\\/\",\"name\":\"Anna Mardo Hochzeitsfotografie\",\"description\":\"Berghochzeiten &amp; Hochzeiten im Oberland\",\"publisher\":{\"@id\":\"https:\\\/\\\/www.annamardo.de\\\/#organization\"},\"potentialAction\":[{\"@type\":\"SearchAction\",\"target\":{\"@type\":\"EntryPoint\",\"urlTemplate\":\"https:\\\/\\\/www.annamardo.de\\\/?s={search_term_string}\"},\"query-input\":{\"@type\":\"PropertyValueSpecification\",\"valueRequired\":true,\"valueName\":\"search_term_string\"}}],\"inLanguage\":\"en-US\"},{\"@type\":\"Organization\",\"@id\":\"https:\\\/\\\/www.annamardo.de\\\/#organization\",\"name\":\"Anna Mardo Hochzeitsfotografie\",\"url\":\"https:\\\/\\\/www.annamardo.de\\\/\",\"logo\":{\"@type\":\"ImageObject\",\"inLanguage\":\"en-US\",\"@id\":\"https:\\\/\\\/www.annamardo.de\\\/#\\\/schema\\\/logo\\\/image\\\/\",\"url\":\"https:\\\/\\\/www.annamardo.de\\\/wp-content\\\/uploads\\\/2021\\\/12\\\/Logo_Anna_Mardo_berghochzeiten.png\",\"contentUrl\":\"https:\\\/\\\/www.annamardo.de\\\/wp-content\\\/uploads\\\/2021\\\/12\\\/Logo_Anna_Mardo_berghochzeiten.png\",\"width\":1000,\"height\":655,\"caption\":\"Anna Mardo Hochzeitsfotografie\"},\"image\":{\"@id\":\"https:\\\/\\\/www.annamardo.de\\\/#\\\/schema\\\/logo\\\/image\\\/\"},\"sameAs\":[\"https:\\\/\\\/www.facebook.com\\\/AnnaMardoHochzeitsfotografie\\\/\",\"https:\\\/\\\/www.instagram.com\\\/annamardo\\\/\"]},{\"@type\":\"Person\",\"@id\":\"https:\\\/\\\/www.annamardo.de\\\/#\\\/schema\\\/person\\\/c3ae0c10a19a6067a617804bb8bc64a7\",\"name\":\"Anna Mardo\",\"description\":\"Fotografin f\u00fcr Berghochzeiten\",\"sameAs\":[\"https:\\\/\\\/www.annamardo.de\",\"https:\\\/\\\/www.facebook.com\\\/AnnaMardoHochzeitsfotografie\\\/\",\"https:\\\/\\\/www.instagram.com\\\/annamardo\\\/\",\"https:\\\/\\\/de.pinterest.com\\\/annamardo\"],\"url\":\"https:\\\/\\\/www.annamardo.de\\\/en\\\/author\\\/antje210\\\/\"}]}<\/script>\n<!-- \/ Yoast SEO plugin. -->","yoast_head_json":{"title":"Hochzeit Salzburg - Feature auf Weddingbible","description":"Danke an weddingbible Hochzeitsblog f\u00fcr das tolle Feature dieser Salzburg Hochzeit.","robots":{"index":"index","follow":"follow","max-snippet":"max-snippet:-1","max-image-preview":"max-image-preview:large","max-video-preview":"max-video-preview:-1"},"canonical":"https:\/\/www.annamardo.de\/hochzeit-salzburg\/","og_locale":"en_US","og_type":"article","og_title":"Hochzeit Salzburg - Feature auf Weddingbible","og_description":"Danke an weddingbible Hochzeitsblog f\u00fcr das tolle Feature dieser Salzburg Hochzeit.","og_url":"https:\/\/www.annamardo.de\/hochzeit-salzburg\/","og_site_name":"Anna Mardo Hochzeitsfotografie","article_publisher":"https:\/\/www.facebook.com\/AnnaMardoHochzeitsfotografie\/","article_author":"https:\/\/www.facebook.com\/AnnaMardoHochzeitsfotografie\/","article_published_time":"2018-10-19T06:07:01+00:00","article_modified_time":"2023-07-22T08:34:13+00:00","og_image":[{"width":946,"height":831,"url":"https:\/\/www.annamardo.de\/wp-content\/uploads\/2018\/10\/Bildschirmfoto-2018-10-19-um-07.57.36.png","type":"image\/png"}],"author":"Anna Mardo","twitter_card":"summary_large_image","twitter_misc":{"Written by":"Anna Mardo","Est. reading time":"1 minute"},"schema":{"@context":"https:\/\/schema.org","@graph":[{"@type":"Article","@id":"https:\/\/www.annamardo.de\/hochzeit-salzburg\/#article","isPartOf":{"@id":"https:\/\/www.annamardo.de\/hochzeit-salzburg\/"},"author":{"name":"Anna Mardo","@id":"https:\/\/www.annamardo.de\/#\/schema\/person\/c3ae0c10a19a6067a617804bb8bc64a7"},"headline":"Hochzeit in Salzburg &#8211; Feature bei Weddingbible","datePublished":"2018-10-19T06:07:01+00:00","dateModified":"2023-07-22T08:34:13+00:00","mainEntityOfPage":{"@id":"https:\/\/www.annamardo.de\/hochzeit-salzburg\/"},"wordCount":67,"commentCount":0,"publisher":{"@id":"https:\/\/www.annamardo.de\/#organization"},"image":{"@id":"https:\/\/www.annamardo.de\/hochzeit-salzburg\/#primaryimage"},"thumbnailUrl":"https:\/\/www.annamardo.de\/wp-content\/uploads\/2018\/10\/Bildschirmfoto-2018-10-19-um-07.57.36.png","keywords":["Hochzeitsfotograf","Weddingbible"],"articleSection":["Hochzeit"],"inLanguage":"en-US","potentialAction":[{"@type":"CommentAction","name":"Comment","target":["https:\/\/www.annamardo.de\/hochzeit-salzburg\/#respond"]}]},{"@type":"WebPage","@id":"https:\/\/www.annamardo.de\/hochzeit-salzburg\/","url":"https:\/\/www.annamardo.de\/hochzeit-salzburg\/","name":"Hochzeit Salzburg - Feature auf Weddingbible","isPartOf":{"@id":"https:\/\/www.annamardo.de\/#website"},"primaryImageOfPage":{"@id":"https:\/\/www.annamardo.de\/hochzeit-salzburg\/#primaryimage"},"image":{"@id":"https:\/\/www.annamardo.de\/hochzeit-salzburg\/#primaryimage"},"thumbnailUrl":"https:\/\/www.annamardo.de\/wp-content\/uploads\/2018\/10\/Bildschirmfoto-2018-10-19-um-07.57.36.png","datePublished":"2018-10-19T06:07:01+00:00","dateModified":"2023-07-22T08:34:13+00:00","description":"Danke an weddingbible Hochzeitsblog f\u00fcr das tolle Feature dieser Salzburg Hochzeit.","breadcrumb":{"@id":"https:\/\/www.annamardo.de\/hochzeit-salzburg\/#breadcrumb"},"inLanguage":"en-US","potentialAction":[{"@type":"ReadAction","target":["https:\/\/www.annamardo.de\/hochzeit-salzburg\/"]}]},{"@type":"ImageObject","inLanguage":"en-US","@id":"https:\/\/www.annamardo.de\/hochzeit-salzburg\/#primaryimage","url":"https:\/\/www.annamardo.de\/wp-content\/uploads\/2018\/10\/Bildschirmfoto-2018-10-19-um-07.57.36.png","contentUrl":"https:\/\/www.annamardo.de\/wp-content\/uploads\/2018\/10\/Bildschirmfoto-2018-10-19-um-07.57.36.png","width":946,"height":831},{"@type":"BreadcrumbList","@id":"https:\/\/www.annamardo.de\/hochzeit-salzburg\/#breadcrumb","itemListElement":[{"@type":"ListItem","position":1,"name":"Startseite","item":"https:\/\/www.annamardo.de\/en\/"},{"@type":"ListItem","position":2,"name":"Hochzeit in Salzburg &#8211; Feature bei Weddingbible"}]},{"@type":"WebSite","@id":"https:\/\/www.annamardo.de\/#website","url":"https:\/\/www.annamardo.de\/","name":"Anna Mardo Hochzeitsfotografie","description":"Berghochzeiten &amp; Hochzeiten im Oberland","publisher":{"@id":"https:\/\/www.annamardo.de\/#organization"},"potentialAction":[{"@type":"SearchAction","target":{"@type":"EntryPoint","urlTemplate":"https:\/\/www.annamardo.de\/?s={search_term_string}"},"query-input":{"@type":"PropertyValueSpecification","valueRequired":true,"valueName":"search_term_string"}}],"inLanguage":"en-US"},{"@type":"Organization","@id":"https:\/\/www.annamardo.de\/#organization","name":"Anna Mardo Hochzeitsfotografie","url":"https:\/\/www.annamardo.de\/","logo":{"@type":"ImageObject","inLanguage":"en-US","@id":"https:\/\/www.annamardo.de\/#\/schema\/logo\/image\/","url":"https:\/\/www.annamardo.de\/wp-content\/uploads\/2021\/12\/Logo_Anna_Mardo_berghochzeiten.png","contentUrl":"https:\/\/www.annamardo.de\/wp-content\/uploads\/2021\/12\/Logo_Anna_Mardo_berghochzeiten.png","width":1000,"height":655,"caption":"Anna Mardo Hochzeitsfotografie"},"image":{"@id":"https:\/\/www.annamardo.de\/#\/schema\/logo\/image\/"},"sameAs":["https:\/\/www.facebook.com\/AnnaMardoHochzeitsfotografie\/","https:\/\/www.instagram.com\/annamardo\/"]},{"@type":"Person","@id":"https:\/\/www.annamardo.de\/#\/schema\/person\/c3ae0c10a19a6067a617804bb8bc64a7","name":"Anna Mardo","description":"Fotografin f\u00fcr Berghochzeiten","sameAs":["https:\/\/www.annamardo.de","https:\/\/www.facebook.com\/AnnaMardoHochzeitsfotografie\/","https:\/\/www.instagram.com\/annamardo\/","https:\/\/de.pinterest.com\/annamardo"],"url":"https:\/\/www.annamardo.de\/en\/author\/antje210\/"}]}},"_links":{"self":[{"href":"https:\/\/www.annamardo.de\/en\/wp-json\/wp\/v2\/posts\/7710","targetHints":{"allow":["GET"]}}],"collection":[{"href":"https:\/\/www.annamardo.de\/en\/wp-json\/wp\/v2\/posts"}],"about":[{"href":"https:\/\/www.annamardo.de\/en\/wp-json\/wp\/v2\/types\/post"}],"author":[{"embeddable":true,"href":"https:\/\/www.annamardo.de\/en\/wp-json\/wp\/v2\/users\/1"}],"replies":[{"embeddable":true,"href":"https:\/\/www.annamardo.de\/en\/wp-json\/wp\/v2\/comments?post=7710"}],"version-history":[{"count":4,"href":"https:\/\/www.annamardo.de\/en\/wp-json\/wp\/v2\/posts\/7710\/revisions"}],"predecessor-version":[{"id":20853,"href":"https:\/\/www.annamardo.de\/en\/wp-json\/wp\/v2\/posts\/7710\/revisions\/20853"}],"wp:featuredmedia":[{"embeddable":true,"href":"https:\/\/www.annamardo.de\/en\/wp-json\/wp\/v2\/media\/7713"}],"wp:attachment":[{"href":"https:\/\/www.annamardo.de\/en\/wp-json\/wp\/v2\/media?parent=7710"}],"wp:term":[{"taxonomy":"category","embeddable":true,"href":"https:\/\/www.annamardo.de\/en\/wp-json\/wp\/v2\/categories?post=7710"},{"taxonomy":"post_tag","embeddable":true,"href":"https:\/\/www.annamardo.de\/en\/wp-json\/wp\/v2\/tags?post=7710"}],"curies":[{"name":"wp","href":"https:\/\/api.w.org\/{rel}","templated":true}]}}