{"id":24086,"date":"2024-02-12T06:00:00","date_gmt":"2024-02-12T05:00:00","guid":{"rendered":"https:\/\/www.annamardo.de\/hochzeitsfotograf-fuessen\/"},"modified":"2025-02-12T16:31:39","modified_gmt":"2025-02-12T15:31:39","slug":"wedding-photographer-fuessen","status":"publish","type":"post","link":"https:\/\/www.annamardo.de\/en\/wedding-photographer-fuessen\/","title":{"rendered":"Wedding at the registry office F\u00fcssen &#8211; Wedding photographer F\u00fcssen"},"content":{"rendered":"\n<p>The registry office in the town hall in F\u00fcssen is a sight to behold. The town of F\u00fcssen has also recognized this and advertises with the slogan \u201cF\u00fcrstlich heiraten\u201d. As a wedding photographer, I am often in F\u00fcssen and am delighted when I am able to accompany a bridal couple at their civil wedding here in the former St. Mang monastery in F\u00fcssen&#8217;s old town. There are various rooms for civil weddings here. For example, the historic wedding hall or the baroque Kaisersaal. Did you know that it is also possible to hold free wedding ceremonies on the roof terrace of the Festspielhaus? Pretty cool.<\/p>\n\n\n\n<figure class=\"wp-block-image size-full\"><img loading=\"lazy\" decoding=\"async\" width=\"1500\" height=\"1000\" src=\"https:\/\/www.annamardo.de\/wp-content\/uploads\/2024\/02\/Hochzeitsfotograf-Fuessen-Standesamt-005.jpg\" alt=\"Hochzeit im Standesamt F\u00fcssen\" class=\"wp-image-22596\" srcset=\"https:\/\/www.annamardo.de\/wp-content\/uploads\/2024\/02\/Hochzeitsfotograf-Fuessen-Standesamt-005.jpg 1500w, https:\/\/www.annamardo.de\/wp-content\/uploads\/2024\/02\/Hochzeitsfotograf-Fuessen-Standesamt-005-300x200.jpg 300w, https:\/\/www.annamardo.de\/wp-content\/uploads\/2024\/02\/Hochzeitsfotograf-Fuessen-Standesamt-005-768x512.jpg 768w\" sizes=\"auto, (max-width: 1500px) 100vw, 1500px\" \/><\/figure>\n\n\n\n<h2 class=\"wp-block-heading\">Wedding at the registry office in F\u00fcssen<\/h2>\n\n\n\n<p>But now lets talk about my wedding couple. It was a rainy fall day. They decided to get married just the two of them. The registrar and I were the only witnesses, so to speak. It was a very intimate atmosphere and for me as a photographer this is always something very special. The ceremony took place in the conference room. It seemed a little empty, but the couple only had eyes for each other anyway.<\/p>\n\n\n\n<figure class=\"wp-block-image size-full\"><img loading=\"lazy\" decoding=\"async\" width=\"1500\" height=\"1000\" src=\"https:\/\/www.annamardo.de\/wp-content\/uploads\/2024\/02\/Standesamt-Fuessen.jpg\" alt=\"Standesamt F\u00fcssen\" class=\"wp-image-22604\" srcset=\"https:\/\/www.annamardo.de\/wp-content\/uploads\/2024\/02\/Standesamt-Fuessen.jpg 1500w, https:\/\/www.annamardo.de\/wp-content\/uploads\/2024\/02\/Standesamt-Fuessen-300x200.jpg 300w, https:\/\/www.annamardo.de\/wp-content\/uploads\/2024\/02\/Standesamt-Fuessen-768x512.jpg 768w\" sizes=\"auto, (max-width: 1500px) 100vw, 1500px\" \/><\/figure>\n\n\n\n<div class=\"wp-block-columns is-layout-flex wp-container-core-columns-is-layout-9d6595d7 wp-block-columns-is-layout-flex\">\n<div class=\"wp-block-column is-layout-flow wp-block-column-is-layout-flow\">\n<figure class=\"wp-block-image size-full\"><img loading=\"lazy\" decoding=\"async\" width=\"1500\" height=\"2250\" src=\"https:\/\/www.annamardo.de\/wp-content\/uploads\/2024\/02\/Hochzeitsfotograf-Fuessen-Standesamt-001.jpg\" alt=\"Hochzeitsfotograf im Standesamt F\u00fcssen\" class=\"wp-image-22598\" srcset=\"https:\/\/www.annamardo.de\/wp-content\/uploads\/2024\/02\/Hochzeitsfotograf-Fuessen-Standesamt-001.jpg 1500w, https:\/\/www.annamardo.de\/wp-content\/uploads\/2024\/02\/Hochzeitsfotograf-Fuessen-Standesamt-001-200x300.jpg 200w, https:\/\/www.annamardo.de\/wp-content\/uploads\/2024\/02\/Hochzeitsfotograf-Fuessen-Standesamt-001-1000x1500.jpg 1000w, https:\/\/www.annamardo.de\/wp-content\/uploads\/2024\/02\/Hochzeitsfotograf-Fuessen-Standesamt-001-768x1152.jpg 768w, https:\/\/www.annamardo.de\/wp-content\/uploads\/2024\/02\/Hochzeitsfotograf-Fuessen-Standesamt-001-1024x1536.jpg 1024w, https:\/\/www.annamardo.de\/wp-content\/uploads\/2024\/02\/Hochzeitsfotograf-Fuessen-Standesamt-001-1365x2048.jpg 1365w\" sizes=\"auto, (max-width: 1500px) 100vw, 1500px\" \/><\/figure>\n<\/div>\n\n\n\n<div class=\"wp-block-column is-layout-flow wp-block-column-is-layout-flow\">\n<figure class=\"wp-block-image size-full\"><img loading=\"lazy\" decoding=\"async\" width=\"1500\" height=\"2250\" src=\"https:\/\/www.annamardo.de\/wp-content\/uploads\/2024\/02\/Hochzeitsfotograf-Fuessen-Standesamt-009.jpg\" alt=\"Hochzeitsfotograf im Standesamt F\u00fcssen\" class=\"wp-image-22600\" srcset=\"https:\/\/www.annamardo.de\/wp-content\/uploads\/2024\/02\/Hochzeitsfotograf-Fuessen-Standesamt-009.jpg 1500w, https:\/\/www.annamardo.de\/wp-content\/uploads\/2024\/02\/Hochzeitsfotograf-Fuessen-Standesamt-009-200x300.jpg 200w, https:\/\/www.annamardo.de\/wp-content\/uploads\/2024\/02\/Hochzeitsfotograf-Fuessen-Standesamt-009-1000x1500.jpg 1000w, https:\/\/www.annamardo.de\/wp-content\/uploads\/2024\/02\/Hochzeitsfotograf-Fuessen-Standesamt-009-768x1152.jpg 768w, https:\/\/www.annamardo.de\/wp-content\/uploads\/2024\/02\/Hochzeitsfotograf-Fuessen-Standesamt-009-1024x1536.jpg 1024w, https:\/\/www.annamardo.de\/wp-content\/uploads\/2024\/02\/Hochzeitsfotograf-Fuessen-Standesamt-009-1365x2048.jpg 1365w\" sizes=\"auto, (max-width: 1500px) 100vw, 1500px\" \/><\/figure>\n<\/div>\n\n\n\n<div class=\"wp-block-column is-layout-flow wp-block-column-is-layout-flow\">\n<figure class=\"wp-block-image size-full\"><img loading=\"lazy\" decoding=\"async\" width=\"1500\" height=\"2250\" src=\"https:\/\/www.annamardo.de\/wp-content\/uploads\/2024\/02\/Rathaus-Fuessen.jpg\" alt=\"Hochzeitsfotograf im Standesamt F\u00fcssen\" class=\"wp-image-22602\" srcset=\"https:\/\/www.annamardo.de\/wp-content\/uploads\/2024\/02\/Rathaus-Fuessen.jpg 1500w, https:\/\/www.annamardo.de\/wp-content\/uploads\/2024\/02\/Rathaus-Fuessen-200x300.jpg 200w, https:\/\/www.annamardo.de\/wp-content\/uploads\/2024\/02\/Rathaus-Fuessen-1000x1500.jpg 1000w, https:\/\/www.annamardo.de\/wp-content\/uploads\/2024\/02\/Rathaus-Fuessen-768x1152.jpg 768w, https:\/\/www.annamardo.de\/wp-content\/uploads\/2024\/02\/Rathaus-Fuessen-1024x1536.jpg 1024w, https:\/\/www.annamardo.de\/wp-content\/uploads\/2024\/02\/Rathaus-Fuessen-1365x2048.jpg 1365w\" sizes=\"auto, (max-width: 1500px) 100vw, 1500px\" \/><\/figure>\n<\/div>\n<\/div>\n\n\n\n<figure class=\"wp-block-image size-full\"><img loading=\"lazy\" decoding=\"async\" width=\"1500\" height=\"1000\" src=\"https:\/\/www.annamardo.de\/wp-content\/uploads\/2024\/02\/Trauung-Standesamt-Fuessen.jpg\" alt=\"Standesamt F\u00fcssen\" class=\"wp-image-22606\" srcset=\"https:\/\/www.annamardo.de\/wp-content\/uploads\/2024\/02\/Trauung-Standesamt-Fuessen.jpg 1500w, https:\/\/www.annamardo.de\/wp-content\/uploads\/2024\/02\/Trauung-Standesamt-Fuessen-300x200.jpg 300w, https:\/\/www.annamardo.de\/wp-content\/uploads\/2024\/02\/Trauung-Standesamt-Fuessen-768x512.jpg 768w\" sizes=\"auto, (max-width: 1500px) 100vw, 1500px\" \/><\/figure>\n\n\n\n<div class=\"wp-block-columns is-layout-flex wp-container-core-columns-is-layout-9d6595d7 wp-block-columns-is-layout-flex\">\n<div class=\"wp-block-column is-layout-flow wp-block-column-is-layout-flow\">\n<figure class=\"wp-block-image size-full\"><img loading=\"lazy\" decoding=\"async\" width=\"1500\" height=\"1000\" src=\"https:\/\/www.annamardo.de\/wp-content\/uploads\/2024\/02\/Hochzeitsfotograf-Fuessen-Standesamt-010.jpg\" alt=\"Rathaus F\u00fcssen Hochzeit\" class=\"wp-image-22608\" srcset=\"https:\/\/www.annamardo.de\/wp-content\/uploads\/2024\/02\/Hochzeitsfotograf-Fuessen-Standesamt-010.jpg 1500w, https:\/\/www.annamardo.de\/wp-content\/uploads\/2024\/02\/Hochzeitsfotograf-Fuessen-Standesamt-010-300x200.jpg 300w, https:\/\/www.annamardo.de\/wp-content\/uploads\/2024\/02\/Hochzeitsfotograf-Fuessen-Standesamt-010-768x512.jpg 768w\" sizes=\"auto, (max-width: 1500px) 100vw, 1500px\" \/><\/figure>\n<\/div>\n\n\n\n<div class=\"wp-block-column is-layout-flow wp-block-column-is-layout-flow\">\n<figure class=\"wp-block-image size-full\"><img loading=\"lazy\" decoding=\"async\" width=\"1500\" height=\"1000\" src=\"https:\/\/www.annamardo.de\/wp-content\/uploads\/2024\/02\/Hochzeitsfotograf-Fuessen-Standesamt-012.jpg\" alt=\"Rathaus F\u00fcssen Hochzeit\" class=\"wp-image-22610\" srcset=\"https:\/\/www.annamardo.de\/wp-content\/uploads\/2024\/02\/Hochzeitsfotograf-Fuessen-Standesamt-012.jpg 1500w, https:\/\/www.annamardo.de\/wp-content\/uploads\/2024\/02\/Hochzeitsfotograf-Fuessen-Standesamt-012-300x200.jpg 300w, https:\/\/www.annamardo.de\/wp-content\/uploads\/2024\/02\/Hochzeitsfotograf-Fuessen-Standesamt-012-768x512.jpg 768w\" sizes=\"auto, (max-width: 1500px) 100vw, 1500px\" \/><\/figure>\n<\/div>\n<\/div>\n\n\n\n<h2 class=\"wp-block-heading\">Wedding photographer F\u00fcssen &#8211; Bridal couple shooting in the monastery library<\/h2>\n\n\n\n<p>After a emotional wedding ceremony, the three of us walked across the courtyard towards the monastery library. This is part of the museum of the town of F\u00fcssen and wedding couples are allowed to use the historic hall for photos. A real gem! Fortunately, there wasn&#8217;t much going on and we were able to take photos to our hearts&#8217; content. It was also a great plan B due to the uncertain weather. I think the pictures speak for themselves.<\/p>\n\n\n\n<figure class=\"wp-block-image size-full\"><img loading=\"lazy\" decoding=\"async\" width=\"1500\" height=\"1000\" src=\"https:\/\/www.annamardo.de\/wp-content\/uploads\/2024\/02\/Hochzeitsfotos-Fuessen.jpg\" alt=\"\" class=\"wp-image-22612\" srcset=\"https:\/\/www.annamardo.de\/wp-content\/uploads\/2024\/02\/Hochzeitsfotos-Fuessen.jpg 1500w, https:\/\/www.annamardo.de\/wp-content\/uploads\/2024\/02\/Hochzeitsfotos-Fuessen-300x200.jpg 300w, https:\/\/www.annamardo.de\/wp-content\/uploads\/2024\/02\/Hochzeitsfotos-Fuessen-768x512.jpg 768w\" sizes=\"auto, (max-width: 1500px) 100vw, 1500px\" \/><\/figure>\n\n\n\n<div class=\"wp-block-columns is-layout-flex wp-container-core-columns-is-layout-9d6595d7 wp-block-columns-is-layout-flex\">\n<div class=\"wp-block-column is-layout-flow wp-block-column-is-layout-flow\">\n<figure class=\"wp-block-image size-full\"><img loading=\"lazy\" decoding=\"async\" width=\"1500\" height=\"2250\" src=\"https:\/\/www.annamardo.de\/wp-content\/uploads\/2024\/02\/Hochzeitsfotograf-Fuessen-Standesamt-015.jpg\" alt=\"Brautpaarshooting in der historischen Klosterbibliothek\" class=\"wp-image-22614\" srcset=\"https:\/\/www.annamardo.de\/wp-content\/uploads\/2024\/02\/Hochzeitsfotograf-Fuessen-Standesamt-015.jpg 1500w, https:\/\/www.annamardo.de\/wp-content\/uploads\/2024\/02\/Hochzeitsfotograf-Fuessen-Standesamt-015-200x300.jpg 200w, https:\/\/www.annamardo.de\/wp-content\/uploads\/2024\/02\/Hochzeitsfotograf-Fuessen-Standesamt-015-1000x1500.jpg 1000w, https:\/\/www.annamardo.de\/wp-content\/uploads\/2024\/02\/Hochzeitsfotograf-Fuessen-Standesamt-015-768x1152.jpg 768w, https:\/\/www.annamardo.de\/wp-content\/uploads\/2024\/02\/Hochzeitsfotograf-Fuessen-Standesamt-015-1024x1536.jpg 1024w, https:\/\/www.annamardo.de\/wp-content\/uploads\/2024\/02\/Hochzeitsfotograf-Fuessen-Standesamt-015-1365x2048.jpg 1365w\" sizes=\"auto, (max-width: 1500px) 100vw, 1500px\" \/><\/figure>\n<\/div>\n\n\n\n<div class=\"wp-block-column is-layout-flow wp-block-column-is-layout-flow\">\n<figure class=\"wp-block-image size-full\"><img loading=\"lazy\" decoding=\"async\" width=\"1500\" height=\"2250\" src=\"https:\/\/www.annamardo.de\/wp-content\/uploads\/2024\/02\/Hochzeitsfotograf-Fuessen-Standesamt-029.jpg\" alt=\"Brautpaarshooting in der historischen Klosterbibliothek\" class=\"wp-image-22616\" srcset=\"https:\/\/www.annamardo.de\/wp-content\/uploads\/2024\/02\/Hochzeitsfotograf-Fuessen-Standesamt-029.jpg 1500w, https:\/\/www.annamardo.de\/wp-content\/uploads\/2024\/02\/Hochzeitsfotograf-Fuessen-Standesamt-029-200x300.jpg 200w, https:\/\/www.annamardo.de\/wp-content\/uploads\/2024\/02\/Hochzeitsfotograf-Fuessen-Standesamt-029-1000x1500.jpg 1000w, https:\/\/www.annamardo.de\/wp-content\/uploads\/2024\/02\/Hochzeitsfotograf-Fuessen-Standesamt-029-768x1152.jpg 768w, https:\/\/www.annamardo.de\/wp-content\/uploads\/2024\/02\/Hochzeitsfotograf-Fuessen-Standesamt-029-1024x1536.jpg 1024w, https:\/\/www.annamardo.de\/wp-content\/uploads\/2024\/02\/Hochzeitsfotograf-Fuessen-Standesamt-029-1365x2048.jpg 1365w\" sizes=\"auto, (max-width: 1500px) 100vw, 1500px\" \/><\/figure>\n<\/div>\n\n\n\n<div class=\"wp-block-column is-layout-flow wp-block-column-is-layout-flow\">\n<figure class=\"wp-block-image size-large\"><img loading=\"lazy\" decoding=\"async\" width=\"1000\" height=\"1500\" src=\"https:\/\/www.annamardo.de\/wp-content\/uploads\/2024\/02\/Fotograf-Hochzeit-Fuessen-1000x1500.jpg\" alt=\"Brautpaarshooting in der historischen Klosterbibliothek\" class=\"wp-image-22618\" srcset=\"https:\/\/www.annamardo.de\/wp-content\/uploads\/2024\/02\/Fotograf-Hochzeit-Fuessen-1000x1500.jpg 1000w, https:\/\/www.annamardo.de\/wp-content\/uploads\/2024\/02\/Fotograf-Hochzeit-Fuessen-200x300.jpg 200w, https:\/\/www.annamardo.de\/wp-content\/uploads\/2024\/02\/Fotograf-Hochzeit-Fuessen-768x1152.jpg 768w, https:\/\/www.annamardo.de\/wp-content\/uploads\/2024\/02\/Fotograf-Hochzeit-Fuessen-1024x1536.jpg 1024w, https:\/\/www.annamardo.de\/wp-content\/uploads\/2024\/02\/Fotograf-Hochzeit-Fuessen-1365x2048.jpg 1365w, https:\/\/www.annamardo.de\/wp-content\/uploads\/2024\/02\/Fotograf-Hochzeit-Fuessen.jpg 1500w\" sizes=\"auto, (max-width: 1000px) 100vw, 1000px\" \/><\/figure>\n<\/div>\n<\/div>\n\n\n\n<figure class=\"wp-block-image size-full\"><img loading=\"lazy\" decoding=\"async\" width=\"1500\" height=\"1000\" src=\"https:\/\/www.annamardo.de\/wp-content\/uploads\/2024\/02\/Klosterbibliothek-Fuessen-Hochzeit-1.jpg\" alt=\"Fotograf Hochzeit F\u00fcssen\" class=\"wp-image-22622\" srcset=\"https:\/\/www.annamardo.de\/wp-content\/uploads\/2024\/02\/Klosterbibliothek-Fuessen-Hochzeit-1.jpg 1500w, https:\/\/www.annamardo.de\/wp-content\/uploads\/2024\/02\/Klosterbibliothek-Fuessen-Hochzeit-1-300x200.jpg 300w, https:\/\/www.annamardo.de\/wp-content\/uploads\/2024\/02\/Klosterbibliothek-Fuessen-Hochzeit-1-768x512.jpg 768w\" sizes=\"auto, (max-width: 1500px) 100vw, 1500px\" \/><\/figure>\n\n\n<div class=\"wp-block-image\">\n<figure class=\"aligncenter size-full\"><img loading=\"lazy\" decoding=\"async\" width=\"1500\" height=\"2250\" src=\"https:\/\/www.annamardo.de\/wp-content\/uploads\/2024\/02\/Hochzeitsfotograf-Fuessen-Standesamt-034.jpg\" alt=\"Hochzeitsfotografie in F\u00fcssen\" class=\"wp-image-22624\" srcset=\"https:\/\/www.annamardo.de\/wp-content\/uploads\/2024\/02\/Hochzeitsfotograf-Fuessen-Standesamt-034.jpg 1500w, https:\/\/www.annamardo.de\/wp-content\/uploads\/2024\/02\/Hochzeitsfotograf-Fuessen-Standesamt-034-200x300.jpg 200w, https:\/\/www.annamardo.de\/wp-content\/uploads\/2024\/02\/Hochzeitsfotograf-Fuessen-Standesamt-034-1000x1500.jpg 1000w, https:\/\/www.annamardo.de\/wp-content\/uploads\/2024\/02\/Hochzeitsfotograf-Fuessen-Standesamt-034-768x1152.jpg 768w, https:\/\/www.annamardo.de\/wp-content\/uploads\/2024\/02\/Hochzeitsfotograf-Fuessen-Standesamt-034-1024x1536.jpg 1024w, https:\/\/www.annamardo.de\/wp-content\/uploads\/2024\/02\/Hochzeitsfotograf-Fuessen-Standesamt-034-1365x2048.jpg 1365w\" sizes=\"auto, (max-width: 1500px) 100vw, 1500px\" \/><\/figure>\n<\/div>\n\n\n<figure class=\"wp-block-image size-full\"><img loading=\"lazy\" decoding=\"async\" width=\"1500\" height=\"1000\" src=\"https:\/\/www.annamardo.de\/wp-content\/uploads\/2024\/02\/Fotograf-Hochzeit-Fuessen-Standesamt-Trauung.jpg\" alt=\"Fotograf in F\u00fcssen\" class=\"wp-image-22626\" srcset=\"https:\/\/www.annamardo.de\/wp-content\/uploads\/2024\/02\/Fotograf-Hochzeit-Fuessen-Standesamt-Trauung.jpg 1500w, https:\/\/www.annamardo.de\/wp-content\/uploads\/2024\/02\/Fotograf-Hochzeit-Fuessen-Standesamt-Trauung-300x200.jpg 300w, https:\/\/www.annamardo.de\/wp-content\/uploads\/2024\/02\/Fotograf-Hochzeit-Fuessen-Standesamt-Trauung-768x512.jpg 768w\" sizes=\"auto, (max-width: 1500px) 100vw, 1500px\" \/><\/figure>\n\n\n\n<figure class=\"wp-block-image size-full is-resized\"><img loading=\"lazy\" decoding=\"async\" width=\"1500\" height=\"1000\" src=\"https:\/\/www.annamardo.de\/wp-content\/uploads\/2024\/02\/Hochzeitsfotograf-Fuessen-Standesamt-036.jpg\" alt=\"\" class=\"wp-image-22629\" style=\"width:1178px;height:auto\" srcset=\"https:\/\/www.annamardo.de\/wp-content\/uploads\/2024\/02\/Hochzeitsfotograf-Fuessen-Standesamt-036.jpg 1500w, https:\/\/www.annamardo.de\/wp-content\/uploads\/2024\/02\/Hochzeitsfotograf-Fuessen-Standesamt-036-300x200.jpg 300w, https:\/\/www.annamardo.de\/wp-content\/uploads\/2024\/02\/Hochzeitsfotograf-Fuessen-Standesamt-036-768x512.jpg 768w\" sizes=\"auto, (max-width: 1500px) 100vw, 1500px\" \/><\/figure>\n\n\n\n<h2 class=\"wp-block-heading\">Wedding photography at Forggensee<\/h2>\n\n\n\n<p>Anyone who follows me closely here will know that I would be pretty sad if I was in a place with mountains and couldn&#8217;t include a mountain in the picture for my wedding couple. The weather was uncertain but we still decided to go to the Forggensee. Despite the light rain and cooler temperature, my bridal couple were brave. On the shore, we captured a few beautiful pictures with mountain views and a view of Neuschwanstein. Even when it&#8217;s raining, the F\u00fcssen mountain landscape is beautiful!<\/p>\n\n\n\n<div class=\"wp-block-columns is-layout-flex wp-container-core-columns-is-layout-9d6595d7 wp-block-columns-is-layout-flex\">\n<div class=\"wp-block-column is-layout-flow wp-block-column-is-layout-flow\">\n<figure class=\"wp-block-image size-full\"><img loading=\"lazy\" decoding=\"async\" width=\"1500\" height=\"1000\" src=\"https:\/\/www.annamardo.de\/wp-content\/uploads\/2024\/02\/Hochzeitsfotograf-Fuessen-Standesamt-039.jpg\" alt=\"F\u00fcssen Hochzeit\" class=\"wp-image-22631\" srcset=\"https:\/\/www.annamardo.de\/wp-content\/uploads\/2024\/02\/Hochzeitsfotograf-Fuessen-Standesamt-039.jpg 1500w, https:\/\/www.annamardo.de\/wp-content\/uploads\/2024\/02\/Hochzeitsfotograf-Fuessen-Standesamt-039-300x200.jpg 300w, https:\/\/www.annamardo.de\/wp-content\/uploads\/2024\/02\/Hochzeitsfotograf-Fuessen-Standesamt-039-768x512.jpg 768w\" sizes=\"auto, (max-width: 1500px) 100vw, 1500px\" \/><\/figure>\n<\/div>\n\n\n\n<div class=\"wp-block-column is-layout-flow wp-block-column-is-layout-flow\">\n<figure class=\"wp-block-image size-full\"><img loading=\"lazy\" decoding=\"async\" width=\"1500\" height=\"1000\" src=\"https:\/\/www.annamardo.de\/wp-content\/uploads\/2024\/02\/Hochzeit-Neuschwanstein.jpg\" alt=\"F\u00fcssen Hochzeit\" class=\"wp-image-22635\" srcset=\"https:\/\/www.annamardo.de\/wp-content\/uploads\/2024\/02\/Hochzeit-Neuschwanstein.jpg 1500w, https:\/\/www.annamardo.de\/wp-content\/uploads\/2024\/02\/Hochzeit-Neuschwanstein-300x200.jpg 300w, https:\/\/www.annamardo.de\/wp-content\/uploads\/2024\/02\/Hochzeit-Neuschwanstein-768x512.jpg 768w\" sizes=\"auto, (max-width: 1500px) 100vw, 1500px\" \/><\/figure>\n<\/div>\n<\/div>\n\n\n\n<figure class=\"wp-block-image size-full\"><img loading=\"lazy\" decoding=\"async\" width=\"1500\" height=\"1000\" src=\"https:\/\/www.annamardo.de\/wp-content\/uploads\/2024\/02\/Hochzeitsfotograf-Fuessen-Standesamt-041.jpg\" alt=\"Hochzeitsfotograf im Allg\u00e4u\" class=\"wp-image-22633\" srcset=\"https:\/\/www.annamardo.de\/wp-content\/uploads\/2024\/02\/Hochzeitsfotograf-Fuessen-Standesamt-041.jpg 1500w, https:\/\/www.annamardo.de\/wp-content\/uploads\/2024\/02\/Hochzeitsfotograf-Fuessen-Standesamt-041-300x200.jpg 300w, https:\/\/www.annamardo.de\/wp-content\/uploads\/2024\/02\/Hochzeitsfotograf-Fuessen-Standesamt-041-768x512.jpg 768w\" sizes=\"auto, (max-width: 1500px) 100vw, 1500px\" \/><\/figure>\n\n\n\n<figure class=\"wp-block-image size-full\"><img loading=\"lazy\" decoding=\"async\" width=\"1500\" height=\"1000\" src=\"https:\/\/www.annamardo.de\/wp-content\/uploads\/2024\/02\/Hochzeitsfotograf-Fuessen-Standesamt-045.jpg\" alt=\"Hochzeitsfotograf im Allg\u00e4u\" class=\"wp-image-22637\" srcset=\"https:\/\/www.annamardo.de\/wp-content\/uploads\/2024\/02\/Hochzeitsfotograf-Fuessen-Standesamt-045.jpg 1500w, https:\/\/www.annamardo.de\/wp-content\/uploads\/2024\/02\/Hochzeitsfotograf-Fuessen-Standesamt-045-300x200.jpg 300w, https:\/\/www.annamardo.de\/wp-content\/uploads\/2024\/02\/Hochzeitsfotograf-Fuessen-Standesamt-045-768x512.jpg 768w\" sizes=\"auto, (max-width: 1500px) 100vw, 1500px\" \/><\/figure>\n\n\n\n<div class=\"wp-block-columns is-layout-flex wp-container-core-columns-is-layout-9d6595d7 wp-block-columns-is-layout-flex\">\n<div class=\"wp-block-column is-layout-flow wp-block-column-is-layout-flow\">\n<figure class=\"wp-block-image size-full\"><img loading=\"lazy\" decoding=\"async\" width=\"1500\" height=\"1000\" src=\"https:\/\/www.annamardo.de\/wp-content\/uploads\/2024\/02\/Hochzeitsfotograf-Fuessen-Standesamt-049.jpg\" alt=\"Berghochzeit F\u00fcssen\" class=\"wp-image-22639\" srcset=\"https:\/\/www.annamardo.de\/wp-content\/uploads\/2024\/02\/Hochzeitsfotograf-Fuessen-Standesamt-049.jpg 1500w, https:\/\/www.annamardo.de\/wp-content\/uploads\/2024\/02\/Hochzeitsfotograf-Fuessen-Standesamt-049-300x200.jpg 300w, https:\/\/www.annamardo.de\/wp-content\/uploads\/2024\/02\/Hochzeitsfotograf-Fuessen-Standesamt-049-768x512.jpg 768w\" sizes=\"auto, (max-width: 1500px) 100vw, 1500px\" \/><\/figure>\n<\/div>\n\n\n\n<div class=\"wp-block-column is-layout-flow wp-block-column-is-layout-flow\">\n<figure class=\"wp-block-image size-full\"><img loading=\"lazy\" decoding=\"async\" width=\"1500\" height=\"1000\" src=\"https:\/\/www.annamardo.de\/wp-content\/uploads\/2024\/02\/Hochzeit-Fuessen2.jpg\" alt=\"Brautpaarshooting in F\u00fcssen\" class=\"wp-image-22641\" srcset=\"https:\/\/www.annamardo.de\/wp-content\/uploads\/2024\/02\/Hochzeit-Fuessen2.jpg 1500w, https:\/\/www.annamardo.de\/wp-content\/uploads\/2024\/02\/Hochzeit-Fuessen2-300x200.jpg 300w, https:\/\/www.annamardo.de\/wp-content\/uploads\/2024\/02\/Hochzeit-Fuessen2-768x512.jpg 768w\" sizes=\"auto, (max-width: 1500px) 100vw, 1500px\" \/><\/figure>\n<\/div>\n<\/div>\n\n\n\n<figure class=\"wp-block-image size-full\"><img loading=\"lazy\" decoding=\"async\" width=\"1500\" height=\"1000\" src=\"https:\/\/www.annamardo.de\/wp-content\/uploads\/2024\/02\/Hochzeitsfotograf-Fuessen-Standesamt-056.jpg\" alt=\"Hochzeitsfotograf F\u00fcssen\" class=\"wp-image-22643\" srcset=\"https:\/\/www.annamardo.de\/wp-content\/uploads\/2024\/02\/Hochzeitsfotograf-Fuessen-Standesamt-056.jpg 1500w, https:\/\/www.annamardo.de\/wp-content\/uploads\/2024\/02\/Hochzeitsfotograf-Fuessen-Standesamt-056-300x200.jpg 300w, https:\/\/www.annamardo.de\/wp-content\/uploads\/2024\/02\/Hochzeitsfotograf-Fuessen-Standesamt-056-768x512.jpg 768w\" sizes=\"auto, (max-width: 1500px) 100vw, 1500px\" \/><\/figure>\n\n\n\n<div class=\"wp-block-columns is-layout-flex wp-container-core-columns-is-layout-9d6595d7 wp-block-columns-is-layout-flex\">\n<div class=\"wp-block-column is-layout-flow wp-block-column-is-layout-flow\">\n<figure class=\"wp-block-image size-full\"><img loading=\"lazy\" decoding=\"async\" width=\"1500\" height=\"1000\" src=\"https:\/\/www.annamardo.de\/wp-content\/uploads\/2024\/02\/Hochzeitsfotograf-Fuessen-Standesamt-064.jpg\" alt=\"Berghochzeit in F\u00fcssen\" class=\"wp-image-22647\" srcset=\"https:\/\/www.annamardo.de\/wp-content\/uploads\/2024\/02\/Hochzeitsfotograf-Fuessen-Standesamt-064.jpg 1500w, https:\/\/www.annamardo.de\/wp-content\/uploads\/2024\/02\/Hochzeitsfotograf-Fuessen-Standesamt-064-300x200.jpg 300w, https:\/\/www.annamardo.de\/wp-content\/uploads\/2024\/02\/Hochzeitsfotograf-Fuessen-Standesamt-064-768x512.jpg 768w\" sizes=\"auto, (max-width: 1500px) 100vw, 1500px\" \/><\/figure>\n<\/div>\n\n\n\n<div class=\"wp-block-column is-layout-flow wp-block-column-is-layout-flow\">\n<figure class=\"wp-block-image size-full\"><img loading=\"lazy\" decoding=\"async\" width=\"1500\" height=\"1000\" src=\"https:\/\/www.annamardo.de\/wp-content\/uploads\/2024\/02\/Hochzeitsfotograf-Fuessen-Standesamt-059.jpg\" alt=\"Hochzeit in den Bergen\" class=\"wp-image-22645\" srcset=\"https:\/\/www.annamardo.de\/wp-content\/uploads\/2024\/02\/Hochzeitsfotograf-Fuessen-Standesamt-059.jpg 1500w, https:\/\/www.annamardo.de\/wp-content\/uploads\/2024\/02\/Hochzeitsfotograf-Fuessen-Standesamt-059-300x200.jpg 300w, https:\/\/www.annamardo.de\/wp-content\/uploads\/2024\/02\/Hochzeitsfotograf-Fuessen-Standesamt-059-768x512.jpg 768w\" sizes=\"auto, (max-width: 1500px) 100vw, 1500px\" \/><\/figure>\n<\/div>\n<\/div>\n\n\n\n<h2 class=\"wp-block-heading\">Wedding photographer in F\u00fcssen<\/h2>\n\n\n\n<p>Are you planning your wedding in F\u00fcssen? I would be happy to accompany you at your (mountain) wedding in F\u00fcssen or in the F\u00fcssen area! I am looking forward to your message! <\/p>\n\n\n\n<h2 class=\"wp-block-heading\">You may also be interested in the following articles<\/h2>\n\n\n\n<ul class=\"wp-block-list\">\n<li><a href=\"https:\/\/www.annamardo.de\/after-wedding-neuschwanstein\/\">After Wedding Shooting in den Bergen<\/a><\/li>\n\n\n\n<li><a href=\"https:\/\/www.annamardo.de\/hochzeitslocations-allgaeu\/\">Die 33 sch\u00f6nsten Hochzeitslocations im Allg\u00e4u<\/a><\/li>\n\n\n\n<li><a href=\"https:\/\/www.annamardo.de\/hochzeitsfotograf-garmisch\/\">Hochzeitsfotograf Garmisch \u2013 Elopement Hochzeit in den Bergen<\/a><\/li>\n<\/ul>\n","protected":false},"excerpt":{"rendered":"<p>The registry office in the town hall in F\u00fcssen is a sight to behold. The town of F\u00fcssen has also recognized this and advertises with the slogan \u201cF\u00fcrstlich heiraten\u201d. As a wedding photographer, I am often in F\u00fcssen and am delighted when I am able to accompany a bridal couple at their civil wedding here&#8230;<\/p>\n","protected":false},"author":1,"featured_media":22613,"comment_status":"closed","ping_status":"open","sticky":false,"template":"","format":"standard","meta":{"_kadence_starter_templates_imported_post":false,"_kad_post_transparent":"","_kad_post_title":"","_kad_post_layout":"","_kad_post_sidebar_id":"","_kad_post_content_style":"","_kad_post_vertical_padding":"","_kad_post_feature":"","_kad_post_feature_position":"","_kad_post_header":false,"_kad_post_footer":false,"_kad_post_classname":"","footnotes":""},"categories":[664,4],"tags":[],"class_list":["post-24086","post","type-post","status-publish","format-standard","has-post-thumbnail","hentry","category-berghochzeit","category-hochzeit"],"yoast_head":"<!-- This site is optimized with the Yoast SEO plugin v27.4 - https:\/\/yoast.com\/product\/yoast-seo-wordpress\/ -->\n<title>Wedding at the registry office F\u00fcssen<\/title>\n<meta name=\"description\" content=\"A civil wedding in the town hall of F\u00fcssen with a bridal couple shoot at Forggensee &amp; in the historic monastery library. Wedding photographer F\u00fcssen.\" \/>\n<meta name=\"robots\" content=\"index, follow, max-snippet:-1, max-image-preview:large, max-video-preview:-1\" \/>\n<link rel=\"canonical\" href=\"https:\/\/www.annamardo.de\/en\/wedding-photographer-fuessen\/\" \/>\n<meta property=\"og:locale\" content=\"en_US\" \/>\n<meta property=\"og:type\" content=\"article\" \/>\n<meta property=\"og:title\" content=\"Wedding at the registry office F\u00fcssen\" \/>\n<meta property=\"og:description\" content=\"A civil wedding in the town hall of F\u00fcssen with a bridal couple shoot at Forggensee &amp; in the historic monastery library. Wedding photographer F\u00fcssen.\" \/>\n<meta property=\"og:url\" content=\"https:\/\/www.annamardo.de\/en\/wedding-photographer-fuessen\/\" \/>\n<meta property=\"og:site_name\" content=\"Anna Mardo Hochzeitsfotografie\" \/>\n<meta property=\"article:publisher\" content=\"https:\/\/www.facebook.com\/AnnaMardoHochzeitsfotografie\/\" \/>\n<meta property=\"article:author\" content=\"https:\/\/www.facebook.com\/AnnaMardoHochzeitsfotografie\/\" \/>\n<meta property=\"article:published_time\" content=\"2024-02-12T05:00:00+00:00\" \/>\n<meta property=\"article:modified_time\" content=\"2025-02-12T15:31:39+00:00\" \/>\n<meta property=\"og:image\" content=\"https:\/\/www.annamardo.de\/wp-content\/uploads\/2024\/02\/Hochzeitsfotos-Fuessen.jpg\" \/>\n\t<meta property=\"og:image:width\" content=\"1500\" \/>\n\t<meta property=\"og:image:height\" content=\"1000\" \/>\n\t<meta property=\"og:image:type\" content=\"image\/jpeg\" \/>\n<meta name=\"author\" content=\"Anna Mardo\" \/>\n<meta name=\"twitter:card\" content=\"summary_large_image\" \/>\n<meta name=\"twitter:label1\" content=\"Written by\" \/>\n\t<meta name=\"twitter:data1\" content=\"Anna Mardo\" \/>\n\t<meta name=\"twitter:label2\" content=\"Est. reading time\" \/>\n\t<meta name=\"twitter:data2\" content=\"8 minutes\" \/>\n<script type=\"application\/ld+json\" class=\"yoast-schema-graph\">{\"@context\":\"https:\\\/\\\/schema.org\",\"@graph\":[{\"@type\":\"Article\",\"@id\":\"https:\\\/\\\/www.annamardo.de\\\/en\\\/wedding-photographer-fuessen\\\/#article\",\"isPartOf\":{\"@id\":\"https:\\\/\\\/www.annamardo.de\\\/en\\\/wedding-photographer-fuessen\\\/\"},\"author\":{\"name\":\"Anna Mardo\",\"@id\":\"https:\\\/\\\/www.annamardo.de\\\/#\\\/schema\\\/person\\\/c3ae0c10a19a6067a617804bb8bc64a7\"},\"headline\":\"Wedding at the registry office F\u00fcssen &#8211; Wedding photographer F\u00fcssen\",\"datePublished\":\"2024-02-12T05:00:00+00:00\",\"dateModified\":\"2025-02-12T15:31:39+00:00\",\"mainEntityOfPage\":{\"@id\":\"https:\\\/\\\/www.annamardo.de\\\/en\\\/wedding-photographer-fuessen\\\/\"},\"wordCount\":462,\"publisher\":{\"@id\":\"https:\\\/\\\/www.annamardo.de\\\/#organization\"},\"image\":{\"@id\":\"https:\\\/\\\/www.annamardo.de\\\/en\\\/wedding-photographer-fuessen\\\/#primaryimage\"},\"thumbnailUrl\":\"https:\\\/\\\/www.annamardo.de\\\/wp-content\\\/uploads\\\/2024\\\/02\\\/Hochzeitsfotos-Fuessen.jpg\",\"articleSection\":[\"Berghochzeit\",\"Hochzeit\"],\"inLanguage\":\"en-US\"},{\"@type\":\"WebPage\",\"@id\":\"https:\\\/\\\/www.annamardo.de\\\/en\\\/wedding-photographer-fuessen\\\/\",\"url\":\"https:\\\/\\\/www.annamardo.de\\\/en\\\/wedding-photographer-fuessen\\\/\",\"name\":\"Wedding at the registry office F\u00fcssen\",\"isPartOf\":{\"@id\":\"https:\\\/\\\/www.annamardo.de\\\/#website\"},\"primaryImageOfPage\":{\"@id\":\"https:\\\/\\\/www.annamardo.de\\\/en\\\/wedding-photographer-fuessen\\\/#primaryimage\"},\"image\":{\"@id\":\"https:\\\/\\\/www.annamardo.de\\\/en\\\/wedding-photographer-fuessen\\\/#primaryimage\"},\"thumbnailUrl\":\"https:\\\/\\\/www.annamardo.de\\\/wp-content\\\/uploads\\\/2024\\\/02\\\/Hochzeitsfotos-Fuessen.jpg\",\"datePublished\":\"2024-02-12T05:00:00+00:00\",\"dateModified\":\"2025-02-12T15:31:39+00:00\",\"description\":\"A civil wedding in the town hall of F\u00fcssen with a bridal couple shoot at Forggensee & in the historic monastery library. Wedding photographer F\u00fcssen.\",\"breadcrumb\":{\"@id\":\"https:\\\/\\\/www.annamardo.de\\\/en\\\/wedding-photographer-fuessen\\\/#breadcrumb\"},\"inLanguage\":\"en-US\",\"potentialAction\":[{\"@type\":\"ReadAction\",\"target\":[\"https:\\\/\\\/www.annamardo.de\\\/en\\\/wedding-photographer-fuessen\\\/\"]}]},{\"@type\":\"ImageObject\",\"inLanguage\":\"en-US\",\"@id\":\"https:\\\/\\\/www.annamardo.de\\\/en\\\/wedding-photographer-fuessen\\\/#primaryimage\",\"url\":\"https:\\\/\\\/www.annamardo.de\\\/wp-content\\\/uploads\\\/2024\\\/02\\\/Hochzeitsfotos-Fuessen.jpg\",\"contentUrl\":\"https:\\\/\\\/www.annamardo.de\\\/wp-content\\\/uploads\\\/2024\\\/02\\\/Hochzeitsfotos-Fuessen.jpg\",\"width\":1500,\"height\":1000},{\"@type\":\"BreadcrumbList\",\"@id\":\"https:\\\/\\\/www.annamardo.de\\\/en\\\/wedding-photographer-fuessen\\\/#breadcrumb\",\"itemListElement\":[{\"@type\":\"ListItem\",\"position\":1,\"name\":\"Startseite\",\"item\":\"https:\\\/\\\/www.annamardo.de\\\/en\\\/\"},{\"@type\":\"ListItem\",\"position\":2,\"name\":\"Wedding at the registry office F\u00fcssen &#8211; Wedding photographer F\u00fcssen\"}]},{\"@type\":\"WebSite\",\"@id\":\"https:\\\/\\\/www.annamardo.de\\\/#website\",\"url\":\"https:\\\/\\\/www.annamardo.de\\\/\",\"name\":\"Anna Mardo Hochzeitsfotografie\",\"description\":\"Berghochzeiten &amp; Hochzeiten im Oberland\",\"publisher\":{\"@id\":\"https:\\\/\\\/www.annamardo.de\\\/#organization\"},\"potentialAction\":[{\"@type\":\"SearchAction\",\"target\":{\"@type\":\"EntryPoint\",\"urlTemplate\":\"https:\\\/\\\/www.annamardo.de\\\/?s={search_term_string}\"},\"query-input\":{\"@type\":\"PropertyValueSpecification\",\"valueRequired\":true,\"valueName\":\"search_term_string\"}}],\"inLanguage\":\"en-US\"},{\"@type\":\"Organization\",\"@id\":\"https:\\\/\\\/www.annamardo.de\\\/#organization\",\"name\":\"Anna Mardo Hochzeitsfotografie\",\"url\":\"https:\\\/\\\/www.annamardo.de\\\/\",\"logo\":{\"@type\":\"ImageObject\",\"inLanguage\":\"en-US\",\"@id\":\"https:\\\/\\\/www.annamardo.de\\\/#\\\/schema\\\/logo\\\/image\\\/\",\"url\":\"https:\\\/\\\/www.annamardo.de\\\/wp-content\\\/uploads\\\/2021\\\/12\\\/Logo_Anna_Mardo_berghochzeiten.png\",\"contentUrl\":\"https:\\\/\\\/www.annamardo.de\\\/wp-content\\\/uploads\\\/2021\\\/12\\\/Logo_Anna_Mardo_berghochzeiten.png\",\"width\":1000,\"height\":655,\"caption\":\"Anna Mardo Hochzeitsfotografie\"},\"image\":{\"@id\":\"https:\\\/\\\/www.annamardo.de\\\/#\\\/schema\\\/logo\\\/image\\\/\"},\"sameAs\":[\"https:\\\/\\\/www.facebook.com\\\/AnnaMardoHochzeitsfotografie\\\/\",\"https:\\\/\\\/www.instagram.com\\\/annamardo\\\/\"]},{\"@type\":\"Person\",\"@id\":\"https:\\\/\\\/www.annamardo.de\\\/#\\\/schema\\\/person\\\/c3ae0c10a19a6067a617804bb8bc64a7\",\"name\":\"Anna Mardo\",\"description\":\"Fotografin f\u00fcr Berghochzeiten\",\"sameAs\":[\"https:\\\/\\\/www.annamardo.de\",\"https:\\\/\\\/www.facebook.com\\\/AnnaMardoHochzeitsfotografie\\\/\",\"https:\\\/\\\/www.instagram.com\\\/annamardo\\\/\",\"https:\\\/\\\/de.pinterest.com\\\/annamardo\"],\"url\":\"https:\\\/\\\/www.annamardo.de\\\/en\\\/author\\\/antje210\\\/\"}]}<\/script>\n<!-- \/ Yoast SEO plugin. -->","yoast_head_json":{"title":"Wedding at the registry office F\u00fcssen","description":"A civil wedding in the town hall of F\u00fcssen with a bridal couple shoot at Forggensee & in the historic monastery library. Wedding photographer F\u00fcssen.","robots":{"index":"index","follow":"follow","max-snippet":"max-snippet:-1","max-image-preview":"max-image-preview:large","max-video-preview":"max-video-preview:-1"},"canonical":"https:\/\/www.annamardo.de\/en\/wedding-photographer-fuessen\/","og_locale":"en_US","og_type":"article","og_title":"Wedding at the registry office F\u00fcssen","og_description":"A civil wedding in the town hall of F\u00fcssen with a bridal couple shoot at Forggensee & in the historic monastery library. Wedding photographer F\u00fcssen.","og_url":"https:\/\/www.annamardo.de\/en\/wedding-photographer-fuessen\/","og_site_name":"Anna Mardo Hochzeitsfotografie","article_publisher":"https:\/\/www.facebook.com\/AnnaMardoHochzeitsfotografie\/","article_author":"https:\/\/www.facebook.com\/AnnaMardoHochzeitsfotografie\/","article_published_time":"2024-02-12T05:00:00+00:00","article_modified_time":"2025-02-12T15:31:39+00:00","og_image":[{"width":1500,"height":1000,"url":"https:\/\/www.annamardo.de\/wp-content\/uploads\/2024\/02\/Hochzeitsfotos-Fuessen.jpg","type":"image\/jpeg"}],"author":"Anna Mardo","twitter_card":"summary_large_image","twitter_misc":{"Written by":"Anna Mardo","Est. reading time":"8 minutes"},"schema":{"@context":"https:\/\/schema.org","@graph":[{"@type":"Article","@id":"https:\/\/www.annamardo.de\/en\/wedding-photographer-fuessen\/#article","isPartOf":{"@id":"https:\/\/www.annamardo.de\/en\/wedding-photographer-fuessen\/"},"author":{"name":"Anna Mardo","@id":"https:\/\/www.annamardo.de\/#\/schema\/person\/c3ae0c10a19a6067a617804bb8bc64a7"},"headline":"Wedding at the registry office F\u00fcssen &#8211; Wedding photographer F\u00fcssen","datePublished":"2024-02-12T05:00:00+00:00","dateModified":"2025-02-12T15:31:39+00:00","mainEntityOfPage":{"@id":"https:\/\/www.annamardo.de\/en\/wedding-photographer-fuessen\/"},"wordCount":462,"publisher":{"@id":"https:\/\/www.annamardo.de\/#organization"},"image":{"@id":"https:\/\/www.annamardo.de\/en\/wedding-photographer-fuessen\/#primaryimage"},"thumbnailUrl":"https:\/\/www.annamardo.de\/wp-content\/uploads\/2024\/02\/Hochzeitsfotos-Fuessen.jpg","articleSection":["Berghochzeit","Hochzeit"],"inLanguage":"en-US"},{"@type":"WebPage","@id":"https:\/\/www.annamardo.de\/en\/wedding-photographer-fuessen\/","url":"https:\/\/www.annamardo.de\/en\/wedding-photographer-fuessen\/","name":"Wedding at the registry office F\u00fcssen","isPartOf":{"@id":"https:\/\/www.annamardo.de\/#website"},"primaryImageOfPage":{"@id":"https:\/\/www.annamardo.de\/en\/wedding-photographer-fuessen\/#primaryimage"},"image":{"@id":"https:\/\/www.annamardo.de\/en\/wedding-photographer-fuessen\/#primaryimage"},"thumbnailUrl":"https:\/\/www.annamardo.de\/wp-content\/uploads\/2024\/02\/Hochzeitsfotos-Fuessen.jpg","datePublished":"2024-02-12T05:00:00+00:00","dateModified":"2025-02-12T15:31:39+00:00","description":"A civil wedding in the town hall of F\u00fcssen with a bridal couple shoot at Forggensee & in the historic monastery library. Wedding photographer F\u00fcssen.","breadcrumb":{"@id":"https:\/\/www.annamardo.de\/en\/wedding-photographer-fuessen\/#breadcrumb"},"inLanguage":"en-US","potentialAction":[{"@type":"ReadAction","target":["https:\/\/www.annamardo.de\/en\/wedding-photographer-fuessen\/"]}]},{"@type":"ImageObject","inLanguage":"en-US","@id":"https:\/\/www.annamardo.de\/en\/wedding-photographer-fuessen\/#primaryimage","url":"https:\/\/www.annamardo.de\/wp-content\/uploads\/2024\/02\/Hochzeitsfotos-Fuessen.jpg","contentUrl":"https:\/\/www.annamardo.de\/wp-content\/uploads\/2024\/02\/Hochzeitsfotos-Fuessen.jpg","width":1500,"height":1000},{"@type":"BreadcrumbList","@id":"https:\/\/www.annamardo.de\/en\/wedding-photographer-fuessen\/#breadcrumb","itemListElement":[{"@type":"ListItem","position":1,"name":"Startseite","item":"https:\/\/www.annamardo.de\/en\/"},{"@type":"ListItem","position":2,"name":"Wedding at the registry office F\u00fcssen &#8211; Wedding photographer F\u00fcssen"}]},{"@type":"WebSite","@id":"https:\/\/www.annamardo.de\/#website","url":"https:\/\/www.annamardo.de\/","name":"Anna Mardo Hochzeitsfotografie","description":"Berghochzeiten &amp; Hochzeiten im Oberland","publisher":{"@id":"https:\/\/www.annamardo.de\/#organization"},"potentialAction":[{"@type":"SearchAction","target":{"@type":"EntryPoint","urlTemplate":"https:\/\/www.annamardo.de\/?s={search_term_string}"},"query-input":{"@type":"PropertyValueSpecification","valueRequired":true,"valueName":"search_term_string"}}],"inLanguage":"en-US"},{"@type":"Organization","@id":"https:\/\/www.annamardo.de\/#organization","name":"Anna Mardo Hochzeitsfotografie","url":"https:\/\/www.annamardo.de\/","logo":{"@type":"ImageObject","inLanguage":"en-US","@id":"https:\/\/www.annamardo.de\/#\/schema\/logo\/image\/","url":"https:\/\/www.annamardo.de\/wp-content\/uploads\/2021\/12\/Logo_Anna_Mardo_berghochzeiten.png","contentUrl":"https:\/\/www.annamardo.de\/wp-content\/uploads\/2021\/12\/Logo_Anna_Mardo_berghochzeiten.png","width":1000,"height":655,"caption":"Anna Mardo Hochzeitsfotografie"},"image":{"@id":"https:\/\/www.annamardo.de\/#\/schema\/logo\/image\/"},"sameAs":["https:\/\/www.facebook.com\/AnnaMardoHochzeitsfotografie\/","https:\/\/www.instagram.com\/annamardo\/"]},{"@type":"Person","@id":"https:\/\/www.annamardo.de\/#\/schema\/person\/c3ae0c10a19a6067a617804bb8bc64a7","name":"Anna Mardo","description":"Fotografin f\u00fcr Berghochzeiten","sameAs":["https:\/\/www.annamardo.de","https:\/\/www.facebook.com\/AnnaMardoHochzeitsfotografie\/","https:\/\/www.instagram.com\/annamardo\/","https:\/\/de.pinterest.com\/annamardo"],"url":"https:\/\/www.annamardo.de\/en\/author\/antje210\/"}]}},"_links":{"self":[{"href":"https:\/\/www.annamardo.de\/en\/wp-json\/wp\/v2\/posts\/24086","targetHints":{"allow":["GET"]}}],"collection":[{"href":"https:\/\/www.annamardo.de\/en\/wp-json\/wp\/v2\/posts"}],"about":[{"href":"https:\/\/www.annamardo.de\/en\/wp-json\/wp\/v2\/types\/post"}],"author":[{"embeddable":true,"href":"https:\/\/www.annamardo.de\/en\/wp-json\/wp\/v2\/users\/1"}],"replies":[{"embeddable":true,"href":"https:\/\/www.annamardo.de\/en\/wp-json\/wp\/v2\/comments?post=24086"}],"version-history":[{"count":1,"href":"https:\/\/www.annamardo.de\/en\/wp-json\/wp\/v2\/posts\/24086\/revisions"}],"predecessor-version":[{"id":24088,"href":"https:\/\/www.annamardo.de\/en\/wp-json\/wp\/v2\/posts\/24086\/revisions\/24088"}],"wp:featuredmedia":[{"embeddable":true,"href":"https:\/\/www.annamardo.de\/en\/wp-json\/wp\/v2\/media\/22613"}],"wp:attachment":[{"href":"https:\/\/www.annamardo.de\/en\/wp-json\/wp\/v2\/media?parent=24086"}],"wp:term":[{"taxonomy":"category","embeddable":true,"href":"https:\/\/www.annamardo.de\/en\/wp-json\/wp\/v2\/categories?post=24086"},{"taxonomy":"post_tag","embeddable":true,"href":"https:\/\/www.annamardo.de\/en\/wp-json\/wp\/v2\/tags?post=24086"}],"curies":[{"name":"wp","href":"https:\/\/api.w.org\/{rel}","templated":true}]}}