{"id":2084,"date":"2019-02-19T11:56:00","date_gmt":"2019-02-19T09:56:00","guid":{"rendered":"https:\/\/www.annamardo.de\/?p=2084"},"modified":"2022-01-24T15:58:09","modified_gmt":"2022-01-24T13:58:09","slug":"fine-art","status":"publish","type":"post","link":"https:\/\/www.annamardo.de\/en\/fine-art\/","title":{"rendered":"Hochzeit im Kloster Graefenthal in Goch"},"content":{"rendered":"\n<h2 class=\"wp-block-heading\">Heiraten im Kloster&nbsp;Graefenthal in Goch, NRW<\/h2>\n\n\n\n<p>Eine ganz besondere Hochzeitslocation in NRW ist das Kloster Graefenthal bei Goch. Neben der Location ist das wundersch\u00f6nem Gel\u00e4nde der Hingucker. Wir haben im sogenannten Kreuzgang eine Hochzeitsinspiration gezaubert. Vor allem\u00a0mag ich die besondere Stimmung dieses\u00a0Raumes, der durch\u00a0die gro\u00dfen kirchenartigen Fenster einfach magisch wird.\u00a0<\/p>\n\n\n\n<h3 class=\"wp-block-heading\">Edles Hochzeitskonzept in den Klostermauern<\/h3>\n\n\n\n<p>Das Hochzeitskonzept f\u00fcr dieses Styled Shoot war sehr edel mit Tischl\u00e4ufern, antiken Stabkerzen, pomp\u00f6sen Blumengestecken und edler Papeterie. Perfekt dazu das zarte und flie\u00dfende Kleid unserer Braut. Der Br\u00e4utigam trug einen klassischen Anzug mit Fliege. Sehen die zwei bei ihrer Hochzeit im Kloster Graefenthal nicht perfekt aus? <\/p>\n\n\n\n<figure class=\"wp-block-image\"><img decoding=\"async\" src=\"https:\/\/www.annamardo.de\/wp-content\/uploads\/2018\/01\/Fine-Art-Wedding-Photography-Bavaria-0001-1.jpg\" alt=\"Hochzeitsfotografie in Goch\"\/><\/figure>\n\n\n\n<figure class=\"wp-block-image\"><img decoding=\"async\" src=\"https:\/\/www.annamardo.de\/wp-content\/uploads\/2018\/01\/Fine-Art-Wedding-Photography-Bavaria-0002-1.jpg\" alt=\"Tischdekoration f\u00fcr eine edle Hochzeit\"\/><\/figure>\n\n\n\n<figure class=\"wp-block-image\"><img decoding=\"async\" src=\"https:\/\/www.annamardo.de\/wp-content\/uploads\/2018\/01\/Fine-Art-Wedding-Photography-Bavaria-0003-1.jpg\" alt=\"Tischdekoration im Kloster\"\/><\/figure>\n\n\n\n<figure class=\"wp-block-image\"><img decoding=\"async\" src=\"https:\/\/www.annamardo.de\/wp-content\/uploads\/2018\/01\/Fine-Art-Wedding-Photography-Bavaria-0004-1.jpg\" alt=\"Hochzeitsfotografie deutschlandweit \"\/><\/figure>\n\n\n\n<figure class=\"wp-block-image\"><img decoding=\"async\" src=\"https:\/\/www.annamardo.de\/wp-content\/uploads\/2018\/01\/Fine-Art-Wedding-Photography-Bavaria-0005-1.jpg\" alt=\"Hochzeitsinspiration in einer alten Kirche\"\/><\/figure>\n\n\n\n<figure class=\"wp-block-image\"><img decoding=\"async\" src=\"https:\/\/www.annamardo.de\/wp-content\/uploads\/2018\/01\/Fine-Art-Wedding-Photography-Bavaria-0006-1.jpg\" alt=\"Hochzeitsinspiration in einer alten Kirche\"\/><\/figure>\n\n\n\n<figure class=\"wp-block-image\"><img decoding=\"async\" src=\"https:\/\/www.annamardo.de\/wp-content\/uploads\/2018\/01\/Fine-Art-Wedding-Photography-Bavaria-0007-1.jpg\" alt=\"\"\/><\/figure>\n\n\n\n<figure class=\"wp-block-image\"><img decoding=\"async\" src=\"https:\/\/www.annamardo.de\/wp-content\/uploads\/2018\/01\/Fine-Art-Wedding-Photography-Bavaria-0008-1.jpg\" alt=\"Hochzeit in einem alten Kloster\"\/><\/figure>\n\n\n\n<figure class=\"wp-block-image\"><img decoding=\"async\" src=\"https:\/\/www.annamardo.de\/wp-content\/uploads\/2018\/01\/Fine-Art-Wedding-Photography-Bavaria-0009-1.jpg\" alt=\"Hochzeit in einem alten Kloster\"\/><\/figure>\n\n\n\n<figure class=\"wp-block-image\"><img decoding=\"async\" src=\"https:\/\/www.annamardo.de\/wp-content\/uploads\/2018\/01\/Fine-Art-Wedding-Photography-Bavaria-0010-1.jpg\" alt=\"Kloster Graefenthal Gel\u00e4nde\"\/><\/figure>\n\n\n\n<figure class=\"wp-block-image\"><img decoding=\"async\" src=\"https:\/\/www.annamardo.de\/wp-content\/uploads\/2018\/01\/Fine-Art-Wedding-Photography-Bavaria-0011-1.jpg\" alt=\"Kloster Graefenthal\"\/><\/figure>\n\n\n\n<figure class=\"wp-block-image\"><img decoding=\"async\" src=\"https:\/\/www.annamardo.de\/wp-content\/uploads\/2018\/01\/Fine-Art-Wedding-Photography-Bavaria-0012-1.jpg\" alt=\"Ideen f\u00fcr die Hochzeit im Kloster Graefenthal\"\/><\/figure>\n\n\n\n<figure class=\"wp-block-image\"><img decoding=\"async\" src=\"https:\/\/www.annamardo.de\/wp-content\/uploads\/2018\/01\/Fine-Art-Wedding-Photography-Bavaria-0013-1.jpg\" alt=\"Kloster Graefenthal Hochzeitsideen\"\/><\/figure>\n\n\n\n<figure class=\"wp-block-image\"><img decoding=\"async\" src=\"https:\/\/www.annamardo.de\/wp-content\/uploads\/2018\/01\/Fine-Art-Wedding-Photography-Bavaria-0014-1.jpg\" alt=\"Hochzeitsfotografie NRW\"\/><\/figure>\n\n\n\n<figure class=\"wp-block-image\"><img decoding=\"async\" src=\"https:\/\/www.annamardo.de\/wp-content\/uploads\/2018\/01\/Fine-Art-Wedding-Photography-Bavaria-0015-1.jpg\" alt=\"Edle Hochzeit in NRW\"\/><\/figure>\n\n\n\n<figure class=\"wp-block-image\"><img decoding=\"async\" src=\"https:\/\/www.annamardo.de\/wp-content\/uploads\/2018\/01\/Fine-Art-Wedding-Photography-Bavaria-0016-1.jpg\" alt=\"Hochzeitslocation in Goch \"\/><\/figure>\n\n\n\n<figure class=\"wp-block-image\"><img decoding=\"async\" src=\"https:\/\/www.annamardo.de\/wp-content\/uploads\/2018\/01\/Fine-Art-Wedding-Photography-Bavaria-0017-1.jpg\" alt=\"Hochzeitsfotografie in Goch\"\/><\/figure>\n\n\n\n<figure class=\"wp-block-image\"><img decoding=\"async\" src=\"https:\/\/www.annamardo.de\/wp-content\/uploads\/2018\/01\/Fine-Art-Wedding-Photography-Bavaria-0018-1.jpg\" alt=\"Lebendige Hochzeitsfotografie im Kloster Graefenthal\"\/><\/figure>\n\n\n\n<figure class=\"wp-block-image\"><img decoding=\"async\" src=\"https:\/\/www.annamardo.de\/wp-content\/uploads\/2018\/01\/Fine-Art-Wedding-Photography-Bavaria-0019-1.jpg\" alt=\"Moderne Hochzeitsfotografie deutschlandweit \"\/><\/figure>\n\n\n\n<figure class=\"wp-block-image\"><img decoding=\"async\" src=\"https:\/\/www.annamardo.de\/wp-content\/uploads\/2018\/01\/Fine-Art-Wedding-Photography-Bavaria-0020-1.jpg\" alt=\"Hochzeitsinspiration im Kloster\"\/><\/figure>\n\n\n\n<figure class=\"wp-block-image\"><img decoding=\"async\" src=\"https:\/\/www.annamardo.de\/wp-content\/uploads\/2018\/01\/Fine-Art-Wedding-Photography-Bavaria-0021-1.jpg\" alt=\"Hochzeitsfotografie in NRW\"\/><\/figure>\n\n\n\n<figure class=\"wp-block-image\"><img decoding=\"async\" src=\"https:\/\/www.annamardo.de\/wp-content\/uploads\/2018\/01\/Fine-Art-Wedding-Photography-Bavaria-0022-1.jpg\" alt=\"Edle Hochzeit in NRW\"\/><\/figure>\n\n\n\n<figure class=\"wp-block-image\"><img decoding=\"async\" src=\"https:\/\/www.annamardo.de\/wp-content\/uploads\/2018\/01\/Fine-Art-Wedding-Photography-Bavaria-0023-1.jpg\" alt=\"Styled Shoot im Kloster Graefenthal\"\/><\/figure>\n\n\n\n<figure class=\"wp-block-image\"><img decoding=\"async\" src=\"https:\/\/www.annamardo.de\/wp-content\/uploads\/2018\/01\/Fine-Art-Wedding-Photography-Bavaria-0024-1.jpg\" alt=\"Hochzeitsdekoration im Kloster Graefenthal\"\/><\/figure>\n\n\n\n<figure class=\"wp-block-image\"><img decoding=\"async\" src=\"https:\/\/www.annamardo.de\/wp-content\/uploads\/2018\/01\/Fine-Art-Wedding-Photography-Bavaria-0025-1.jpg\" alt=\"Hochzeit in Goch im Kloster Graefenthal\"\/><\/figure>\n\n\n\n<figure class=\"wp-block-image\"><img decoding=\"async\" src=\"https:\/\/www.annamardo.de\/wp-content\/uploads\/2018\/01\/Fine-Art-Wedding-Photography-Bavaria-0026-1.jpg\" alt=\"Hochzeitsfotografie Kloster Graefenthal\"\/><\/figure>\n\n\n\n<figure class=\"wp-block-image\"><img decoding=\"async\" src=\"https:\/\/www.annamardo.de\/wp-content\/uploads\/2018\/01\/Fine-Art-Wedding-Photography-Bavaria-0027-1.jpg\" alt=\"Heiraten im Kloster Graefenthal in Goch\"\/><\/figure>\n\n\n\n<figure class=\"wp-block-image\"><img decoding=\"async\" src=\"https:\/\/www.annamardo.de\/wp-content\/uploads\/2018\/01\/Fine-Art-Wedding-Photography-Bavaria-0028-1.jpg\" alt=\"Kloster Graefenthal Hochzeit\"\/><\/figure>\n\n\n\n<h2 class=\"wp-block-heading\"><strong>Das Team<\/strong> &#8211; Hochzeit im Kloster Graefenthal<\/h2>\n\n\n\n<p>Organisation: <a href=\"http:\/\/www.kibogophotography.com\/\">Tanja Kibogo<br><\/a>Blumen &amp; Deko: <a href=\"http:\/\/www.helenegutjahr.de\/\">Gutjahr Dekodesign<\/a><br>Location: <a href=\"http:\/\/www.kloster-graefenthal.de\/\">Kloster Graefenthal<br><\/a>Brautkleid: <a href=\"http:\/\/www.cymbeline.com\/\">Cymbeline<br><\/a>Schuhe: <a href=\"http:\/\/www.bellabelleshoes.com\/\">Bella Belle Shoes<br><\/a>Fliege:<a href=\"http:\/\/www.hm.com\/de\"> H&amp;M<br><\/a>Manschettenkn\u00f6pfe: <a href=\"http:\/\/www.michaelaroemer.de\/\">Michaela R\u00f6mer<br><\/a>Schmuck: <a href=\"http:\/\/www.michaelaroemer.de\/\">Michaela R\u00f6mer<br><\/a>Papeterie: <a href=\"http:\/\/www.die-exklusiven-einladungskarten.de\/\">Sonja B\u00fchrke \/ Die exklusiven Einladungskarten<br><\/a>Besteck &amp; Teller: <a href=\"http:\/\/www.zarahome.com\/\">Zara Home<br><\/a>Seiden Tischl\u00e4ufer und Seidenb\u00e4nder: <a href=\"http:\/\/www.seidenband.com\/\">Seidenband<br><\/a>Hair &amp; Makeup: <a href=\"http:\/\/www.lydiagerzen.de\/\">Lydia Gerzen<br><\/a>Hochzeitstorte: <a href=\"http:\/\/www.kissfromfleur.de\/\">Kissfromfleur<\/a><\/p>\n\n\n\n<h2 class=\"wp-block-heading\">Folgende Beitr\u00e4ge k\u00f6nnten dich auch interessieren<\/h2>\n\n\n\n<ul class=\"wp-block-list\"><li><a href=\"https:\/\/www.annamardo.de\/wedding-styled-shoot\/\">Was ist ein Wedding Styled Shoot eigentlich?<\/a><\/li><li><a href=\"https:\/\/www.annamardo.de\/bayrisch-heiraten\/\">Bayrisch heiraten \u2013 Inspiration f\u00fcr eine Trachtenhochzeit<\/a><\/li><li><a href=\"https:\/\/www.annamardo.de\/hochzeitslocation-wien\/\">Hochzeitslocation Wien \u2013 Heiraten in der Albertina<\/a><\/li><\/ul>\n","protected":false},"excerpt":{"rendered":"<p>Heiraten im Kloster&nbsp;Graefenthal in Goch, NRW Eine ganz besondere Hochzeitslocation in NRW ist das Kloster Graefenthal bei Goch. Neben der Location ist das wundersch\u00f6nem Gel\u00e4nde der Hingucker. Wir haben im sogenannten Kreuzgang eine Hochzeitsinspiration gezaubert. Vor allem\u00a0mag ich die besondere Stimmung dieses\u00a0Raumes, der durch\u00a0die gro\u00dfen kirchenartigen Fenster einfach magisch wird.\u00a0 Edles Hochzeitskonzept in den Klostermauern&#8230;<\/p>\n","protected":false},"author":1,"featured_media":2668,"comment_status":"open","ping_status":"open","sticky":false,"template":"","format":"standard","meta":{"_kadence_starter_templates_imported_post":false,"_kad_post_transparent":"","_kad_post_title":"","_kad_post_layout":"","_kad_post_sidebar_id":"","_kad_post_content_style":"","_kad_post_vertical_padding":"","_kad_post_feature":"","_kad_post_feature_position":"","_kad_post_header":false,"_kad_post_footer":false,"_kad_post_classname":"","footnotes":""},"categories":[4],"tags":[],"class_list":["post-2084","post","type-post","status-publish","format-standard","has-post-thumbnail","hentry","category-hochzeit"],"yoast_head":"<!-- This site is optimized with the Yoast SEO plugin v27.4 - https:\/\/yoast.com\/product\/yoast-seo-wordpress\/ -->\n<title>Hochzeit im Kloster Graefenthal bei Goch - Heiraten in NRW<\/title>\n<meta name=\"description\" content=\"Heiraten im sch\u00f6nen Kloster Graefenthal bei Goch in NRW - Inspiration f\u00fcr eure Hochzeit in den wundersch\u00f6nen Klostermauern.\" \/>\n<meta name=\"robots\" content=\"index, follow, max-snippet:-1, max-image-preview:large, max-video-preview:-1\" \/>\n<link rel=\"canonical\" href=\"https:\/\/www.annamardo.de\/fine-art\/\" \/>\n<meta property=\"og:locale\" content=\"en_US\" \/>\n<meta property=\"og:type\" content=\"article\" \/>\n<meta property=\"og:title\" content=\"Hochzeit im Kloster Graefenthal bei Goch - Heiraten in NRW\" \/>\n<meta property=\"og:description\" content=\"Heiraten im sch\u00f6nen Kloster Graefenthal bei Goch in NRW - Inspiration f\u00fcr eure Hochzeit in den wundersch\u00f6nen Klostermauern.\" \/>\n<meta property=\"og:url\" content=\"https:\/\/www.annamardo.de\/fine-art\/\" \/>\n<meta property=\"og:site_name\" content=\"Anna Mardo Hochzeitsfotografie\" \/>\n<meta property=\"article:publisher\" content=\"https:\/\/www.facebook.com\/AnnaMardoHochzeitsfotografie\/\" \/>\n<meta property=\"article:author\" content=\"https:\/\/www.facebook.com\/AnnaMardoHochzeitsfotografie\/\" \/>\n<meta property=\"article:published_time\" content=\"2019-02-19T09:56:00+00:00\" \/>\n<meta property=\"article:modified_time\" content=\"2022-01-24T13:58:09+00:00\" \/>\n<meta property=\"og:image\" content=\"https:\/\/www.annamardo.de\/wp-content\/uploads\/2018\/03\/Hochzeitsfotografin-Ulm-Augsburg-Fine-Art-0001-1.jpg\" \/>\n\t<meta property=\"og:image:width\" content=\"1500\" \/>\n\t<meta property=\"og:image:height\" content=\"1000\" \/>\n\t<meta property=\"og:image:type\" content=\"image\/jpeg\" \/>\n<meta name=\"author\" content=\"Anna Mardo\" \/>\n<meta name=\"twitter:card\" content=\"summary_large_image\" \/>\n<meta name=\"twitter:label1\" content=\"Written by\" \/>\n\t<meta name=\"twitter:data1\" content=\"Anna Mardo\" \/>\n\t<meta name=\"twitter:label2\" content=\"Est. reading time\" \/>\n\t<meta name=\"twitter:data2\" content=\"7 minutes\" \/>\n<script type=\"application\/ld+json\" class=\"yoast-schema-graph\">{\"@context\":\"https:\\\/\\\/schema.org\",\"@graph\":[{\"@type\":\"Article\",\"@id\":\"https:\\\/\\\/www.annamardo.de\\\/fine-art\\\/#article\",\"isPartOf\":{\"@id\":\"https:\\\/\\\/www.annamardo.de\\\/fine-art\\\/\"},\"author\":{\"name\":\"Anna Mardo\",\"@id\":\"https:\\\/\\\/www.annamardo.de\\\/#\\\/schema\\\/person\\\/c3ae0c10a19a6067a617804bb8bc64a7\"},\"headline\":\"Hochzeit im Kloster Graefenthal in Goch\",\"datePublished\":\"2019-02-19T09:56:00+00:00\",\"dateModified\":\"2022-01-24T13:58:09+00:00\",\"mainEntityOfPage\":{\"@id\":\"https:\\\/\\\/www.annamardo.de\\\/fine-art\\\/\"},\"wordCount\":212,\"commentCount\":0,\"publisher\":{\"@id\":\"https:\\\/\\\/www.annamardo.de\\\/#organization\"},\"image\":{\"@id\":\"https:\\\/\\\/www.annamardo.de\\\/fine-art\\\/#primaryimage\"},\"thumbnailUrl\":\"https:\\\/\\\/www.annamardo.de\\\/wp-content\\\/uploads\\\/2018\\\/03\\\/Hochzeitsfotografin-Ulm-Augsburg-Fine-Art-0001-1.jpg\",\"articleSection\":[\"Hochzeit\"],\"inLanguage\":\"en-US\",\"potentialAction\":[{\"@type\":\"CommentAction\",\"name\":\"Comment\",\"target\":[\"https:\\\/\\\/www.annamardo.de\\\/fine-art\\\/#respond\"]}]},{\"@type\":\"WebPage\",\"@id\":\"https:\\\/\\\/www.annamardo.de\\\/fine-art\\\/\",\"url\":\"https:\\\/\\\/www.annamardo.de\\\/fine-art\\\/\",\"name\":\"Hochzeit im Kloster Graefenthal bei Goch - Heiraten in NRW\",\"isPartOf\":{\"@id\":\"https:\\\/\\\/www.annamardo.de\\\/#website\"},\"primaryImageOfPage\":{\"@id\":\"https:\\\/\\\/www.annamardo.de\\\/fine-art\\\/#primaryimage\"},\"image\":{\"@id\":\"https:\\\/\\\/www.annamardo.de\\\/fine-art\\\/#primaryimage\"},\"thumbnailUrl\":\"https:\\\/\\\/www.annamardo.de\\\/wp-content\\\/uploads\\\/2018\\\/03\\\/Hochzeitsfotografin-Ulm-Augsburg-Fine-Art-0001-1.jpg\",\"datePublished\":\"2019-02-19T09:56:00+00:00\",\"dateModified\":\"2022-01-24T13:58:09+00:00\",\"description\":\"Heiraten im sch\u00f6nen Kloster Graefenthal bei Goch in NRW - Inspiration f\u00fcr eure Hochzeit in den wundersch\u00f6nen Klostermauern.\",\"breadcrumb\":{\"@id\":\"https:\\\/\\\/www.annamardo.de\\\/fine-art\\\/#breadcrumb\"},\"inLanguage\":\"en-US\",\"potentialAction\":[{\"@type\":\"ReadAction\",\"target\":[\"https:\\\/\\\/www.annamardo.de\\\/fine-art\\\/\"]}]},{\"@type\":\"ImageObject\",\"inLanguage\":\"en-US\",\"@id\":\"https:\\\/\\\/www.annamardo.de\\\/fine-art\\\/#primaryimage\",\"url\":\"https:\\\/\\\/www.annamardo.de\\\/wp-content\\\/uploads\\\/2018\\\/03\\\/Hochzeitsfotografin-Ulm-Augsburg-Fine-Art-0001-1.jpg\",\"contentUrl\":\"https:\\\/\\\/www.annamardo.de\\\/wp-content\\\/uploads\\\/2018\\\/03\\\/Hochzeitsfotografin-Ulm-Augsburg-Fine-Art-0001-1.jpg\",\"width\":1500,\"height\":1000,\"caption\":\"Fine Art Wedding Photography\"},{\"@type\":\"BreadcrumbList\",\"@id\":\"https:\\\/\\\/www.annamardo.de\\\/fine-art\\\/#breadcrumb\",\"itemListElement\":[{\"@type\":\"ListItem\",\"position\":1,\"name\":\"Startseite\",\"item\":\"https:\\\/\\\/www.annamardo.de\\\/en\\\/\"},{\"@type\":\"ListItem\",\"position\":2,\"name\":\"Hochzeit im Kloster Graefenthal in Goch\"}]},{\"@type\":\"WebSite\",\"@id\":\"https:\\\/\\\/www.annamardo.de\\\/#website\",\"url\":\"https:\\\/\\\/www.annamardo.de\\\/\",\"name\":\"Anna Mardo Hochzeitsfotografie\",\"description\":\"Berghochzeiten &amp; Hochzeiten im Oberland\",\"publisher\":{\"@id\":\"https:\\\/\\\/www.annamardo.de\\\/#organization\"},\"potentialAction\":[{\"@type\":\"SearchAction\",\"target\":{\"@type\":\"EntryPoint\",\"urlTemplate\":\"https:\\\/\\\/www.annamardo.de\\\/?s={search_term_string}\"},\"query-input\":{\"@type\":\"PropertyValueSpecification\",\"valueRequired\":true,\"valueName\":\"search_term_string\"}}],\"inLanguage\":\"en-US\"},{\"@type\":\"Organization\",\"@id\":\"https:\\\/\\\/www.annamardo.de\\\/#organization\",\"name\":\"Anna Mardo Hochzeitsfotografie\",\"url\":\"https:\\\/\\\/www.annamardo.de\\\/\",\"logo\":{\"@type\":\"ImageObject\",\"inLanguage\":\"en-US\",\"@id\":\"https:\\\/\\\/www.annamardo.de\\\/#\\\/schema\\\/logo\\\/image\\\/\",\"url\":\"https:\\\/\\\/www.annamardo.de\\\/wp-content\\\/uploads\\\/2021\\\/12\\\/Logo_Anna_Mardo_berghochzeiten.png\",\"contentUrl\":\"https:\\\/\\\/www.annamardo.de\\\/wp-content\\\/uploads\\\/2021\\\/12\\\/Logo_Anna_Mardo_berghochzeiten.png\",\"width\":1000,\"height\":655,\"caption\":\"Anna Mardo Hochzeitsfotografie\"},\"image\":{\"@id\":\"https:\\\/\\\/www.annamardo.de\\\/#\\\/schema\\\/logo\\\/image\\\/\"},\"sameAs\":[\"https:\\\/\\\/www.facebook.com\\\/AnnaMardoHochzeitsfotografie\\\/\",\"https:\\\/\\\/www.instagram.com\\\/annamardo\\\/\"]},{\"@type\":\"Person\",\"@id\":\"https:\\\/\\\/www.annamardo.de\\\/#\\\/schema\\\/person\\\/c3ae0c10a19a6067a617804bb8bc64a7\",\"name\":\"Anna Mardo\",\"description\":\"Fotografin f\u00fcr Berghochzeiten\",\"sameAs\":[\"https:\\\/\\\/www.annamardo.de\",\"https:\\\/\\\/www.facebook.com\\\/AnnaMardoHochzeitsfotografie\\\/\",\"https:\\\/\\\/www.instagram.com\\\/annamardo\\\/\",\"https:\\\/\\\/de.pinterest.com\\\/annamardo\"],\"url\":\"https:\\\/\\\/www.annamardo.de\\\/en\\\/author\\\/antje210\\\/\"}]}<\/script>\n<!-- \/ Yoast SEO plugin. -->","yoast_head_json":{"title":"Hochzeit im Kloster Graefenthal bei Goch - Heiraten in NRW","description":"Heiraten im sch\u00f6nen Kloster Graefenthal bei Goch in NRW - Inspiration f\u00fcr eure Hochzeit in den wundersch\u00f6nen Klostermauern.","robots":{"index":"index","follow":"follow","max-snippet":"max-snippet:-1","max-image-preview":"max-image-preview:large","max-video-preview":"max-video-preview:-1"},"canonical":"https:\/\/www.annamardo.de\/fine-art\/","og_locale":"en_US","og_type":"article","og_title":"Hochzeit im Kloster Graefenthal bei Goch - Heiraten in NRW","og_description":"Heiraten im sch\u00f6nen Kloster Graefenthal bei Goch in NRW - Inspiration f\u00fcr eure Hochzeit in den wundersch\u00f6nen Klostermauern.","og_url":"https:\/\/www.annamardo.de\/fine-art\/","og_site_name":"Anna Mardo Hochzeitsfotografie","article_publisher":"https:\/\/www.facebook.com\/AnnaMardoHochzeitsfotografie\/","article_author":"https:\/\/www.facebook.com\/AnnaMardoHochzeitsfotografie\/","article_published_time":"2019-02-19T09:56:00+00:00","article_modified_time":"2022-01-24T13:58:09+00:00","og_image":[{"width":1500,"height":1000,"url":"https:\/\/www.annamardo.de\/wp-content\/uploads\/2018\/03\/Hochzeitsfotografin-Ulm-Augsburg-Fine-Art-0001-1.jpg","type":"image\/jpeg"}],"author":"Anna Mardo","twitter_card":"summary_large_image","twitter_misc":{"Written by":"Anna Mardo","Est. reading time":"7 minutes"},"schema":{"@context":"https:\/\/schema.org","@graph":[{"@type":"Article","@id":"https:\/\/www.annamardo.de\/fine-art\/#article","isPartOf":{"@id":"https:\/\/www.annamardo.de\/fine-art\/"},"author":{"name":"Anna Mardo","@id":"https:\/\/www.annamardo.de\/#\/schema\/person\/c3ae0c10a19a6067a617804bb8bc64a7"},"headline":"Hochzeit im Kloster Graefenthal in Goch","datePublished":"2019-02-19T09:56:00+00:00","dateModified":"2022-01-24T13:58:09+00:00","mainEntityOfPage":{"@id":"https:\/\/www.annamardo.de\/fine-art\/"},"wordCount":212,"commentCount":0,"publisher":{"@id":"https:\/\/www.annamardo.de\/#organization"},"image":{"@id":"https:\/\/www.annamardo.de\/fine-art\/#primaryimage"},"thumbnailUrl":"https:\/\/www.annamardo.de\/wp-content\/uploads\/2018\/03\/Hochzeitsfotografin-Ulm-Augsburg-Fine-Art-0001-1.jpg","articleSection":["Hochzeit"],"inLanguage":"en-US","potentialAction":[{"@type":"CommentAction","name":"Comment","target":["https:\/\/www.annamardo.de\/fine-art\/#respond"]}]},{"@type":"WebPage","@id":"https:\/\/www.annamardo.de\/fine-art\/","url":"https:\/\/www.annamardo.de\/fine-art\/","name":"Hochzeit im Kloster Graefenthal bei Goch - Heiraten in NRW","isPartOf":{"@id":"https:\/\/www.annamardo.de\/#website"},"primaryImageOfPage":{"@id":"https:\/\/www.annamardo.de\/fine-art\/#primaryimage"},"image":{"@id":"https:\/\/www.annamardo.de\/fine-art\/#primaryimage"},"thumbnailUrl":"https:\/\/www.annamardo.de\/wp-content\/uploads\/2018\/03\/Hochzeitsfotografin-Ulm-Augsburg-Fine-Art-0001-1.jpg","datePublished":"2019-02-19T09:56:00+00:00","dateModified":"2022-01-24T13:58:09+00:00","description":"Heiraten im sch\u00f6nen Kloster Graefenthal bei Goch in NRW - Inspiration f\u00fcr eure Hochzeit in den wundersch\u00f6nen Klostermauern.","breadcrumb":{"@id":"https:\/\/www.annamardo.de\/fine-art\/#breadcrumb"},"inLanguage":"en-US","potentialAction":[{"@type":"ReadAction","target":["https:\/\/www.annamardo.de\/fine-art\/"]}]},{"@type":"ImageObject","inLanguage":"en-US","@id":"https:\/\/www.annamardo.de\/fine-art\/#primaryimage","url":"https:\/\/www.annamardo.de\/wp-content\/uploads\/2018\/03\/Hochzeitsfotografin-Ulm-Augsburg-Fine-Art-0001-1.jpg","contentUrl":"https:\/\/www.annamardo.de\/wp-content\/uploads\/2018\/03\/Hochzeitsfotografin-Ulm-Augsburg-Fine-Art-0001-1.jpg","width":1500,"height":1000,"caption":"Fine Art Wedding Photography"},{"@type":"BreadcrumbList","@id":"https:\/\/www.annamardo.de\/fine-art\/#breadcrumb","itemListElement":[{"@type":"ListItem","position":1,"name":"Startseite","item":"https:\/\/www.annamardo.de\/en\/"},{"@type":"ListItem","position":2,"name":"Hochzeit im Kloster Graefenthal in Goch"}]},{"@type":"WebSite","@id":"https:\/\/www.annamardo.de\/#website","url":"https:\/\/www.annamardo.de\/","name":"Anna Mardo Hochzeitsfotografie","description":"Berghochzeiten &amp; Hochzeiten im Oberland","publisher":{"@id":"https:\/\/www.annamardo.de\/#organization"},"potentialAction":[{"@type":"SearchAction","target":{"@type":"EntryPoint","urlTemplate":"https:\/\/www.annamardo.de\/?s={search_term_string}"},"query-input":{"@type":"PropertyValueSpecification","valueRequired":true,"valueName":"search_term_string"}}],"inLanguage":"en-US"},{"@type":"Organization","@id":"https:\/\/www.annamardo.de\/#organization","name":"Anna Mardo Hochzeitsfotografie","url":"https:\/\/www.annamardo.de\/","logo":{"@type":"ImageObject","inLanguage":"en-US","@id":"https:\/\/www.annamardo.de\/#\/schema\/logo\/image\/","url":"https:\/\/www.annamardo.de\/wp-content\/uploads\/2021\/12\/Logo_Anna_Mardo_berghochzeiten.png","contentUrl":"https:\/\/www.annamardo.de\/wp-content\/uploads\/2021\/12\/Logo_Anna_Mardo_berghochzeiten.png","width":1000,"height":655,"caption":"Anna Mardo Hochzeitsfotografie"},"image":{"@id":"https:\/\/www.annamardo.de\/#\/schema\/logo\/image\/"},"sameAs":["https:\/\/www.facebook.com\/AnnaMardoHochzeitsfotografie\/","https:\/\/www.instagram.com\/annamardo\/"]},{"@type":"Person","@id":"https:\/\/www.annamardo.de\/#\/schema\/person\/c3ae0c10a19a6067a617804bb8bc64a7","name":"Anna Mardo","description":"Fotografin f\u00fcr Berghochzeiten","sameAs":["https:\/\/www.annamardo.de","https:\/\/www.facebook.com\/AnnaMardoHochzeitsfotografie\/","https:\/\/www.instagram.com\/annamardo\/","https:\/\/de.pinterest.com\/annamardo"],"url":"https:\/\/www.annamardo.de\/en\/author\/antje210\/"}]}},"_links":{"self":[{"href":"https:\/\/www.annamardo.de\/en\/wp-json\/wp\/v2\/posts\/2084","targetHints":{"allow":["GET"]}}],"collection":[{"href":"https:\/\/www.annamardo.de\/en\/wp-json\/wp\/v2\/posts"}],"about":[{"href":"https:\/\/www.annamardo.de\/en\/wp-json\/wp\/v2\/types\/post"}],"author":[{"embeddable":true,"href":"https:\/\/www.annamardo.de\/en\/wp-json\/wp\/v2\/users\/1"}],"replies":[{"embeddable":true,"href":"https:\/\/www.annamardo.de\/en\/wp-json\/wp\/v2\/comments?post=2084"}],"version-history":[{"count":4,"href":"https:\/\/www.annamardo.de\/en\/wp-json\/wp\/v2\/posts\/2084\/revisions"}],"predecessor-version":[{"id":14024,"href":"https:\/\/www.annamardo.de\/en\/wp-json\/wp\/v2\/posts\/2084\/revisions\/14024"}],"wp:featuredmedia":[{"embeddable":true,"href":"https:\/\/www.annamardo.de\/en\/wp-json\/wp\/v2\/media\/2668"}],"wp:attachment":[{"href":"https:\/\/www.annamardo.de\/en\/wp-json\/wp\/v2\/media?parent=2084"}],"wp:term":[{"taxonomy":"category","embeddable":true,"href":"https:\/\/www.annamardo.de\/en\/wp-json\/wp\/v2\/categories?post=2084"},{"taxonomy":"post_tag","embeddable":true,"href":"https:\/\/www.annamardo.de\/en\/wp-json\/wp\/v2\/tags?post=2084"}],"curies":[{"name":"wp","href":"https:\/\/api.w.org\/{rel}","templated":true}]}}