{"id":12900,"date":"2021-06-10T06:00:41","date_gmt":"2021-06-10T04:00:41","guid":{"rendered":"https:\/\/www.annamardo.de\/?p=12900"},"modified":"2021-06-28T08:32:31","modified_gmt":"2021-06-28T06:32:31","slug":"hochzeit-dinkelsbuehl","status":"publish","type":"post","link":"https:\/\/www.annamardo.de\/en\/hochzeit-dinkelsbuehl\/","title":{"rendered":"Hochzeit in Dinkelsb\u00fchl im Meiser Design Hotel"},"content":{"rendered":"<p>Es ist Mitte Mai 2021 und aktuell fiebern all meine Sommerbrautpaare dahingehend, ob gro\u00df Heiraten in ein paar Monaten m\u00f6glich sein wird. Im August 2020 war es das. Diese Hochzeit in Dinkelsb\u00fchl fand im August 2020 statt. Die Auflagen f\u00fcr Hochzeiten waren gering und man durfte mit 100 G\u00e4sten feiern. Die Welt f\u00fchlte sich normal an und ich w\u00fcnsche mir so sehr, dass f\u00fcr uns alle bald wieder geschehen wird.<\/p>\n<h2>Love always wins &#8211; Hochzeit in Dinkelsb\u00fchl<\/h2>\n<p>Auf die Frage, ob mein Brautpaar lange \u00fcberlegt hat, ob sie ihre kirchliche Hochzeit in Dinkelsb\u00fchl durchf\u00fchren sollen schrieb mir die Braut diese r\u00fchrenden Worte:<\/p>\n<p><em><span style=\"font-weight: 400;\">&#8220;LOVE ALWAYS WINS! Das Vertrauen in das Leben, die Liebe und Gott war gro\u00df und stark genug. Wir wussten, dass wir f\u00fcr uns heiraten und nicht, damit die anderen eine fette Party feiern k\u00f6nnen. Es war klar f\u00fcr uns, dass wir 2020 heiraten, egal mit wem, egal wo und egal wie. Unsere Liebe ist das st\u00e4rkste Band der Welt. Das wollten wir uns versprechen. Alles andere war erst einmal zweitrangig.&#8221;<\/span><\/em><\/p>\n<p>Doch nun zum Hochzeitstag! Ich war schon h\u00e4ufiger in Dinkelsb\u00fchl aber eine Hochzeit hatte ich dort noch nie. Umso mehr hatte ich mich \u00fcber die Buchung gefreut. Die Stadt ist einfach so sch\u00f6n und auch an sch\u00f6nen Hochzeitslocations mangelt es hier nicht. Mein Brautpaar hat sich f\u00fcr das neue Meiser Design Hotel entschieden.<\/p>\n<h3>Getting Ready im Meiser Design Hotel<\/h3>\n<p>Wie so oft begann mein Arbeitstag mit dem Getty Ready. Braut und Br\u00e4utigam haben sich getrennt voneinander hergerichtet. Bei Braut Julia war nat\u00fcrlich die Trauzeugin und sp\u00e4ter auch ihre Brautjungfern und die Mama mit dabei. Alle waren zu Tr\u00e4nen ger\u00fchrt, als Julia in ihr Kleid schl\u00fcpfte. Bei Br\u00e4utigam Tim wurde nat\u00fcrlich erstmal angesto\u00dfen ehe es zum First Look ging. Hierf\u00fcr haben wir die wundersch\u00f6ne Hotelbar der Hochzeitslocation in Dinkelsb\u00fchl genutzt. Hier entstand eines meiner All-Time-Favorite First Look Bilder.<\/p>\n<p>Im Anschluss daran war Zeit f\u00fcrs Paarshooting im Zentrum von Dinkelsb\u00fchl eingeplant. Es ist einfach so ein h\u00fcbsches St\u00e4dtchen!<\/p>\n<h3>Kirchliche Trauung unter freiem Himmel<\/h3>\n<p>Eine kirchliche Trauung unter freiem Himmel gibt es selten. Gl\u00fccklicherweise waren die Voraussetzungen wettertechnisch perfekt. Es war fast zu hei\u00df sodass jeder froh \u00fcber ein wenig Schatten war. Die Bilder von dieser emotionalen Trauung sprechen f\u00fcr sich. Zur\u00fcck im Design Hotel wurde dann gratuliert, gechillt, gegessen und feste gefeiert! Viel Freude bei dem Einblick in diese sch\u00f6ne Hochzeit in Dinkelsb\u00fchl.<\/p>\n<ul>\n<li>Location: <a href=\"https:\/\/meiser-hotels.de\/design\/\" target=\"_blank\" rel=\"noopener\">Meister Design Hotel<\/a>, Dinkelsb\u00fchl<\/li>\n<\/ul>\n<p><img loading=\"lazy\" decoding=\"async\" class=\"aligncenter wp-image-12927 size-full\" src=\"https:\/\/www.annamardo.de\/wp-content\/uploads\/2021\/05\/03_Meiser-Design-Hotel-Hochzeit.jpg\" alt=\"Details Braut Hochzeit in Dinkelsb\u00fchl\" width=\"1500\" height=\"1003\" srcset=\"https:\/\/www.annamardo.de\/wp-content\/uploads\/2021\/05\/03_Meiser-Design-Hotel-Hochzeit.jpg 1500w, https:\/\/www.annamardo.de\/wp-content\/uploads\/2021\/05\/03_Meiser-Design-Hotel-Hochzeit-300x201.jpg 300w, https:\/\/www.annamardo.de\/wp-content\/uploads\/2021\/05\/03_Meiser-Design-Hotel-Hochzeit-1024x685.jpg 1024w, https:\/\/www.annamardo.de\/wp-content\/uploads\/2021\/05\/03_Meiser-Design-Hotel-Hochzeit-768x514.jpg 768w\" sizes=\"auto, (max-width: 1500px) 100vw, 1500px\" \/><img loading=\"lazy\" decoding=\"async\" class=\"aligncenter wp-image-12928 size-full\" src=\"https:\/\/www.annamardo.de\/wp-content\/uploads\/2021\/05\/04_Hochzeitsfotograf-Meiser-Design-Hotel.jpg\" alt=\"Brautstrauss Hochzeit in Dinkelsb\u00fchl\" width=\"1500\" height=\"1326\" srcset=\"https:\/\/www.annamardo.de\/wp-content\/uploads\/2021\/05\/04_Hochzeitsfotograf-Meiser-Design-Hotel.jpg 1500w, https:\/\/www.annamardo.de\/wp-content\/uploads\/2021\/05\/04_Hochzeitsfotograf-Meiser-Design-Hotel-300x265.jpg 300w, https:\/\/www.annamardo.de\/wp-content\/uploads\/2021\/05\/04_Hochzeitsfotograf-Meiser-Design-Hotel-1024x905.jpg 1024w, https:\/\/www.annamardo.de\/wp-content\/uploads\/2021\/05\/04_Hochzeitsfotograf-Meiser-Design-Hotel-768x679.jpg 768w\" sizes=\"auto, (max-width: 1500px) 100vw, 1500px\" \/><img loading=\"lazy\" decoding=\"async\" class=\"aligncenter wp-image-12925 size-full\" src=\"https:\/\/www.annamardo.de\/wp-content\/uploads\/2021\/05\/01_Hotel-Dinkelsbuehl-Meiser.jpg\" alt=\"Fotograf Hochzeit in Dinkelsb\u00fchl\" width=\"1500\" height=\"1003\" srcset=\"https:\/\/www.annamardo.de\/wp-content\/uploads\/2021\/05\/01_Hotel-Dinkelsbuehl-Meiser.jpg 1500w, https:\/\/www.annamardo.de\/wp-content\/uploads\/2021\/05\/01_Hotel-Dinkelsbuehl-Meiser-300x201.jpg 300w, https:\/\/www.annamardo.de\/wp-content\/uploads\/2021\/05\/01_Hotel-Dinkelsbuehl-Meiser-1024x685.jpg 1024w, https:\/\/www.annamardo.de\/wp-content\/uploads\/2021\/05\/01_Hotel-Dinkelsbuehl-Meiser-768x514.jpg 768w\" sizes=\"auto, (max-width: 1500px) 100vw, 1500px\" \/> <img loading=\"lazy\" decoding=\"async\" class=\"aligncenter wp-image-12926 size-full\" src=\"https:\/\/www.annamardo.de\/wp-content\/uploads\/2021\/05\/02_Hochzeitsfotograf-Dinkelsbuehl.jpg\" alt=\"Hochzeitsreportage Design Hotel Meiser\" width=\"1500\" height=\"1003\" srcset=\"https:\/\/www.annamardo.de\/wp-content\/uploads\/2021\/05\/02_Hochzeitsfotograf-Dinkelsbuehl.jpg 1500w, https:\/\/www.annamardo.de\/wp-content\/uploads\/2021\/05\/02_Hochzeitsfotograf-Dinkelsbuehl-300x201.jpg 300w, https:\/\/www.annamardo.de\/wp-content\/uploads\/2021\/05\/02_Hochzeitsfotograf-Dinkelsbuehl-1024x685.jpg 1024w, https:\/\/www.annamardo.de\/wp-content\/uploads\/2021\/05\/02_Hochzeitsfotograf-Dinkelsbuehl-768x514.jpg 768w\" sizes=\"auto, (max-width: 1500px) 100vw, 1500px\" \/> <img loading=\"lazy\" decoding=\"async\" class=\"aligncenter wp-image-12929 size-full\" src=\"https:\/\/www.annamardo.de\/wp-content\/uploads\/2021\/05\/05_Getting-Ready-Meiser-Dinkelsbuehl.jpg\" alt=\"Hochzeitsfotograf Design Hotel Meiser\" width=\"1500\" height=\"2253\" srcset=\"https:\/\/www.annamardo.de\/wp-content\/uploads\/2021\/05\/05_Getting-Ready-Meiser-Dinkelsbuehl.jpg 1500w, https:\/\/www.annamardo.de\/wp-content\/uploads\/2021\/05\/05_Getting-Ready-Meiser-Dinkelsbuehl-200x300.jpg 200w, https:\/\/www.annamardo.de\/wp-content\/uploads\/2021\/05\/05_Getting-Ready-Meiser-Dinkelsbuehl-682x1024.jpg 682w, https:\/\/www.annamardo.de\/wp-content\/uploads\/2021\/05\/05_Getting-Ready-Meiser-Dinkelsbuehl-768x1154.jpg 768w, https:\/\/www.annamardo.de\/wp-content\/uploads\/2021\/05\/05_Getting-Ready-Meiser-Dinkelsbuehl-1023x1536.jpg 1023w, https:\/\/www.annamardo.de\/wp-content\/uploads\/2021\/05\/05_Getting-Ready-Meiser-Dinkelsbuehl-1364x2048.jpg 1364w\" sizes=\"auto, (max-width: 1500px) 100vw, 1500px\" \/> <img loading=\"lazy\" decoding=\"async\" class=\"aligncenter size-full wp-image-12930\" src=\"https:\/\/www.annamardo.de\/wp-content\/uploads\/2021\/05\/06_Hochzeitsfotografie-Dinkelsbuehl.jpg\" alt=\"\" width=\"1500\" height=\"2251\" srcset=\"https:\/\/www.annamardo.de\/wp-content\/uploads\/2021\/05\/06_Hochzeitsfotografie-Dinkelsbuehl.jpg 1500w, https:\/\/www.annamardo.de\/wp-content\/uploads\/2021\/05\/06_Hochzeitsfotografie-Dinkelsbuehl-200x300.jpg 200w, https:\/\/www.annamardo.de\/wp-content\/uploads\/2021\/05\/06_Hochzeitsfotografie-Dinkelsbuehl-682x1024.jpg 682w, https:\/\/www.annamardo.de\/wp-content\/uploads\/2021\/05\/06_Hochzeitsfotografie-Dinkelsbuehl-768x1153.jpg 768w, https:\/\/www.annamardo.de\/wp-content\/uploads\/2021\/05\/06_Hochzeitsfotografie-Dinkelsbuehl-1024x1536.jpg 1024w, https:\/\/www.annamardo.de\/wp-content\/uploads\/2021\/05\/06_Hochzeitsfotografie-Dinkelsbuehl-1365x2048.jpg 1365w\" sizes=\"auto, (max-width: 1500px) 100vw, 1500px\" \/> <img loading=\"lazy\" decoding=\"async\" class=\"aligncenter wp-image-12931 size-full\" src=\"https:\/\/www.annamardo.de\/wp-content\/uploads\/2021\/05\/07_Hochzeitsreportage-Dinkelsbuehl.jpg\" alt=\"Hochzeit in Dinkelsb\u00fchl\" width=\"1500\" height=\"1119\" srcset=\"https:\/\/www.annamardo.de\/wp-content\/uploads\/2021\/05\/07_Hochzeitsreportage-Dinkelsbuehl.jpg 1500w, https:\/\/www.annamardo.de\/wp-content\/uploads\/2021\/05\/07_Hochzeitsreportage-Dinkelsbuehl-300x224.jpg 300w, https:\/\/www.annamardo.de\/wp-content\/uploads\/2021\/05\/07_Hochzeitsreportage-Dinkelsbuehl-1024x764.jpg 1024w, https:\/\/www.annamardo.de\/wp-content\/uploads\/2021\/05\/07_Hochzeitsreportage-Dinkelsbuehl-768x573.jpg 768w\" sizes=\"auto, (max-width: 1500px) 100vw, 1500px\" \/> <img loading=\"lazy\" decoding=\"async\" class=\"aligncenter wp-image-12932 size-full\" src=\"https:\/\/www.annamardo.de\/wp-content\/uploads\/2021\/05\/08_Hochzeit-Fichtenau.jpg\" alt=\"Hochzeitsfotograf Dinkelsb\u00fchl\" width=\"1500\" height=\"2253\" srcset=\"https:\/\/www.annamardo.de\/wp-content\/uploads\/2021\/05\/08_Hochzeit-Fichtenau.jpg 1500w, https:\/\/www.annamardo.de\/wp-content\/uploads\/2021\/05\/08_Hochzeit-Fichtenau-200x300.jpg 200w, https:\/\/www.annamardo.de\/wp-content\/uploads\/2021\/05\/08_Hochzeit-Fichtenau-682x1024.jpg 682w, https:\/\/www.annamardo.de\/wp-content\/uploads\/2021\/05\/08_Hochzeit-Fichtenau-768x1154.jpg 768w, https:\/\/www.annamardo.de\/wp-content\/uploads\/2021\/05\/08_Hochzeit-Fichtenau-1023x1536.jpg 1023w, https:\/\/www.annamardo.de\/wp-content\/uploads\/2021\/05\/08_Hochzeit-Fichtenau-1364x2048.jpg 1364w\" sizes=\"auto, (max-width: 1500px) 100vw, 1500px\" \/> <img loading=\"lazy\" decoding=\"async\" class=\"aligncenter wp-image-12933 size-full\" src=\"https:\/\/www.annamardo.de\/wp-content\/uploads\/2021\/05\/09_Hochzeitsfotograf-Fichtenau.jpg\" alt=\"Hochzeit in Dinkelsb\u00fchl \" width=\"1500\" height=\"1000\" srcset=\"https:\/\/www.annamardo.de\/wp-content\/uploads\/2021\/05\/09_Hochzeitsfotograf-Fichtenau.jpg 1500w, https:\/\/www.annamardo.de\/wp-content\/uploads\/2021\/05\/09_Hochzeitsfotograf-Fichtenau-300x200.jpg 300w, https:\/\/www.annamardo.de\/wp-content\/uploads\/2021\/05\/09_Hochzeitsfotograf-Fichtenau-1024x683.jpg 1024w, https:\/\/www.annamardo.de\/wp-content\/uploads\/2021\/05\/09_Hochzeitsfotograf-Fichtenau-768x512.jpg 768w\" sizes=\"auto, (max-width: 1500px) 100vw, 1500px\" \/> <img loading=\"lazy\" decoding=\"async\" class=\"aligncenter size-full wp-image-12934\" src=\"https:\/\/www.annamardo.de\/wp-content\/uploads\/2021\/05\/10_Hochzeitsfotograf-Feuchtwangen.jpg\" alt=\"\" width=\"1500\" height=\"1000\" srcset=\"https:\/\/www.annamardo.de\/wp-content\/uploads\/2021\/05\/10_Hochzeitsfotograf-Feuchtwangen.jpg 1500w, https:\/\/www.annamardo.de\/wp-content\/uploads\/2021\/05\/10_Hochzeitsfotograf-Feuchtwangen-300x200.jpg 300w, https:\/\/www.annamardo.de\/wp-content\/uploads\/2021\/05\/10_Hochzeitsfotograf-Feuchtwangen-1024x683.jpg 1024w, https:\/\/www.annamardo.de\/wp-content\/uploads\/2021\/05\/10_Hochzeitsfotograf-Feuchtwangen-768x512.jpg 768w\" sizes=\"auto, (max-width: 1500px) 100vw, 1500px\" \/> <img loading=\"lazy\" decoding=\"async\" class=\"aligncenter wp-image-12935 size-full\" src=\"https:\/\/www.annamardo.de\/wp-content\/uploads\/2021\/05\/11_Reportage-Hochzeit-Ellwangen.jpg\" alt=\"Getting Ready im Meiser Design Hotel in Dinkelsb\u00fchl\" width=\"1500\" height=\"2251\" srcset=\"https:\/\/www.annamardo.de\/wp-content\/uploads\/2021\/05\/11_Reportage-Hochzeit-Ellwangen.jpg 1500w, https:\/\/www.annamardo.de\/wp-content\/uploads\/2021\/05\/11_Reportage-Hochzeit-Ellwangen-200x300.jpg 200w, https:\/\/www.annamardo.de\/wp-content\/uploads\/2021\/05\/11_Reportage-Hochzeit-Ellwangen-682x1024.jpg 682w, https:\/\/www.annamardo.de\/wp-content\/uploads\/2021\/05\/11_Reportage-Hochzeit-Ellwangen-768x1153.jpg 768w, https:\/\/www.annamardo.de\/wp-content\/uploads\/2021\/05\/11_Reportage-Hochzeit-Ellwangen-1024x1536.jpg 1024w, https:\/\/www.annamardo.de\/wp-content\/uploads\/2021\/05\/11_Reportage-Hochzeit-Ellwangen-1365x2048.jpg 1365w\" sizes=\"auto, (max-width: 1500px) 100vw, 1500px\" \/> <img loading=\"lazy\" decoding=\"async\" class=\"aligncenter size-full wp-image-12936\" src=\"https:\/\/www.annamardo.de\/wp-content\/uploads\/2021\/05\/12_Hochzeitsfotograf-Ellwangen.jpg\" alt=\"\" width=\"1500\" height=\"1119\" srcset=\"https:\/\/www.annamardo.de\/wp-content\/uploads\/2021\/05\/12_Hochzeitsfotograf-Ellwangen.jpg 1500w, https:\/\/www.annamardo.de\/wp-content\/uploads\/2021\/05\/12_Hochzeitsfotograf-Ellwangen-300x224.jpg 300w, https:\/\/www.annamardo.de\/wp-content\/uploads\/2021\/05\/12_Hochzeitsfotograf-Ellwangen-1024x764.jpg 1024w, https:\/\/www.annamardo.de\/wp-content\/uploads\/2021\/05\/12_Hochzeitsfotograf-Ellwangen-768x573.jpg 768w\" sizes=\"auto, (max-width: 1500px) 100vw, 1500px\" \/> <img loading=\"lazy\" decoding=\"async\" class=\"aligncenter wp-image-12937 size-full\" src=\"https:\/\/www.annamardo.de\/wp-content\/uploads\/2021\/05\/13_Hochzeit-Ellwangen.jpg\" alt=\"Heiraten im Meiser Design Hotel in Dinkelsb\u00fchl\" width=\"1500\" height=\"2253\" srcset=\"https:\/\/www.annamardo.de\/wp-content\/uploads\/2021\/05\/13_Hochzeit-Ellwangen.jpg 1500w, https:\/\/www.annamardo.de\/wp-content\/uploads\/2021\/05\/13_Hochzeit-Ellwangen-200x300.jpg 200w, https:\/\/www.annamardo.de\/wp-content\/uploads\/2021\/05\/13_Hochzeit-Ellwangen-682x1024.jpg 682w, https:\/\/www.annamardo.de\/wp-content\/uploads\/2021\/05\/13_Hochzeit-Ellwangen-768x1154.jpg 768w, https:\/\/www.annamardo.de\/wp-content\/uploads\/2021\/05\/13_Hochzeit-Ellwangen-1023x1536.jpg 1023w, https:\/\/www.annamardo.de\/wp-content\/uploads\/2021\/05\/13_Hochzeit-Ellwangen-1364x2048.jpg 1364w\" sizes=\"auto, (max-width: 1500px) 100vw, 1500px\" \/> <img loading=\"lazy\" decoding=\"async\" class=\"aligncenter size-full wp-image-12938\" src=\"https:\/\/www.annamardo.de\/wp-content\/uploads\/2021\/05\/14_Getting-Ready-Ellwangen.jpg\" alt=\"\" width=\"1500\" height=\"1119\" srcset=\"https:\/\/www.annamardo.de\/wp-content\/uploads\/2021\/05\/14_Getting-Ready-Ellwangen.jpg 1500w, https:\/\/www.annamardo.de\/wp-content\/uploads\/2021\/05\/14_Getting-Ready-Ellwangen-300x224.jpg 300w, https:\/\/www.annamardo.de\/wp-content\/uploads\/2021\/05\/14_Getting-Ready-Ellwangen-1024x764.jpg 1024w, https:\/\/www.annamardo.de\/wp-content\/uploads\/2021\/05\/14_Getting-Ready-Ellwangen-768x573.jpg 768w\" sizes=\"auto, (max-width: 1500px) 100vw, 1500px\" \/> <img loading=\"lazy\" decoding=\"async\" class=\"aligncenter wp-image-12939 size-full\" src=\"https:\/\/www.annamardo.de\/wp-content\/uploads\/2021\/05\/15_Dinkelsbuehl-Hochzeit.jpg\" alt=\"Hochzeit im Meiser Design Hotel in Dinkelsb\u00fchl\" width=\"1500\" height=\"1000\" srcset=\"https:\/\/www.annamardo.de\/wp-content\/uploads\/2021\/05\/15_Dinkelsbuehl-Hochzeit.jpg 1500w, https:\/\/www.annamardo.de\/wp-content\/uploads\/2021\/05\/15_Dinkelsbuehl-Hochzeit-300x200.jpg 300w, https:\/\/www.annamardo.de\/wp-content\/uploads\/2021\/05\/15_Dinkelsbuehl-Hochzeit-1024x683.jpg 1024w, https:\/\/www.annamardo.de\/wp-content\/uploads\/2021\/05\/15_Dinkelsbuehl-Hochzeit-768x512.jpg 768w\" sizes=\"auto, (max-width: 1500px) 100vw, 1500px\" \/> <img loading=\"lazy\" decoding=\"async\" class=\"aligncenter wp-image-12940 size-full\" src=\"https:\/\/www.annamardo.de\/wp-content\/uploads\/2021\/05\/16_Meiser-Design-Hotel-Hochzeit.jpg\" alt=\"Hochzeitsfotograf Dinkelsb\u00fchl - Getting ready\" width=\"1500\" height=\"1000\" srcset=\"https:\/\/www.annamardo.de\/wp-content\/uploads\/2021\/05\/16_Meiser-Design-Hotel-Hochzeit.jpg 1500w, https:\/\/www.annamardo.de\/wp-content\/uploads\/2021\/05\/16_Meiser-Design-Hotel-Hochzeit-300x200.jpg 300w, https:\/\/www.annamardo.de\/wp-content\/uploads\/2021\/05\/16_Meiser-Design-Hotel-Hochzeit-1024x683.jpg 1024w, https:\/\/www.annamardo.de\/wp-content\/uploads\/2021\/05\/16_Meiser-Design-Hotel-Hochzeit-768x512.jpg 768w\" sizes=\"auto, (max-width: 1500px) 100vw, 1500px\" \/> <img loading=\"lazy\" decoding=\"async\" class=\"aligncenter wp-image-12941 size-full\" src=\"https:\/\/www.annamardo.de\/wp-content\/uploads\/2021\/05\/17_Heiraten-Dinkelsbuehl.jpg\" alt=\"Hochzeitsfotograf Dinkelsb\u00fchl\" width=\"1500\" height=\"2253\" srcset=\"https:\/\/www.annamardo.de\/wp-content\/uploads\/2021\/05\/17_Heiraten-Dinkelsbuehl.jpg 1500w, https:\/\/www.annamardo.de\/wp-content\/uploads\/2021\/05\/17_Heiraten-Dinkelsbuehl-200x300.jpg 200w, https:\/\/www.annamardo.de\/wp-content\/uploads\/2021\/05\/17_Heiraten-Dinkelsbuehl-682x1024.jpg 682w, https:\/\/www.annamardo.de\/wp-content\/uploads\/2021\/05\/17_Heiraten-Dinkelsbuehl-768x1154.jpg 768w, https:\/\/www.annamardo.de\/wp-content\/uploads\/2021\/05\/17_Heiraten-Dinkelsbuehl-1023x1536.jpg 1023w, https:\/\/www.annamardo.de\/wp-content\/uploads\/2021\/05\/17_Heiraten-Dinkelsbuehl-1364x2048.jpg 1364w\" sizes=\"auto, (max-width: 1500px) 100vw, 1500px\" \/> <img loading=\"lazy\" decoding=\"async\" class=\"aligncenter wp-image-12942 size-full\" src=\"https:\/\/www.annamardo.de\/wp-content\/uploads\/2021\/05\/18_Hochzeitsfotograf-Crailsheim.jpg\" alt=\"Design Hotel Meiser Hochzeitsfotograf\" width=\"1500\" height=\"2253\" srcset=\"https:\/\/www.annamardo.de\/wp-content\/uploads\/2021\/05\/18_Hochzeitsfotograf-Crailsheim.jpg 1500w, https:\/\/www.annamardo.de\/wp-content\/uploads\/2021\/05\/18_Hochzeitsfotograf-Crailsheim-200x300.jpg 200w, https:\/\/www.annamardo.de\/wp-content\/uploads\/2021\/05\/18_Hochzeitsfotograf-Crailsheim-682x1024.jpg 682w, https:\/\/www.annamardo.de\/wp-content\/uploads\/2021\/05\/18_Hochzeitsfotograf-Crailsheim-768x1154.jpg 768w, https:\/\/www.annamardo.de\/wp-content\/uploads\/2021\/05\/18_Hochzeitsfotograf-Crailsheim-1023x1536.jpg 1023w, https:\/\/www.annamardo.de\/wp-content\/uploads\/2021\/05\/18_Hochzeitsfotograf-Crailsheim-1364x2048.jpg 1364w\" sizes=\"auto, (max-width: 1500px) 100vw, 1500px\" \/> <img loading=\"lazy\" decoding=\"async\" class=\"aligncenter wp-image-12943 size-full\" src=\"https:\/\/www.annamardo.de\/wp-content\/uploads\/2021\/05\/19_Fotograf-Hochzeit-Dinkelsbuehl.jpg\" alt=\"Design Hotel Meiser Heiraten\" width=\"1500\" height=\"1003\" srcset=\"https:\/\/www.annamardo.de\/wp-content\/uploads\/2021\/05\/19_Fotograf-Hochzeit-Dinkelsbuehl.jpg 1500w, https:\/\/www.annamardo.de\/wp-content\/uploads\/2021\/05\/19_Fotograf-Hochzeit-Dinkelsbuehl-300x201.jpg 300w, https:\/\/www.annamardo.de\/wp-content\/uploads\/2021\/05\/19_Fotograf-Hochzeit-Dinkelsbuehl-1024x685.jpg 1024w, https:\/\/www.annamardo.de\/wp-content\/uploads\/2021\/05\/19_Fotograf-Hochzeit-Dinkelsbuehl-768x514.jpg 768w\" sizes=\"auto, (max-width: 1500px) 100vw, 1500px\" \/> <img loading=\"lazy\" decoding=\"async\" class=\"aligncenter wp-image-12944 size-full\" src=\"https:\/\/www.annamardo.de\/wp-content\/uploads\/2021\/05\/20_Hochzeitsfotografie-Ellwangen.jpg\" alt=\"Location Hochzeit Dinkelsb\u00fchl\" width=\"1500\" height=\"1119\" srcset=\"https:\/\/www.annamardo.de\/wp-content\/uploads\/2021\/05\/20_Hochzeitsfotografie-Ellwangen.jpg 1500w, https:\/\/www.annamardo.de\/wp-content\/uploads\/2021\/05\/20_Hochzeitsfotografie-Ellwangen-300x224.jpg 300w, https:\/\/www.annamardo.de\/wp-content\/uploads\/2021\/05\/20_Hochzeitsfotografie-Ellwangen-1024x764.jpg 1024w, https:\/\/www.annamardo.de\/wp-content\/uploads\/2021\/05\/20_Hochzeitsfotografie-Ellwangen-768x573.jpg 768w\" sizes=\"auto, (max-width: 1500px) 100vw, 1500px\" \/> <img loading=\"lazy\" decoding=\"async\" class=\"aligncenter wp-image-12945 size-full\" src=\"https:\/\/www.annamardo.de\/wp-content\/uploads\/2021\/05\/21_Brautauto-Hochzeit-Dinkelsbuehl.jpg\" alt=\"Fotograf Hochzeit Fichtenau\" width=\"1500\" height=\"1000\" srcset=\"https:\/\/www.annamardo.de\/wp-content\/uploads\/2021\/05\/21_Brautauto-Hochzeit-Dinkelsbuehl.jpg 1500w, https:\/\/www.annamardo.de\/wp-content\/uploads\/2021\/05\/21_Brautauto-Hochzeit-Dinkelsbuehl-300x200.jpg 300w, https:\/\/www.annamardo.de\/wp-content\/uploads\/2021\/05\/21_Brautauto-Hochzeit-Dinkelsbuehl-1024x683.jpg 1024w, https:\/\/www.annamardo.de\/wp-content\/uploads\/2021\/05\/21_Brautauto-Hochzeit-Dinkelsbuehl-768x512.jpg 768w\" sizes=\"auto, (max-width: 1500px) 100vw, 1500px\" \/> <img loading=\"lazy\" decoding=\"async\" class=\"aligncenter wp-image-12946 size-full\" src=\"https:\/\/www.annamardo.de\/wp-content\/uploads\/2021\/05\/22_Hochzeitsfotograf-bayern.jpg\" alt=\"Fotograf Hochzeit Fichtenau\" width=\"1500\" height=\"1000\" srcset=\"https:\/\/www.annamardo.de\/wp-content\/uploads\/2021\/05\/22_Hochzeitsfotograf-bayern.jpg 1500w, https:\/\/www.annamardo.de\/wp-content\/uploads\/2021\/05\/22_Hochzeitsfotograf-bayern-300x200.jpg 300w, https:\/\/www.annamardo.de\/wp-content\/uploads\/2021\/05\/22_Hochzeitsfotograf-bayern-1024x683.jpg 1024w, https:\/\/www.annamardo.de\/wp-content\/uploads\/2021\/05\/22_Hochzeitsfotograf-bayern-768x512.jpg 768w\" sizes=\"auto, (max-width: 1500px) 100vw, 1500px\" \/> <img loading=\"lazy\" decoding=\"async\" class=\"aligncenter wp-image-12947 size-full\" src=\"https:\/\/www.annamardo.de\/wp-content\/uploads\/2021\/05\/23_Dinkelsbuehl-Brautpaarshooting.jpg\" alt=\"Hochzeitsfotograf Fichtenau\" width=\"1500\" height=\"1000\" srcset=\"https:\/\/www.annamardo.de\/wp-content\/uploads\/2021\/05\/23_Dinkelsbuehl-Brautpaarshooting.jpg 1500w, https:\/\/www.annamardo.de\/wp-content\/uploads\/2021\/05\/23_Dinkelsbuehl-Brautpaarshooting-300x200.jpg 300w, https:\/\/www.annamardo.de\/wp-content\/uploads\/2021\/05\/23_Dinkelsbuehl-Brautpaarshooting-1024x683.jpg 1024w, https:\/\/www.annamardo.de\/wp-content\/uploads\/2021\/05\/23_Dinkelsbuehl-Brautpaarshooting-768x512.jpg 768w\" sizes=\"auto, (max-width: 1500px) 100vw, 1500px\" \/> <img loading=\"lazy\" decoding=\"async\" class=\"aligncenter wp-image-12948 size-full\" src=\"https:\/\/www.annamardo.de\/wp-content\/uploads\/2021\/05\/24_Fichtenau-Brautpaar-Fotoshooting.jpg\" alt=\"Fotograf Hochzeit Ellwangen\" width=\"1500\" height=\"2253\" srcset=\"https:\/\/www.annamardo.de\/wp-content\/uploads\/2021\/05\/24_Fichtenau-Brautpaar-Fotoshooting.jpg 1500w, https:\/\/www.annamardo.de\/wp-content\/uploads\/2021\/05\/24_Fichtenau-Brautpaar-Fotoshooting-200x300.jpg 200w, https:\/\/www.annamardo.de\/wp-content\/uploads\/2021\/05\/24_Fichtenau-Brautpaar-Fotoshooting-682x1024.jpg 682w, https:\/\/www.annamardo.de\/wp-content\/uploads\/2021\/05\/24_Fichtenau-Brautpaar-Fotoshooting-768x1154.jpg 768w, https:\/\/www.annamardo.de\/wp-content\/uploads\/2021\/05\/24_Fichtenau-Brautpaar-Fotoshooting-1023x1536.jpg 1023w, https:\/\/www.annamardo.de\/wp-content\/uploads\/2021\/05\/24_Fichtenau-Brautpaar-Fotoshooting-1364x2048.jpg 1364w\" sizes=\"auto, (max-width: 1500px) 100vw, 1500px\" \/> <img loading=\"lazy\" decoding=\"async\" class=\"aligncenter wp-image-12949 size-full\" src=\"https:\/\/www.annamardo.de\/wp-content\/uploads\/2021\/05\/25_Fotograf-Hochzeit-Fichtenau.jpg\" alt=\"Hochzeitsfotograf Ellwangen\" width=\"1500\" height=\"1119\" srcset=\"https:\/\/www.annamardo.de\/wp-content\/uploads\/2021\/05\/25_Fotograf-Hochzeit-Fichtenau.jpg 1500w, https:\/\/www.annamardo.de\/wp-content\/uploads\/2021\/05\/25_Fotograf-Hochzeit-Fichtenau-300x224.jpg 300w, https:\/\/www.annamardo.de\/wp-content\/uploads\/2021\/05\/25_Fotograf-Hochzeit-Fichtenau-1024x764.jpg 1024w, https:\/\/www.annamardo.de\/wp-content\/uploads\/2021\/05\/25_Fotograf-Hochzeit-Fichtenau-768x573.jpg 768w\" sizes=\"auto, (max-width: 1500px) 100vw, 1500px\" \/> <img loading=\"lazy\" decoding=\"async\" class=\"aligncenter wp-image-12950 size-full\" src=\"https:\/\/www.annamardo.de\/wp-content\/uploads\/2021\/05\/26_Schnelldorf-Hochzeitsfotografin.jpg\" alt=\"Hochzeit Ellwangen\" width=\"1500\" height=\"1003\" srcset=\"https:\/\/www.annamardo.de\/wp-content\/uploads\/2021\/05\/26_Schnelldorf-Hochzeitsfotografin.jpg 1500w, https:\/\/www.annamardo.de\/wp-content\/uploads\/2021\/05\/26_Schnelldorf-Hochzeitsfotografin-300x201.jpg 300w, https:\/\/www.annamardo.de\/wp-content\/uploads\/2021\/05\/26_Schnelldorf-Hochzeitsfotografin-1024x685.jpg 1024w, https:\/\/www.annamardo.de\/wp-content\/uploads\/2021\/05\/26_Schnelldorf-Hochzeitsfotografin-768x514.jpg 768w\" sizes=\"auto, (max-width: 1500px) 100vw, 1500px\" \/> <img loading=\"lazy\" decoding=\"async\" class=\"aligncenter wp-image-12951 size-full\" src=\"https:\/\/www.annamardo.de\/wp-content\/uploads\/2021\/05\/27_Dinkelsbuehl-Hochzeit-Fotografin.jpg\" alt=\"Hochzeitsreportage Fichtenau\" width=\"1500\" height=\"2253\" srcset=\"https:\/\/www.annamardo.de\/wp-content\/uploads\/2021\/05\/27_Dinkelsbuehl-Hochzeit-Fotografin.jpg 1500w, https:\/\/www.annamardo.de\/wp-content\/uploads\/2021\/05\/27_Dinkelsbuehl-Hochzeit-Fotografin-200x300.jpg 200w, https:\/\/www.annamardo.de\/wp-content\/uploads\/2021\/05\/27_Dinkelsbuehl-Hochzeit-Fotografin-682x1024.jpg 682w, https:\/\/www.annamardo.de\/wp-content\/uploads\/2021\/05\/27_Dinkelsbuehl-Hochzeit-Fotografin-768x1154.jpg 768w, https:\/\/www.annamardo.de\/wp-content\/uploads\/2021\/05\/27_Dinkelsbuehl-Hochzeit-Fotografin-1023x1536.jpg 1023w, https:\/\/www.annamardo.de\/wp-content\/uploads\/2021\/05\/27_Dinkelsbuehl-Hochzeit-Fotografin-1364x2048.jpg 1364w\" sizes=\"auto, (max-width: 1500px) 100vw, 1500px\" \/> <img loading=\"lazy\" decoding=\"async\" class=\"aligncenter wp-image-12952 size-full\" src=\"https:\/\/www.annamardo.de\/wp-content\/uploads\/2021\/05\/28_Fotograf-Hochzeit-Ellwangen.jpg\" alt=\"Ellwangen Fotograf Hochzeit\" width=\"1500\" height=\"1000\" srcset=\"https:\/\/www.annamardo.de\/wp-content\/uploads\/2021\/05\/28_Fotograf-Hochzeit-Ellwangen.jpg 1500w, https:\/\/www.annamardo.de\/wp-content\/uploads\/2021\/05\/28_Fotograf-Hochzeit-Ellwangen-300x200.jpg 300w, https:\/\/www.annamardo.de\/wp-content\/uploads\/2021\/05\/28_Fotograf-Hochzeit-Ellwangen-1024x683.jpg 1024w, https:\/\/www.annamardo.de\/wp-content\/uploads\/2021\/05\/28_Fotograf-Hochzeit-Ellwangen-768x512.jpg 768w\" sizes=\"auto, (max-width: 1500px) 100vw, 1500px\" \/> <img loading=\"lazy\" decoding=\"async\" class=\"aligncenter size-full wp-image-12953\" src=\"https:\/\/www.annamardo.de\/wp-content\/uploads\/2021\/05\/29_Dinkelsbuehl-Hochzeitsreportage.jpg\" alt=\"\" width=\"1500\" height=\"1000\" srcset=\"https:\/\/www.annamardo.de\/wp-content\/uploads\/2021\/05\/29_Dinkelsbuehl-Hochzeitsreportage.jpg 1500w, https:\/\/www.annamardo.de\/wp-content\/uploads\/2021\/05\/29_Dinkelsbuehl-Hochzeitsreportage-300x200.jpg 300w, https:\/\/www.annamardo.de\/wp-content\/uploads\/2021\/05\/29_Dinkelsbuehl-Hochzeitsreportage-1024x683.jpg 1024w, https:\/\/www.annamardo.de\/wp-content\/uploads\/2021\/05\/29_Dinkelsbuehl-Hochzeitsreportage-768x512.jpg 768w\" sizes=\"auto, (max-width: 1500px) 100vw, 1500px\" \/> <img loading=\"lazy\" decoding=\"async\" class=\"aligncenter wp-image-12954 size-full\" src=\"https:\/\/www.annamardo.de\/wp-content\/uploads\/2021\/05\/30_Braut-Portrait-Dinkelsbuehl.jpg\" alt=\"Braut in Dinkelsb\u00fchl\" width=\"1500\" height=\"1119\" srcset=\"https:\/\/www.annamardo.de\/wp-content\/uploads\/2021\/05\/30_Braut-Portrait-Dinkelsbuehl.jpg 1500w, https:\/\/www.annamardo.de\/wp-content\/uploads\/2021\/05\/30_Braut-Portrait-Dinkelsbuehl-300x224.jpg 300w, https:\/\/www.annamardo.de\/wp-content\/uploads\/2021\/05\/30_Braut-Portrait-Dinkelsbuehl-1024x764.jpg 1024w, https:\/\/www.annamardo.de\/wp-content\/uploads\/2021\/05\/30_Braut-Portrait-Dinkelsbuehl-768x573.jpg 768w\" sizes=\"auto, (max-width: 1500px) 100vw, 1500px\" \/> <img loading=\"lazy\" decoding=\"async\" class=\"aligncenter wp-image-12955 size-full\" src=\"https:\/\/www.annamardo.de\/wp-content\/uploads\/2021\/05\/31_Hochzeit-Dinkelsbuehl-Fotoshooting.jpg\" alt=\"Fotoshooting Braut in Dinkelsb\u00fchl\" width=\"1500\" height=\"2253\" srcset=\"https:\/\/www.annamardo.de\/wp-content\/uploads\/2021\/05\/31_Hochzeit-Dinkelsbuehl-Fotoshooting.jpg 1500w, https:\/\/www.annamardo.de\/wp-content\/uploads\/2021\/05\/31_Hochzeit-Dinkelsbuehl-Fotoshooting-200x300.jpg 200w, https:\/\/www.annamardo.de\/wp-content\/uploads\/2021\/05\/31_Hochzeit-Dinkelsbuehl-Fotoshooting-682x1024.jpg 682w, https:\/\/www.annamardo.de\/wp-content\/uploads\/2021\/05\/31_Hochzeit-Dinkelsbuehl-Fotoshooting-768x1154.jpg 768w, https:\/\/www.annamardo.de\/wp-content\/uploads\/2021\/05\/31_Hochzeit-Dinkelsbuehl-Fotoshooting-1023x1536.jpg 1023w, https:\/\/www.annamardo.de\/wp-content\/uploads\/2021\/05\/31_Hochzeit-Dinkelsbuehl-Fotoshooting-1364x2048.jpg 1364w\" sizes=\"auto, (max-width: 1500px) 100vw, 1500px\" \/> <img loading=\"lazy\" decoding=\"async\" class=\"aligncenter wp-image-12956 size-full\" src=\"https:\/\/www.annamardo.de\/wp-content\/uploads\/2021\/05\/32_Hochzeitsfotograf-Aalen.jpg\" alt=\"Portraits Brautpaar Stuttgart\" width=\"1500\" height=\"1119\" srcset=\"https:\/\/www.annamardo.de\/wp-content\/uploads\/2021\/05\/32_Hochzeitsfotograf-Aalen.jpg 1500w, https:\/\/www.annamardo.de\/wp-content\/uploads\/2021\/05\/32_Hochzeitsfotograf-Aalen-300x224.jpg 300w, https:\/\/www.annamardo.de\/wp-content\/uploads\/2021\/05\/32_Hochzeitsfotograf-Aalen-1024x764.jpg 1024w, https:\/\/www.annamardo.de\/wp-content\/uploads\/2021\/05\/32_Hochzeitsfotograf-Aalen-768x573.jpg 768w\" sizes=\"auto, (max-width: 1500px) 100vw, 1500px\" \/> <img loading=\"lazy\" decoding=\"async\" class=\"aligncenter wp-image-12957 size-full\" src=\"https:\/\/www.annamardo.de\/wp-content\/uploads\/2021\/05\/33_Hochzeitsreportage-Bayern.jpg\" alt=\"Hochzeitsfotograf Stuttgart\" width=\"1500\" height=\"2253\" srcset=\"https:\/\/www.annamardo.de\/wp-content\/uploads\/2021\/05\/33_Hochzeitsreportage-Bayern.jpg 1500w, https:\/\/www.annamardo.de\/wp-content\/uploads\/2021\/05\/33_Hochzeitsreportage-Bayern-200x300.jpg 200w, https:\/\/www.annamardo.de\/wp-content\/uploads\/2021\/05\/33_Hochzeitsreportage-Bayern-682x1024.jpg 682w, https:\/\/www.annamardo.de\/wp-content\/uploads\/2021\/05\/33_Hochzeitsreportage-Bayern-768x1154.jpg 768w, https:\/\/www.annamardo.de\/wp-content\/uploads\/2021\/05\/33_Hochzeitsreportage-Bayern-1023x1536.jpg 1023w, https:\/\/www.annamardo.de\/wp-content\/uploads\/2021\/05\/33_Hochzeitsreportage-Bayern-1364x2048.jpg 1364w\" sizes=\"auto, (max-width: 1500px) 100vw, 1500px\" \/> <img loading=\"lazy\" decoding=\"async\" class=\"aligncenter wp-image-12958 size-full\" src=\"https:\/\/www.annamardo.de\/wp-content\/uploads\/2021\/05\/34_Brautpaarshooting-Dinkelsbuehl.jpg\" alt=\"Heiraten in Dinkelsb\u00fchl\" width=\"1500\" height=\"2251\" srcset=\"https:\/\/www.annamardo.de\/wp-content\/uploads\/2021\/05\/34_Brautpaarshooting-Dinkelsbuehl.jpg 1500w, https:\/\/www.annamardo.de\/wp-content\/uploads\/2021\/05\/34_Brautpaarshooting-Dinkelsbuehl-200x300.jpg 200w, https:\/\/www.annamardo.de\/wp-content\/uploads\/2021\/05\/34_Brautpaarshooting-Dinkelsbuehl-682x1024.jpg 682w, https:\/\/www.annamardo.de\/wp-content\/uploads\/2021\/05\/34_Brautpaarshooting-Dinkelsbuehl-768x1153.jpg 768w, https:\/\/www.annamardo.de\/wp-content\/uploads\/2021\/05\/34_Brautpaarshooting-Dinkelsbuehl-1024x1536.jpg 1024w, https:\/\/www.annamardo.de\/wp-content\/uploads\/2021\/05\/34_Brautpaarshooting-Dinkelsbuehl-1365x2048.jpg 1365w\" sizes=\"auto, (max-width: 1500px) 100vw, 1500px\" \/> <img loading=\"lazy\" decoding=\"async\" class=\"aligncenter wp-image-12959 size-full\" src=\"https:\/\/www.annamardo.de\/wp-content\/uploads\/2021\/05\/35_Brautschuhe-Fotoshooting-Dinkelsbuehl.jpg\" alt=\"Hochzeitsfotografin Bayern\" width=\"1500\" height=\"1000\" srcset=\"https:\/\/www.annamardo.de\/wp-content\/uploads\/2021\/05\/35_Brautschuhe-Fotoshooting-Dinkelsbuehl.jpg 1500w, https:\/\/www.annamardo.de\/wp-content\/uploads\/2021\/05\/35_Brautschuhe-Fotoshooting-Dinkelsbuehl-300x200.jpg 300w, https:\/\/www.annamardo.de\/wp-content\/uploads\/2021\/05\/35_Brautschuhe-Fotoshooting-Dinkelsbuehl-1024x683.jpg 1024w, https:\/\/www.annamardo.de\/wp-content\/uploads\/2021\/05\/35_Brautschuhe-Fotoshooting-Dinkelsbuehl-768x512.jpg 768w\" sizes=\"auto, (max-width: 1500px) 100vw, 1500px\" \/> <img loading=\"lazy\" decoding=\"async\" class=\"aligncenter wp-image-12960 size-full\" src=\"https:\/\/www.annamardo.de\/wp-content\/uploads\/2021\/05\/36_Hochzeit-Dinkelsbuehl.jpg\" alt=\"Hochzeitsfotos in Dinkelsb\u00fchl\" width=\"1500\" height=\"1000\" srcset=\"https:\/\/www.annamardo.de\/wp-content\/uploads\/2021\/05\/36_Hochzeit-Dinkelsbuehl.jpg 1500w, https:\/\/www.annamardo.de\/wp-content\/uploads\/2021\/05\/36_Hochzeit-Dinkelsbuehl-300x200.jpg 300w, https:\/\/www.annamardo.de\/wp-content\/uploads\/2021\/05\/36_Hochzeit-Dinkelsbuehl-1024x683.jpg 1024w, https:\/\/www.annamardo.de\/wp-content\/uploads\/2021\/05\/36_Hochzeit-Dinkelsbuehl-768x512.jpg 768w\" sizes=\"auto, (max-width: 1500px) 100vw, 1500px\" \/> <img loading=\"lazy\" decoding=\"async\" class=\"aligncenter wp-image-12961 size-full\" src=\"https:\/\/www.annamardo.de\/wp-content\/uploads\/2021\/05\/37_Hochzeit-Dinkelsbuehl.jpg\" alt=\"Brautpaarshooting Feuchtwangen\" width=\"1500\" height=\"1119\" srcset=\"https:\/\/www.annamardo.de\/wp-content\/uploads\/2021\/05\/37_Hochzeit-Dinkelsbuehl.jpg 1500w, https:\/\/www.annamardo.de\/wp-content\/uploads\/2021\/05\/37_Hochzeit-Dinkelsbuehl-300x224.jpg 300w, https:\/\/www.annamardo.de\/wp-content\/uploads\/2021\/05\/37_Hochzeit-Dinkelsbuehl-1024x764.jpg 1024w, https:\/\/www.annamardo.de\/wp-content\/uploads\/2021\/05\/37_Hochzeit-Dinkelsbuehl-768x573.jpg 768w\" sizes=\"auto, (max-width: 1500px) 100vw, 1500px\" \/> <img loading=\"lazy\" decoding=\"async\" class=\"aligncenter wp-image-12962 size-full\" src=\"https:\/\/www.annamardo.de\/wp-content\/uploads\/2021\/05\/38_Fotograf-Hochzeit-Stuttgart.jpg\" alt=\"Hochzeit in Fichtenau\" width=\"1500\" height=\"1000\" srcset=\"https:\/\/www.annamardo.de\/wp-content\/uploads\/2021\/05\/38_Fotograf-Hochzeit-Stuttgart.jpg 1500w, https:\/\/www.annamardo.de\/wp-content\/uploads\/2021\/05\/38_Fotograf-Hochzeit-Stuttgart-300x200.jpg 300w, https:\/\/www.annamardo.de\/wp-content\/uploads\/2021\/05\/38_Fotograf-Hochzeit-Stuttgart-1024x683.jpg 1024w, https:\/\/www.annamardo.de\/wp-content\/uploads\/2021\/05\/38_Fotograf-Hochzeit-Stuttgart-768x512.jpg 768w\" sizes=\"auto, (max-width: 1500px) 100vw, 1500px\" \/> <img loading=\"lazy\" decoding=\"async\" class=\"aligncenter wp-image-12963 size-full\" src=\"https:\/\/www.annamardo.de\/wp-content\/uploads\/2021\/05\/39_Hochzeitsfotografie-Stuttgart.jpg\" alt=\"Fichtenau Hochzeitsfotografin\" width=\"1500\" height=\"2253\" srcset=\"https:\/\/www.annamardo.de\/wp-content\/uploads\/2021\/05\/39_Hochzeitsfotografie-Stuttgart.jpg 1500w, https:\/\/www.annamardo.de\/wp-content\/uploads\/2021\/05\/39_Hochzeitsfotografie-Stuttgart-200x300.jpg 200w, https:\/\/www.annamardo.de\/wp-content\/uploads\/2021\/05\/39_Hochzeitsfotografie-Stuttgart-682x1024.jpg 682w, https:\/\/www.annamardo.de\/wp-content\/uploads\/2021\/05\/39_Hochzeitsfotografie-Stuttgart-768x1154.jpg 768w, https:\/\/www.annamardo.de\/wp-content\/uploads\/2021\/05\/39_Hochzeitsfotografie-Stuttgart-1023x1536.jpg 1023w, https:\/\/www.annamardo.de\/wp-content\/uploads\/2021\/05\/39_Hochzeitsfotografie-Stuttgart-1364x2048.jpg 1364w\" sizes=\"auto, (max-width: 1500px) 100vw, 1500px\" \/> <img loading=\"lazy\" decoding=\"async\" class=\"aligncenter wp-image-12964 size-full\" src=\"https:\/\/www.annamardo.de\/wp-content\/uploads\/2021\/05\/40_Dinkelsbuehl-Hochzeit-Trauung.jpg\" alt=\"Trauung Fichtenau\" width=\"1500\" height=\"1000\" srcset=\"https:\/\/www.annamardo.de\/wp-content\/uploads\/2021\/05\/40_Dinkelsbuehl-Hochzeit-Trauung.jpg 1500w, https:\/\/www.annamardo.de\/wp-content\/uploads\/2021\/05\/40_Dinkelsbuehl-Hochzeit-Trauung-300x200.jpg 300w, https:\/\/www.annamardo.de\/wp-content\/uploads\/2021\/05\/40_Dinkelsbuehl-Hochzeit-Trauung-1024x683.jpg 1024w, https:\/\/www.annamardo.de\/wp-content\/uploads\/2021\/05\/40_Dinkelsbuehl-Hochzeit-Trauung-768x512.jpg 768w\" sizes=\"auto, (max-width: 1500px) 100vw, 1500px\" \/> <img loading=\"lazy\" decoding=\"async\" class=\"aligncenter size-full wp-image-12965\" src=\"https:\/\/www.annamardo.de\/wp-content\/uploads\/2021\/05\/41_Dinkelsbuehl-Hochzeit-Trauung.jpg\" alt=\"\" width=\"1500\" height=\"1000\" srcset=\"https:\/\/www.annamardo.de\/wp-content\/uploads\/2021\/05\/41_Dinkelsbuehl-Hochzeit-Trauung.jpg 1500w, https:\/\/www.annamardo.de\/wp-content\/uploads\/2021\/05\/41_Dinkelsbuehl-Hochzeit-Trauung-300x200.jpg 300w, https:\/\/www.annamardo.de\/wp-content\/uploads\/2021\/05\/41_Dinkelsbuehl-Hochzeit-Trauung-1024x683.jpg 1024w, https:\/\/www.annamardo.de\/wp-content\/uploads\/2021\/05\/41_Dinkelsbuehl-Hochzeit-Trauung-768x512.jpg 768w\" sizes=\"auto, (max-width: 1500px) 100vw, 1500px\" \/> <img loading=\"lazy\" decoding=\"async\" class=\"aligncenter wp-image-12966 size-full\" src=\"https:\/\/www.annamardo.de\/wp-content\/uploads\/2021\/05\/42_Outdoor-Trauung-Fichtenau.jpg\" alt=\"Outdoor Trauung Fichtenau\" width=\"1500\" height=\"1000\" srcset=\"https:\/\/www.annamardo.de\/wp-content\/uploads\/2021\/05\/42_Outdoor-Trauung-Fichtenau.jpg 1500w, https:\/\/www.annamardo.de\/wp-content\/uploads\/2021\/05\/42_Outdoor-Trauung-Fichtenau-300x200.jpg 300w, https:\/\/www.annamardo.de\/wp-content\/uploads\/2021\/05\/42_Outdoor-Trauung-Fichtenau-1024x683.jpg 1024w, https:\/\/www.annamardo.de\/wp-content\/uploads\/2021\/05\/42_Outdoor-Trauung-Fichtenau-768x512.jpg 768w\" sizes=\"auto, (max-width: 1500px) 100vw, 1500px\" \/> <img loading=\"lazy\" decoding=\"async\" class=\"aligncenter wp-image-12967 size-full\" src=\"https:\/\/www.annamardo.de\/wp-content\/uploads\/2021\/05\/43_Outdoor-Trauung-Fichtenau.jpg\" alt=\"Kirchliche Trauung Fichtenau\" width=\"1500\" height=\"1000\" srcset=\"https:\/\/www.annamardo.de\/wp-content\/uploads\/2021\/05\/43_Outdoor-Trauung-Fichtenau.jpg 1500w, https:\/\/www.annamardo.de\/wp-content\/uploads\/2021\/05\/43_Outdoor-Trauung-Fichtenau-300x200.jpg 300w, https:\/\/www.annamardo.de\/wp-content\/uploads\/2021\/05\/43_Outdoor-Trauung-Fichtenau-1024x683.jpg 1024w, https:\/\/www.annamardo.de\/wp-content\/uploads\/2021\/05\/43_Outdoor-Trauung-Fichtenau-768x512.jpg 768w\" sizes=\"auto, (max-width: 1500px) 100vw, 1500px\" \/> <img loading=\"lazy\" decoding=\"async\" class=\"aligncenter wp-image-12968 size-full\" src=\"https:\/\/www.annamardo.de\/wp-content\/uploads\/2021\/05\/44_Kirchliche-Trauung-Outdoor.jpg\" alt=\"Trauung im Freien in Fichtenau\" width=\"1500\" height=\"2251\" srcset=\"https:\/\/www.annamardo.de\/wp-content\/uploads\/2021\/05\/44_Kirchliche-Trauung-Outdoor.jpg 1500w, https:\/\/www.annamardo.de\/wp-content\/uploads\/2021\/05\/44_Kirchliche-Trauung-Outdoor-200x300.jpg 200w, https:\/\/www.annamardo.de\/wp-content\/uploads\/2021\/05\/44_Kirchliche-Trauung-Outdoor-682x1024.jpg 682w, https:\/\/www.annamardo.de\/wp-content\/uploads\/2021\/05\/44_Kirchliche-Trauung-Outdoor-768x1153.jpg 768w, https:\/\/www.annamardo.de\/wp-content\/uploads\/2021\/05\/44_Kirchliche-Trauung-Outdoor-1024x1536.jpg 1024w, https:\/\/www.annamardo.de\/wp-content\/uploads\/2021\/05\/44_Kirchliche-Trauung-Outdoor-1365x2048.jpg 1365w\" sizes=\"auto, (max-width: 1500px) 100vw, 1500px\" \/> <img loading=\"lazy\" decoding=\"async\" class=\"aligncenter wp-image-12969 size-full\" src=\"https:\/\/www.annamardo.de\/wp-content\/uploads\/2021\/05\/45_Kirchliche-Trauung-Outdoor.jpg\" alt=\"Reportage Hochzeit in Fichtenau\" width=\"1500\" height=\"1000\" srcset=\"https:\/\/www.annamardo.de\/wp-content\/uploads\/2021\/05\/45_Kirchliche-Trauung-Outdoor.jpg 1500w, https:\/\/www.annamardo.de\/wp-content\/uploads\/2021\/05\/45_Kirchliche-Trauung-Outdoor-300x200.jpg 300w, https:\/\/www.annamardo.de\/wp-content\/uploads\/2021\/05\/45_Kirchliche-Trauung-Outdoor-1024x683.jpg 1024w, https:\/\/www.annamardo.de\/wp-content\/uploads\/2021\/05\/45_Kirchliche-Trauung-Outdoor-768x512.jpg 768w\" sizes=\"auto, (max-width: 1500px) 100vw, 1500px\" \/> <img loading=\"lazy\" decoding=\"async\" class=\"aligncenter wp-image-12970 size-full\" src=\"https:\/\/www.annamardo.de\/wp-content\/uploads\/2021\/05\/46_Reportage-Hochzeit-Fichtenau.jpg\" alt=\"Schw\u00e4bisch Gm\u00fcnd Hochzeit\" width=\"1500\" height=\"1000\" srcset=\"https:\/\/www.annamardo.de\/wp-content\/uploads\/2021\/05\/46_Reportage-Hochzeit-Fichtenau.jpg 1500w, https:\/\/www.annamardo.de\/wp-content\/uploads\/2021\/05\/46_Reportage-Hochzeit-Fichtenau-300x200.jpg 300w, https:\/\/www.annamardo.de\/wp-content\/uploads\/2021\/05\/46_Reportage-Hochzeit-Fichtenau-1024x683.jpg 1024w, https:\/\/www.annamardo.de\/wp-content\/uploads\/2021\/05\/46_Reportage-Hochzeit-Fichtenau-768x512.jpg 768w\" sizes=\"auto, (max-width: 1500px) 100vw, 1500px\" \/> <img loading=\"lazy\" decoding=\"async\" class=\"aligncenter wp-image-12971 size-full\" src=\"https:\/\/www.annamardo.de\/wp-content\/uploads\/2021\/05\/47_Reportage-Hochzeit-Fichtenau.jpg\" alt=\"Hochzeitsfotograf Stuttgart\" width=\"1500\" height=\"714\" srcset=\"https:\/\/www.annamardo.de\/wp-content\/uploads\/2021\/05\/47_Reportage-Hochzeit-Fichtenau.jpg 1500w, https:\/\/www.annamardo.de\/wp-content\/uploads\/2021\/05\/47_Reportage-Hochzeit-Fichtenau-300x143.jpg 300w, https:\/\/www.annamardo.de\/wp-content\/uploads\/2021\/05\/47_Reportage-Hochzeit-Fichtenau-1024x487.jpg 1024w, https:\/\/www.annamardo.de\/wp-content\/uploads\/2021\/05\/47_Reportage-Hochzeit-Fichtenau-768x366.jpg 768w\" sizes=\"auto, (max-width: 1500px) 100vw, 1500px\" \/> <img loading=\"lazy\" decoding=\"async\" class=\"aligncenter wp-image-12972 size-full\" src=\"https:\/\/www.annamardo.de\/wp-content\/uploads\/2021\/05\/48_Lebendige-Hochzeitsfotografie-Fichtenau.jpg\" alt=\"Schw\u00e4bisch Gm\u00fcnd Hochzeitsfotograf\" width=\"1500\" height=\"1000\" srcset=\"https:\/\/www.annamardo.de\/wp-content\/uploads\/2021\/05\/48_Lebendige-Hochzeitsfotografie-Fichtenau.jpg 1500w, https:\/\/www.annamardo.de\/wp-content\/uploads\/2021\/05\/48_Lebendige-Hochzeitsfotografie-Fichtenau-300x200.jpg 300w, https:\/\/www.annamardo.de\/wp-content\/uploads\/2021\/05\/48_Lebendige-Hochzeitsfotografie-Fichtenau-1024x683.jpg 1024w, https:\/\/www.annamardo.de\/wp-content\/uploads\/2021\/05\/48_Lebendige-Hochzeitsfotografie-Fichtenau-768x512.jpg 768w\" sizes=\"auto, (max-width: 1500px) 100vw, 1500px\" \/> <img loading=\"lazy\" decoding=\"async\" class=\"aligncenter wp-image-12973 size-full\" src=\"https:\/\/www.annamardo.de\/wp-content\/uploads\/2021\/05\/49_Fichtenau-Hochzeit-Fotograf.jpg\" alt=\"Schw\u00e4bisch Gm\u00fcnd Hochzeitsfotograf Trauung\" width=\"1500\" height=\"1000\" srcset=\"https:\/\/www.annamardo.de\/wp-content\/uploads\/2021\/05\/49_Fichtenau-Hochzeit-Fotograf.jpg 1500w, https:\/\/www.annamardo.de\/wp-content\/uploads\/2021\/05\/49_Fichtenau-Hochzeit-Fotograf-300x200.jpg 300w, https:\/\/www.annamardo.de\/wp-content\/uploads\/2021\/05\/49_Fichtenau-Hochzeit-Fotograf-1024x683.jpg 1024w, https:\/\/www.annamardo.de\/wp-content\/uploads\/2021\/05\/49_Fichtenau-Hochzeit-Fotograf-768x512.jpg 768w\" sizes=\"auto, (max-width: 1500px) 100vw, 1500px\" \/> <img loading=\"lazy\" decoding=\"async\" class=\"aligncenter wp-image-12974 size-full\" src=\"https:\/\/www.annamardo.de\/wp-content\/uploads\/2021\/05\/50_Fichtenau-Hochzeit-Fotograf.jpg\" alt=\"Lebendige Hochzeitsfotograf Dinkelsb\u00fchl\" width=\"1500\" height=\"1000\" srcset=\"https:\/\/www.annamardo.de\/wp-content\/uploads\/2021\/05\/50_Fichtenau-Hochzeit-Fotograf.jpg 1500w, https:\/\/www.annamardo.de\/wp-content\/uploads\/2021\/05\/50_Fichtenau-Hochzeit-Fotograf-300x200.jpg 300w, https:\/\/www.annamardo.de\/wp-content\/uploads\/2021\/05\/50_Fichtenau-Hochzeit-Fotograf-1024x683.jpg 1024w, https:\/\/www.annamardo.de\/wp-content\/uploads\/2021\/05\/50_Fichtenau-Hochzeit-Fotograf-768x512.jpg 768w\" sizes=\"auto, (max-width: 1500px) 100vw, 1500px\" \/> <img loading=\"lazy\" decoding=\"async\" class=\"aligncenter size-full wp-image-12975\" src=\"https:\/\/www.annamardo.de\/wp-content\/uploads\/2021\/05\/51_Hochzeitsfotograf-Bayern.jpg\" alt=\"\" width=\"1500\" height=\"688\" srcset=\"https:\/\/www.annamardo.de\/wp-content\/uploads\/2021\/05\/51_Hochzeitsfotograf-Bayern.jpg 1500w, https:\/\/www.annamardo.de\/wp-content\/uploads\/2021\/05\/51_Hochzeitsfotograf-Bayern-300x138.jpg 300w, https:\/\/www.annamardo.de\/wp-content\/uploads\/2021\/05\/51_Hochzeitsfotograf-Bayern-1024x470.jpg 1024w, https:\/\/www.annamardo.de\/wp-content\/uploads\/2021\/05\/51_Hochzeitsfotograf-Bayern-768x352.jpg 768w\" sizes=\"auto, (max-width: 1500px) 100vw, 1500px\" \/> <img loading=\"lazy\" decoding=\"async\" class=\"aligncenter wp-image-12976 size-full\" src=\"https:\/\/www.annamardo.de\/wp-content\/uploads\/2021\/05\/52_Hochzeitsfotograf-Bayern.jpg\" alt=\"Trauung im Freien in bayern\" width=\"1500\" height=\"1000\" srcset=\"https:\/\/www.annamardo.de\/wp-content\/uploads\/2021\/05\/52_Hochzeitsfotograf-Bayern.jpg 1500w, https:\/\/www.annamardo.de\/wp-content\/uploads\/2021\/05\/52_Hochzeitsfotograf-Bayern-300x200.jpg 300w, https:\/\/www.annamardo.de\/wp-content\/uploads\/2021\/05\/52_Hochzeitsfotograf-Bayern-1024x683.jpg 1024w, https:\/\/www.annamardo.de\/wp-content\/uploads\/2021\/05\/52_Hochzeitsfotograf-Bayern-768x512.jpg 768w\" sizes=\"auto, (max-width: 1500px) 100vw, 1500px\" \/> <img loading=\"lazy\" decoding=\"async\" class=\"aligncenter wp-image-12977 size-full\" src=\"https:\/\/www.annamardo.de\/wp-content\/uploads\/2021\/05\/53_Hochzeitsfotografie-Crailsheim.jpg\" alt=\"Lebendige Hochzeitsfotograf Dinkelsb\u00fchl\" width=\"1500\" height=\"1000\" srcset=\"https:\/\/www.annamardo.de\/wp-content\/uploads\/2021\/05\/53_Hochzeitsfotografie-Crailsheim.jpg 1500w, https:\/\/www.annamardo.de\/wp-content\/uploads\/2021\/05\/53_Hochzeitsfotografie-Crailsheim-300x200.jpg 300w, https:\/\/www.annamardo.de\/wp-content\/uploads\/2021\/05\/53_Hochzeitsfotografie-Crailsheim-1024x683.jpg 1024w, https:\/\/www.annamardo.de\/wp-content\/uploads\/2021\/05\/53_Hochzeitsfotografie-Crailsheim-768x512.jpg 768w\" sizes=\"auto, (max-width: 1500px) 100vw, 1500px\" \/> <img loading=\"lazy\" decoding=\"async\" class=\"aligncenter size-full wp-image-12978\" src=\"https:\/\/www.annamardo.de\/wp-content\/uploads\/2021\/05\/54_Fotografin-Hochzeit-Stuttgart.jpg\" alt=\"\" width=\"1500\" height=\"1000\" srcset=\"https:\/\/www.annamardo.de\/wp-content\/uploads\/2021\/05\/54_Fotografin-Hochzeit-Stuttgart.jpg 1500w, https:\/\/www.annamardo.de\/wp-content\/uploads\/2021\/05\/54_Fotografin-Hochzeit-Stuttgart-300x200.jpg 300w, https:\/\/www.annamardo.de\/wp-content\/uploads\/2021\/05\/54_Fotografin-Hochzeit-Stuttgart-1024x683.jpg 1024w, https:\/\/www.annamardo.de\/wp-content\/uploads\/2021\/05\/54_Fotografin-Hochzeit-Stuttgart-768x512.jpg 768w\" sizes=\"auto, (max-width: 1500px) 100vw, 1500px\" \/> <img loading=\"lazy\" decoding=\"async\" class=\"aligncenter wp-image-12979 size-full\" src=\"https:\/\/www.annamardo.de\/wp-content\/uploads\/2021\/05\/55_Fotografin-Hochzeit-Stuttgart.jpg\" alt=\"Kirchliche Trauung im Freien\" width=\"1500\" height=\"1000\" srcset=\"https:\/\/www.annamardo.de\/wp-content\/uploads\/2021\/05\/55_Fotografin-Hochzeit-Stuttgart.jpg 1500w, https:\/\/www.annamardo.de\/wp-content\/uploads\/2021\/05\/55_Fotografin-Hochzeit-Stuttgart-300x200.jpg 300w, https:\/\/www.annamardo.de\/wp-content\/uploads\/2021\/05\/55_Fotografin-Hochzeit-Stuttgart-1024x683.jpg 1024w, https:\/\/www.annamardo.de\/wp-content\/uploads\/2021\/05\/55_Fotografin-Hochzeit-Stuttgart-768x512.jpg 768w\" sizes=\"auto, (max-width: 1500px) 100vw, 1500px\" \/> <img loading=\"lazy\" decoding=\"async\" class=\"aligncenter wp-image-12980 size-full\" src=\"https:\/\/www.annamardo.de\/wp-content\/uploads\/2021\/05\/56_Hochzeitsreportage-Bayern-Fichtenau.jpg\" alt=\"Fotograf Hochzeit Stuttgart\" width=\"1500\" height=\"2253\" srcset=\"https:\/\/www.annamardo.de\/wp-content\/uploads\/2021\/05\/56_Hochzeitsreportage-Bayern-Fichtenau.jpg 1500w, https:\/\/www.annamardo.de\/wp-content\/uploads\/2021\/05\/56_Hochzeitsreportage-Bayern-Fichtenau-200x300.jpg 200w, https:\/\/www.annamardo.de\/wp-content\/uploads\/2021\/05\/56_Hochzeitsreportage-Bayern-Fichtenau-682x1024.jpg 682w, https:\/\/www.annamardo.de\/wp-content\/uploads\/2021\/05\/56_Hochzeitsreportage-Bayern-Fichtenau-768x1154.jpg 768w, https:\/\/www.annamardo.de\/wp-content\/uploads\/2021\/05\/56_Hochzeitsreportage-Bayern-Fichtenau-1023x1536.jpg 1023w, https:\/\/www.annamardo.de\/wp-content\/uploads\/2021\/05\/56_Hochzeitsreportage-Bayern-Fichtenau-1364x2048.jpg 1364w\" sizes=\"auto, (max-width: 1500px) 100vw, 1500px\" \/> <img loading=\"lazy\" decoding=\"async\" class=\"aligncenter wp-image-12981 size-full\" src=\"https:\/\/www.annamardo.de\/wp-content\/uploads\/2021\/05\/57_Hochzeitsreportage-Bayern-Fichtenau.jpg\" alt=\"Hochzeitsfotografie Aalen\" width=\"1500\" height=\"1000\" srcset=\"https:\/\/www.annamardo.de\/wp-content\/uploads\/2021\/05\/57_Hochzeitsreportage-Bayern-Fichtenau.jpg 1500w, https:\/\/www.annamardo.de\/wp-content\/uploads\/2021\/05\/57_Hochzeitsreportage-Bayern-Fichtenau-300x200.jpg 300w, https:\/\/www.annamardo.de\/wp-content\/uploads\/2021\/05\/57_Hochzeitsreportage-Bayern-Fichtenau-1024x683.jpg 1024w, https:\/\/www.annamardo.de\/wp-content\/uploads\/2021\/05\/57_Hochzeitsreportage-Bayern-Fichtenau-768x512.jpg 768w\" sizes=\"auto, (max-width: 1500px) 100vw, 1500px\" \/> <img loading=\"lazy\" decoding=\"async\" class=\"aligncenter size-full wp-image-12982\" src=\"https:\/\/www.annamardo.de\/wp-content\/uploads\/2021\/05\/58_Sommerhochzeit-Dinkelsbuehl.jpg\" alt=\"\" width=\"1500\" height=\"496\" srcset=\"https:\/\/www.annamardo.de\/wp-content\/uploads\/2021\/05\/58_Sommerhochzeit-Dinkelsbuehl.jpg 1500w, https:\/\/www.annamardo.de\/wp-content\/uploads\/2021\/05\/58_Sommerhochzeit-Dinkelsbuehl-300x99.jpg 300w, https:\/\/www.annamardo.de\/wp-content\/uploads\/2021\/05\/58_Sommerhochzeit-Dinkelsbuehl-1024x339.jpg 1024w, https:\/\/www.annamardo.de\/wp-content\/uploads\/2021\/05\/58_Sommerhochzeit-Dinkelsbuehl-768x254.jpg 768w\" sizes=\"auto, (max-width: 1500px) 100vw, 1500px\" \/> <img loading=\"lazy\" decoding=\"async\" class=\"aligncenter wp-image-12983 size-full\" src=\"https:\/\/www.annamardo.de\/wp-content\/uploads\/2021\/05\/59_Sommerhochzeit-Dinkelsbuehl.jpg\" alt=\"Dinkelsb\u00fchl Trauung\" width=\"1500\" height=\"1000\" srcset=\"https:\/\/www.annamardo.de\/wp-content\/uploads\/2021\/05\/59_Sommerhochzeit-Dinkelsbuehl.jpg 1500w, https:\/\/www.annamardo.de\/wp-content\/uploads\/2021\/05\/59_Sommerhochzeit-Dinkelsbuehl-300x200.jpg 300w, https:\/\/www.annamardo.de\/wp-content\/uploads\/2021\/05\/59_Sommerhochzeit-Dinkelsbuehl-1024x683.jpg 1024w, https:\/\/www.annamardo.de\/wp-content\/uploads\/2021\/05\/59_Sommerhochzeit-Dinkelsbuehl-768x512.jpg 768w\" sizes=\"auto, (max-width: 1500px) 100vw, 1500px\" \/> <img loading=\"lazy\" decoding=\"async\" class=\"aligncenter size-full wp-image-12984\" src=\"https:\/\/www.annamardo.de\/wp-content\/uploads\/2021\/05\/60_Fotografin-Hochzeit-Dinkelsbuehl.jpg\" alt=\"\" width=\"1500\" height=\"1000\" srcset=\"https:\/\/www.annamardo.de\/wp-content\/uploads\/2021\/05\/60_Fotografin-Hochzeit-Dinkelsbuehl.jpg 1500w, https:\/\/www.annamardo.de\/wp-content\/uploads\/2021\/05\/60_Fotografin-Hochzeit-Dinkelsbuehl-300x200.jpg 300w, https:\/\/www.annamardo.de\/wp-content\/uploads\/2021\/05\/60_Fotografin-Hochzeit-Dinkelsbuehl-1024x683.jpg 1024w, https:\/\/www.annamardo.de\/wp-content\/uploads\/2021\/05\/60_Fotografin-Hochzeit-Dinkelsbuehl-768x512.jpg 768w\" sizes=\"auto, (max-width: 1500px) 100vw, 1500px\" \/> <img loading=\"lazy\" decoding=\"async\" class=\"aligncenter size-full wp-image-12985\" src=\"https:\/\/www.annamardo.de\/wp-content\/uploads\/2021\/05\/61_Fotografin-Hochzeit-Dinkelsbuehl.jpg\" alt=\"\" width=\"1500\" height=\"1000\" srcset=\"https:\/\/www.annamardo.de\/wp-content\/uploads\/2021\/05\/61_Fotografin-Hochzeit-Dinkelsbuehl.jpg 1500w, https:\/\/www.annamardo.de\/wp-content\/uploads\/2021\/05\/61_Fotografin-Hochzeit-Dinkelsbuehl-300x200.jpg 300w, https:\/\/www.annamardo.de\/wp-content\/uploads\/2021\/05\/61_Fotografin-Hochzeit-Dinkelsbuehl-1024x683.jpg 1024w, https:\/\/www.annamardo.de\/wp-content\/uploads\/2021\/05\/61_Fotografin-Hochzeit-Dinkelsbuehl-768x512.jpg 768w\" sizes=\"auto, (max-width: 1500px) 100vw, 1500px\" \/> <img loading=\"lazy\" decoding=\"async\" class=\"aligncenter wp-image-12986 size-full\" src=\"https:\/\/www.annamardo.de\/wp-content\/uploads\/2021\/05\/62_Meiser-Design-Hotel-Dinkelsbuehl.jpg\" alt=\"Meiser Design Hotel \" width=\"1500\" height=\"2253\" srcset=\"https:\/\/www.annamardo.de\/wp-content\/uploads\/2021\/05\/62_Meiser-Design-Hotel-Dinkelsbuehl.jpg 1500w, https:\/\/www.annamardo.de\/wp-content\/uploads\/2021\/05\/62_Meiser-Design-Hotel-Dinkelsbuehl-200x300.jpg 200w, https:\/\/www.annamardo.de\/wp-content\/uploads\/2021\/05\/62_Meiser-Design-Hotel-Dinkelsbuehl-682x1024.jpg 682w, https:\/\/www.annamardo.de\/wp-content\/uploads\/2021\/05\/62_Meiser-Design-Hotel-Dinkelsbuehl-768x1154.jpg 768w, https:\/\/www.annamardo.de\/wp-content\/uploads\/2021\/05\/62_Meiser-Design-Hotel-Dinkelsbuehl-1023x1536.jpg 1023w, https:\/\/www.annamardo.de\/wp-content\/uploads\/2021\/05\/62_Meiser-Design-Hotel-Dinkelsbuehl-1364x2048.jpg 1364w\" sizes=\"auto, (max-width: 1500px) 100vw, 1500px\" \/> <img loading=\"lazy\" decoding=\"async\" class=\"aligncenter wp-image-12987 size-full\" src=\"https:\/\/www.annamardo.de\/wp-content\/uploads\/2021\/05\/63_Meiser-Design-Hotel-Dinkelsbuehl.jpg\" alt=\"Hochzeitslocation Meiser Design Hotel \" width=\"1500\" height=\"1119\" srcset=\"https:\/\/www.annamardo.de\/wp-content\/uploads\/2021\/05\/63_Meiser-Design-Hotel-Dinkelsbuehl.jpg 1500w, https:\/\/www.annamardo.de\/wp-content\/uploads\/2021\/05\/63_Meiser-Design-Hotel-Dinkelsbuehl-300x224.jpg 300w, https:\/\/www.annamardo.de\/wp-content\/uploads\/2021\/05\/63_Meiser-Design-Hotel-Dinkelsbuehl-1024x764.jpg 1024w, https:\/\/www.annamardo.de\/wp-content\/uploads\/2021\/05\/63_Meiser-Design-Hotel-Dinkelsbuehl-768x573.jpg 768w\" sizes=\"auto, (max-width: 1500px) 100vw, 1500px\" \/> <img loading=\"lazy\" decoding=\"async\" class=\"aligncenter wp-image-12988 size-full\" src=\"https:\/\/www.annamardo.de\/wp-content\/uploads\/2021\/05\/64_Hochzeit-Design-Hotel-Dinkelsbuehl.jpg\" alt=\"Heiraten im Meiser Design Hotel \" width=\"1500\" height=\"1000\" srcset=\"https:\/\/www.annamardo.de\/wp-content\/uploads\/2021\/05\/64_Hochzeit-Design-Hotel-Dinkelsbuehl.jpg 1500w, https:\/\/www.annamardo.de\/wp-content\/uploads\/2021\/05\/64_Hochzeit-Design-Hotel-Dinkelsbuehl-300x200.jpg 300w, https:\/\/www.annamardo.de\/wp-content\/uploads\/2021\/05\/64_Hochzeit-Design-Hotel-Dinkelsbuehl-1024x683.jpg 1024w, https:\/\/www.annamardo.de\/wp-content\/uploads\/2021\/05\/64_Hochzeit-Design-Hotel-Dinkelsbuehl-768x512.jpg 768w\" sizes=\"auto, (max-width: 1500px) 100vw, 1500px\" \/> <img loading=\"lazy\" decoding=\"async\" class=\"aligncenter wp-image-12989 size-full\" src=\"https:\/\/www.annamardo.de\/wp-content\/uploads\/2021\/05\/65_Hochzeit-Design-Hotel-Dinkelsbuehl.jpg\" alt=\"Meiser Design Hotel in Dinkelsb\u00fchl\" width=\"1500\" height=\"2253\" srcset=\"https:\/\/www.annamardo.de\/wp-content\/uploads\/2021\/05\/65_Hochzeit-Design-Hotel-Dinkelsbuehl.jpg 1500w, https:\/\/www.annamardo.de\/wp-content\/uploads\/2021\/05\/65_Hochzeit-Design-Hotel-Dinkelsbuehl-200x300.jpg 200w, https:\/\/www.annamardo.de\/wp-content\/uploads\/2021\/05\/65_Hochzeit-Design-Hotel-Dinkelsbuehl-682x1024.jpg 682w, https:\/\/www.annamardo.de\/wp-content\/uploads\/2021\/05\/65_Hochzeit-Design-Hotel-Dinkelsbuehl-768x1154.jpg 768w, https:\/\/www.annamardo.de\/wp-content\/uploads\/2021\/05\/65_Hochzeit-Design-Hotel-Dinkelsbuehl-1023x1536.jpg 1023w, https:\/\/www.annamardo.de\/wp-content\/uploads\/2021\/05\/65_Hochzeit-Design-Hotel-Dinkelsbuehl-1364x2048.jpg 1364w\" sizes=\"auto, (max-width: 1500px) 100vw, 1500px\" \/> <img loading=\"lazy\" decoding=\"async\" class=\"aligncenter wp-image-12990 size-full\" src=\"https:\/\/www.annamardo.de\/wp-content\/uploads\/2021\/05\/66_Fotografie-Hochzeit-gratulation.jpg\" alt=\"Brautpaar Meiser Design Hotel \" width=\"1500\" height=\"688\" srcset=\"https:\/\/www.annamardo.de\/wp-content\/uploads\/2021\/05\/66_Fotografie-Hochzeit-gratulation.jpg 1500w, https:\/\/www.annamardo.de\/wp-content\/uploads\/2021\/05\/66_Fotografie-Hochzeit-gratulation-300x138.jpg 300w, https:\/\/www.annamardo.de\/wp-content\/uploads\/2021\/05\/66_Fotografie-Hochzeit-gratulation-1024x470.jpg 1024w, https:\/\/www.annamardo.de\/wp-content\/uploads\/2021\/05\/66_Fotografie-Hochzeit-gratulation-768x352.jpg 768w\" sizes=\"auto, (max-width: 1500px) 100vw, 1500px\" \/> <img loading=\"lazy\" decoding=\"async\" class=\"aligncenter wp-image-12991 size-full\" src=\"https:\/\/www.annamardo.de\/wp-content\/uploads\/2021\/05\/67_Fotografie-Hochzeit-gratulation.jpg\" alt=\"Fotografin Hochzeit Crailsheim\" width=\"1500\" height=\"1000\" srcset=\"https:\/\/www.annamardo.de\/wp-content\/uploads\/2021\/05\/67_Fotografie-Hochzeit-gratulation.jpg 1500w, https:\/\/www.annamardo.de\/wp-content\/uploads\/2021\/05\/67_Fotografie-Hochzeit-gratulation-300x200.jpg 300w, https:\/\/www.annamardo.de\/wp-content\/uploads\/2021\/05\/67_Fotografie-Hochzeit-gratulation-1024x683.jpg 1024w, https:\/\/www.annamardo.de\/wp-content\/uploads\/2021\/05\/67_Fotografie-Hochzeit-gratulation-768x512.jpg 768w\" sizes=\"auto, (max-width: 1500px) 100vw, 1500px\" \/> <img loading=\"lazy\" decoding=\"async\" class=\"aligncenter size-full wp-image-12992\" src=\"https:\/\/www.annamardo.de\/wp-content\/uploads\/2021\/05\/68_Dinkelsbuehl-Hochzeitstag.jpg\" alt=\"\" width=\"1500\" height=\"496\" srcset=\"https:\/\/www.annamardo.de\/wp-content\/uploads\/2021\/05\/68_Dinkelsbuehl-Hochzeitstag.jpg 1500w, https:\/\/www.annamardo.de\/wp-content\/uploads\/2021\/05\/68_Dinkelsbuehl-Hochzeitstag-300x99.jpg 300w, https:\/\/www.annamardo.de\/wp-content\/uploads\/2021\/05\/68_Dinkelsbuehl-Hochzeitstag-1024x339.jpg 1024w, https:\/\/www.annamardo.de\/wp-content\/uploads\/2021\/05\/68_Dinkelsbuehl-Hochzeitstag-768x254.jpg 768w\" sizes=\"auto, (max-width: 1500px) 100vw, 1500px\" \/> <img loading=\"lazy\" decoding=\"async\" class=\"aligncenter wp-image-12993 size-full\" src=\"https:\/\/www.annamardo.de\/wp-content\/uploads\/2021\/05\/69_Dinkelsbuehl-Hochzeitstag.jpg\" alt=\"Hochzeit Crailsheim\" width=\"1500\" height=\"496\" srcset=\"https:\/\/www.annamardo.de\/wp-content\/uploads\/2021\/05\/69_Dinkelsbuehl-Hochzeitstag.jpg 1500w, https:\/\/www.annamardo.de\/wp-content\/uploads\/2021\/05\/69_Dinkelsbuehl-Hochzeitstag-300x99.jpg 300w, https:\/\/www.annamardo.de\/wp-content\/uploads\/2021\/05\/69_Dinkelsbuehl-Hochzeitstag-1024x339.jpg 1024w, https:\/\/www.annamardo.de\/wp-content\/uploads\/2021\/05\/69_Dinkelsbuehl-Hochzeitstag-768x254.jpg 768w\" sizes=\"auto, (max-width: 1500px) 100vw, 1500px\" \/> <img loading=\"lazy\" decoding=\"async\" class=\"aligncenter wp-image-12994 size-full\" src=\"https:\/\/www.annamardo.de\/wp-content\/uploads\/2021\/05\/70_Dinkelsbuehl-Hochzeitstag.jpg\" alt=\"Fotografin Hochzeit Crailsheim\" width=\"1500\" height=\"1000\" srcset=\"https:\/\/www.annamardo.de\/wp-content\/uploads\/2021\/05\/70_Dinkelsbuehl-Hochzeitstag.jpg 1500w, https:\/\/www.annamardo.de\/wp-content\/uploads\/2021\/05\/70_Dinkelsbuehl-Hochzeitstag-300x200.jpg 300w, https:\/\/www.annamardo.de\/wp-content\/uploads\/2021\/05\/70_Dinkelsbuehl-Hochzeitstag-1024x683.jpg 1024w, https:\/\/www.annamardo.de\/wp-content\/uploads\/2021\/05\/70_Dinkelsbuehl-Hochzeitstag-768x512.jpg 768w\" sizes=\"auto, (max-width: 1500px) 100vw, 1500px\" \/> <img loading=\"lazy\" decoding=\"async\" class=\"aligncenter wp-image-12995 size-full\" src=\"https:\/\/www.annamardo.de\/wp-content\/uploads\/2021\/05\/71_Dinkelsbuehl-Design-Hotel-Hochzeitslocation.jpg\" alt=\"Hochzeitsfotografin Crailsheim\" width=\"1500\" height=\"496\" srcset=\"https:\/\/www.annamardo.de\/wp-content\/uploads\/2021\/05\/71_Dinkelsbuehl-Design-Hotel-Hochzeitslocation.jpg 1500w, https:\/\/www.annamardo.de\/wp-content\/uploads\/2021\/05\/71_Dinkelsbuehl-Design-Hotel-Hochzeitslocation-300x99.jpg 300w, https:\/\/www.annamardo.de\/wp-content\/uploads\/2021\/05\/71_Dinkelsbuehl-Design-Hotel-Hochzeitslocation-1024x339.jpg 1024w, https:\/\/www.annamardo.de\/wp-content\/uploads\/2021\/05\/71_Dinkelsbuehl-Design-Hotel-Hochzeitslocation-768x254.jpg 768w\" sizes=\"auto, (max-width: 1500px) 100vw, 1500px\" \/> <img loading=\"lazy\" decoding=\"async\" class=\"aligncenter wp-image-12996 size-full\" src=\"https:\/\/www.annamardo.de\/wp-content\/uploads\/2021\/05\/72_Dinkelsbuehl-Design-Hotel-Hochzeitslocation.jpg\" alt=\"Hochzeitsfeier Dinkelsb\u00fchl\" width=\"1500\" height=\"1000\" srcset=\"https:\/\/www.annamardo.de\/wp-content\/uploads\/2021\/05\/72_Dinkelsbuehl-Design-Hotel-Hochzeitslocation.jpg 1500w, https:\/\/www.annamardo.de\/wp-content\/uploads\/2021\/05\/72_Dinkelsbuehl-Design-Hotel-Hochzeitslocation-300x200.jpg 300w, https:\/\/www.annamardo.de\/wp-content\/uploads\/2021\/05\/72_Dinkelsbuehl-Design-Hotel-Hochzeitslocation-1024x683.jpg 1024w, https:\/\/www.annamardo.de\/wp-content\/uploads\/2021\/05\/72_Dinkelsbuehl-Design-Hotel-Hochzeitslocation-768x512.jpg 768w\" sizes=\"auto, (max-width: 1500px) 100vw, 1500px\" \/> <img loading=\"lazy\" decoding=\"async\" class=\"aligncenter wp-image-12997 size-full\" src=\"https:\/\/www.annamardo.de\/wp-content\/uploads\/2021\/05\/73_Dinkelsbuehl-Design-Hotel-Hochzeitslocation.jpg\" alt=\"Hochzeitstorte Dinkelsb\u00fchl\" width=\"1500\" height=\"1000\" srcset=\"https:\/\/www.annamardo.de\/wp-content\/uploads\/2021\/05\/73_Dinkelsbuehl-Design-Hotel-Hochzeitslocation.jpg 1500w, https:\/\/www.annamardo.de\/wp-content\/uploads\/2021\/05\/73_Dinkelsbuehl-Design-Hotel-Hochzeitslocation-300x200.jpg 300w, https:\/\/www.annamardo.de\/wp-content\/uploads\/2021\/05\/73_Dinkelsbuehl-Design-Hotel-Hochzeitslocation-1024x683.jpg 1024w, https:\/\/www.annamardo.de\/wp-content\/uploads\/2021\/05\/73_Dinkelsbuehl-Design-Hotel-Hochzeitslocation-768x512.jpg 768w\" sizes=\"auto, (max-width: 1500px) 100vw, 1500px\" \/> <img loading=\"lazy\" decoding=\"async\" class=\"aligncenter wp-image-12998 size-full\" src=\"https:\/\/www.annamardo.de\/wp-content\/uploads\/2021\/05\/74_Gruppenbilder-Dinkelsbuehl.jpg\" alt=\"Design Hotel Meiser in Dinkelsb\u00fchl\" width=\"1500\" height=\"1000\" srcset=\"https:\/\/www.annamardo.de\/wp-content\/uploads\/2021\/05\/74_Gruppenbilder-Dinkelsbuehl.jpg 1500w, https:\/\/www.annamardo.de\/wp-content\/uploads\/2021\/05\/74_Gruppenbilder-Dinkelsbuehl-300x200.jpg 300w, https:\/\/www.annamardo.de\/wp-content\/uploads\/2021\/05\/74_Gruppenbilder-Dinkelsbuehl-1024x683.jpg 1024w, https:\/\/www.annamardo.de\/wp-content\/uploads\/2021\/05\/74_Gruppenbilder-Dinkelsbuehl-768x512.jpg 768w\" sizes=\"auto, (max-width: 1500px) 100vw, 1500px\" \/> <img loading=\"lazy\" decoding=\"async\" class=\"aligncenter size-full wp-image-12999\" src=\"https:\/\/www.annamardo.de\/wp-content\/uploads\/2021\/05\/75_Gruppenbilder-Dinkelsbuehl.jpg\" alt=\"\" width=\"1500\" height=\"496\" srcset=\"https:\/\/www.annamardo.de\/wp-content\/uploads\/2021\/05\/75_Gruppenbilder-Dinkelsbuehl.jpg 1500w, https:\/\/www.annamardo.de\/wp-content\/uploads\/2021\/05\/75_Gruppenbilder-Dinkelsbuehl-300x99.jpg 300w, https:\/\/www.annamardo.de\/wp-content\/uploads\/2021\/05\/75_Gruppenbilder-Dinkelsbuehl-1024x339.jpg 1024w, https:\/\/www.annamardo.de\/wp-content\/uploads\/2021\/05\/75_Gruppenbilder-Dinkelsbuehl-768x254.jpg 768w\" sizes=\"auto, (max-width: 1500px) 100vw, 1500px\" \/> <img loading=\"lazy\" decoding=\"async\" class=\"aligncenter wp-image-13000 size-full\" src=\"https:\/\/www.annamardo.de\/wp-content\/uploads\/2021\/05\/76_Lebendige-Hochzeitsfotografie-bayern.jpg\" alt=\"Lebendige Hochzeitsfotografie aus bayern\" width=\"1500\" height=\"688\" srcset=\"https:\/\/www.annamardo.de\/wp-content\/uploads\/2021\/05\/76_Lebendige-Hochzeitsfotografie-bayern.jpg 1500w, https:\/\/www.annamardo.de\/wp-content\/uploads\/2021\/05\/76_Lebendige-Hochzeitsfotografie-bayern-300x138.jpg 300w, https:\/\/www.annamardo.de\/wp-content\/uploads\/2021\/05\/76_Lebendige-Hochzeitsfotografie-bayern-1024x470.jpg 1024w, https:\/\/www.annamardo.de\/wp-content\/uploads\/2021\/05\/76_Lebendige-Hochzeitsfotografie-bayern-768x352.jpg 768w\" sizes=\"auto, (max-width: 1500px) 100vw, 1500px\" \/> <img loading=\"lazy\" decoding=\"async\" class=\"aligncenter wp-image-13001 size-full\" src=\"https:\/\/www.annamardo.de\/wp-content\/uploads\/2021\/05\/77_Lebendige-Hochzeitsfotografie-bayern.jpg\" alt=\"Hochzeitsfeier w\u00e4hrend corona\" width=\"1500\" height=\"1000\" srcset=\"https:\/\/www.annamardo.de\/wp-content\/uploads\/2021\/05\/77_Lebendige-Hochzeitsfotografie-bayern.jpg 1500w, https:\/\/www.annamardo.de\/wp-content\/uploads\/2021\/05\/77_Lebendige-Hochzeitsfotografie-bayern-300x200.jpg 300w, https:\/\/www.annamardo.de\/wp-content\/uploads\/2021\/05\/77_Lebendige-Hochzeitsfotografie-bayern-1024x683.jpg 1024w, https:\/\/www.annamardo.de\/wp-content\/uploads\/2021\/05\/77_Lebendige-Hochzeitsfotografie-bayern-768x512.jpg 768w\" sizes=\"auto, (max-width: 1500px) 100vw, 1500px\" \/> <img loading=\"lazy\" decoding=\"async\" class=\"aligncenter size-full wp-image-13002\" src=\"https:\/\/www.annamardo.de\/wp-content\/uploads\/2021\/05\/78_Lebendige-Hochzeitsfotografie-bayern.jpg\" alt=\"\" width=\"1500\" height=\"499\" srcset=\"https:\/\/www.annamardo.de\/wp-content\/uploads\/2021\/05\/78_Lebendige-Hochzeitsfotografie-bayern.jpg 1500w, https:\/\/www.annamardo.de\/wp-content\/uploads\/2021\/05\/78_Lebendige-Hochzeitsfotografie-bayern-300x100.jpg 300w, https:\/\/www.annamardo.de\/wp-content\/uploads\/2021\/05\/78_Lebendige-Hochzeitsfotografie-bayern-1024x341.jpg 1024w, https:\/\/www.annamardo.de\/wp-content\/uploads\/2021\/05\/78_Lebendige-Hochzeitsfotografie-bayern-768x255.jpg 768w\" sizes=\"auto, (max-width: 1500px) 100vw, 1500px\" \/> <img loading=\"lazy\" decoding=\"async\" class=\"aligncenter wp-image-13003 size-full\" src=\"https:\/\/www.annamardo.de\/wp-content\/uploads\/2021\/05\/79_Hochzeitsfeier-Corona-Dinkelsbuehl.jpg\" alt=\"Hochzeitsreportage Fichtenau\" width=\"1500\" height=\"1003\" srcset=\"https:\/\/www.annamardo.de\/wp-content\/uploads\/2021\/05\/79_Hochzeitsfeier-Corona-Dinkelsbuehl.jpg 1500w, https:\/\/www.annamardo.de\/wp-content\/uploads\/2021\/05\/79_Hochzeitsfeier-Corona-Dinkelsbuehl-300x201.jpg 300w, https:\/\/www.annamardo.de\/wp-content\/uploads\/2021\/05\/79_Hochzeitsfeier-Corona-Dinkelsbuehl-1024x685.jpg 1024w, https:\/\/www.annamardo.de\/wp-content\/uploads\/2021\/05\/79_Hochzeitsfeier-Corona-Dinkelsbuehl-768x514.jpg 768w\" sizes=\"auto, (max-width: 1500px) 100vw, 1500px\" \/> <img loading=\"lazy\" decoding=\"async\" class=\"aligncenter size-full wp-image-13004\" src=\"https:\/\/www.annamardo.de\/wp-content\/uploads\/2021\/05\/80_Hochzeitsfeier-Corona-Dinkelsbuehl.jpg\" alt=\"\" width=\"1500\" height=\"1003\" srcset=\"https:\/\/www.annamardo.de\/wp-content\/uploads\/2021\/05\/80_Hochzeitsfeier-Corona-Dinkelsbuehl.jpg 1500w, https:\/\/www.annamardo.de\/wp-content\/uploads\/2021\/05\/80_Hochzeitsfeier-Corona-Dinkelsbuehl-300x201.jpg 300w, https:\/\/www.annamardo.de\/wp-content\/uploads\/2021\/05\/80_Hochzeitsfeier-Corona-Dinkelsbuehl-1024x685.jpg 1024w, https:\/\/www.annamardo.de\/wp-content\/uploads\/2021\/05\/80_Hochzeitsfeier-Corona-Dinkelsbuehl-768x514.jpg 768w\" sizes=\"auto, (max-width: 1500px) 100vw, 1500px\" \/> <img loading=\"lazy\" decoding=\"async\" class=\"aligncenter wp-image-13005 size-full\" src=\"https:\/\/www.annamardo.de\/wp-content\/uploads\/2021\/05\/81_Hochzeitsfeier-Corona-Dinkelsbuehl.jpg\" alt=\"Dinkelsb\u00fchl heiraten\" width=\"1500\" height=\"1003\" srcset=\"https:\/\/www.annamardo.de\/wp-content\/uploads\/2021\/05\/81_Hochzeitsfeier-Corona-Dinkelsbuehl.jpg 1500w, https:\/\/www.annamardo.de\/wp-content\/uploads\/2021\/05\/81_Hochzeitsfeier-Corona-Dinkelsbuehl-300x201.jpg 300w, https:\/\/www.annamardo.de\/wp-content\/uploads\/2021\/05\/81_Hochzeitsfeier-Corona-Dinkelsbuehl-1024x685.jpg 1024w, https:\/\/www.annamardo.de\/wp-content\/uploads\/2021\/05\/81_Hochzeitsfeier-Corona-Dinkelsbuehl-768x514.jpg 768w\" sizes=\"auto, (max-width: 1500px) 100vw, 1500px\" \/> <img loading=\"lazy\" decoding=\"async\" class=\"aligncenter size-full wp-image-13006\" src=\"https:\/\/www.annamardo.de\/wp-content\/uploads\/2021\/05\/82_Fichtenau-Hochzeitsfotografin.jpg\" alt=\"\" width=\"1500\" height=\"1003\" srcset=\"https:\/\/www.annamardo.de\/wp-content\/uploads\/2021\/05\/82_Fichtenau-Hochzeitsfotografin.jpg 1500w, https:\/\/www.annamardo.de\/wp-content\/uploads\/2021\/05\/82_Fichtenau-Hochzeitsfotografin-300x201.jpg 300w, https:\/\/www.annamardo.de\/wp-content\/uploads\/2021\/05\/82_Fichtenau-Hochzeitsfotografin-1024x685.jpg 1024w, https:\/\/www.annamardo.de\/wp-content\/uploads\/2021\/05\/82_Fichtenau-Hochzeitsfotografin-768x514.jpg 768w\" sizes=\"auto, (max-width: 1500px) 100vw, 1500px\" \/> <img loading=\"lazy\" decoding=\"async\" class=\"aligncenter wp-image-13007 size-full\" src=\"https:\/\/www.annamardo.de\/wp-content\/uploads\/2021\/05\/83_Fichtenau-Hochzeitsfotografin.jpg\" alt=\"Hochzeitsfeier im Meiser Design Hotel\" width=\"1500\" height=\"499\" srcset=\"https:\/\/www.annamardo.de\/wp-content\/uploads\/2021\/05\/83_Fichtenau-Hochzeitsfotografin.jpg 1500w, https:\/\/www.annamardo.de\/wp-content\/uploads\/2021\/05\/83_Fichtenau-Hochzeitsfotografin-300x100.jpg 300w, https:\/\/www.annamardo.de\/wp-content\/uploads\/2021\/05\/83_Fichtenau-Hochzeitsfotografin-1024x341.jpg 1024w, https:\/\/www.annamardo.de\/wp-content\/uploads\/2021\/05\/83_Fichtenau-Hochzeitsfotografin-768x255.jpg 768w\" sizes=\"auto, (max-width: 1500px) 100vw, 1500px\" \/> <img loading=\"lazy\" decoding=\"async\" class=\"aligncenter wp-image-13008 size-full\" src=\"https:\/\/www.annamardo.de\/wp-content\/uploads\/2021\/05\/84_Fichtenau-Hochzeitsfotografin.jpg\" alt=\"Hochzeitsfeier im Meiser Design Hotel\" width=\"1500\" height=\"496\" srcset=\"https:\/\/www.annamardo.de\/wp-content\/uploads\/2021\/05\/84_Fichtenau-Hochzeitsfotografin.jpg 1500w, https:\/\/www.annamardo.de\/wp-content\/uploads\/2021\/05\/84_Fichtenau-Hochzeitsfotografin-300x99.jpg 300w, https:\/\/www.annamardo.de\/wp-content\/uploads\/2021\/05\/84_Fichtenau-Hochzeitsfotografin-1024x339.jpg 1024w, https:\/\/www.annamardo.de\/wp-content\/uploads\/2021\/05\/84_Fichtenau-Hochzeitsfotografin-768x254.jpg 768w\" sizes=\"auto, (max-width: 1500px) 100vw, 1500px\" \/> <img loading=\"lazy\" decoding=\"async\" class=\"aligncenter wp-image-13009 size-full\" src=\"https:\/\/www.annamardo.de\/wp-content\/uploads\/2021\/05\/85_Hochzeitslocation-Dinkelsbuehl-Fichtenau.jpg\" alt=\"Hochzeitsfeier im Meiser Design Hotel\" width=\"1500\" height=\"1000\" srcset=\"https:\/\/www.annamardo.de\/wp-content\/uploads\/2021\/05\/85_Hochzeitslocation-Dinkelsbuehl-Fichtenau.jpg 1500w, https:\/\/www.annamardo.de\/wp-content\/uploads\/2021\/05\/85_Hochzeitslocation-Dinkelsbuehl-Fichtenau-300x200.jpg 300w, https:\/\/www.annamardo.de\/wp-content\/uploads\/2021\/05\/85_Hochzeitslocation-Dinkelsbuehl-Fichtenau-1024x683.jpg 1024w, https:\/\/www.annamardo.de\/wp-content\/uploads\/2021\/05\/85_Hochzeitslocation-Dinkelsbuehl-Fichtenau-768x512.jpg 768w\" sizes=\"auto, (max-width: 1500px) 100vw, 1500px\" \/> <img loading=\"lazy\" decoding=\"async\" class=\"aligncenter wp-image-13010 size-full\" src=\"https:\/\/www.annamardo.de\/wp-content\/uploads\/2021\/05\/86_Hochzeitslocation-Dinkelsbuehl-Fichtenau.jpg\" alt=\"Hochzeit im Meiser Design Hotel\" width=\"1500\" height=\"1000\" srcset=\"https:\/\/www.annamardo.de\/wp-content\/uploads\/2021\/05\/86_Hochzeitslocation-Dinkelsbuehl-Fichtenau.jpg 1500w, https:\/\/www.annamardo.de\/wp-content\/uploads\/2021\/05\/86_Hochzeitslocation-Dinkelsbuehl-Fichtenau-300x200.jpg 300w, https:\/\/www.annamardo.de\/wp-content\/uploads\/2021\/05\/86_Hochzeitslocation-Dinkelsbuehl-Fichtenau-1024x683.jpg 1024w, https:\/\/www.annamardo.de\/wp-content\/uploads\/2021\/05\/86_Hochzeitslocation-Dinkelsbuehl-Fichtenau-768x512.jpg 768w\" sizes=\"auto, (max-width: 1500px) 100vw, 1500px\" \/> <img loading=\"lazy\" decoding=\"async\" class=\"aligncenter size-full wp-image-13011\" src=\"https:\/\/www.annamardo.de\/wp-content\/uploads\/2021\/05\/87_Hochzeitsreportage-Dinkelsbuehl-Meiser.jpg\" alt=\"\" width=\"1500\" height=\"1000\" srcset=\"https:\/\/www.annamardo.de\/wp-content\/uploads\/2021\/05\/87_Hochzeitsreportage-Dinkelsbuehl-Meiser.jpg 1500w, https:\/\/www.annamardo.de\/wp-content\/uploads\/2021\/05\/87_Hochzeitsreportage-Dinkelsbuehl-Meiser-300x200.jpg 300w, https:\/\/www.annamardo.de\/wp-content\/uploads\/2021\/05\/87_Hochzeitsreportage-Dinkelsbuehl-Meiser-1024x683.jpg 1024w, https:\/\/www.annamardo.de\/wp-content\/uploads\/2021\/05\/87_Hochzeitsreportage-Dinkelsbuehl-Meiser-768x512.jpg 768w\" sizes=\"auto, (max-width: 1500px) 100vw, 1500px\" \/> <img loading=\"lazy\" decoding=\"async\" class=\"aligncenter wp-image-13012 size-full\" src=\"https:\/\/www.annamardo.de\/wp-content\/uploads\/2021\/05\/88_Hochzeitsreportage-Dinkelsbuehl-Meiser.jpg\" alt=\"Hochzeitsfeier im Meiser Design Hotel\" width=\"1500\" height=\"2251\" srcset=\"https:\/\/www.annamardo.de\/wp-content\/uploads\/2021\/05\/88_Hochzeitsreportage-Dinkelsbuehl-Meiser.jpg 1500w, https:\/\/www.annamardo.de\/wp-content\/uploads\/2021\/05\/88_Hochzeitsreportage-Dinkelsbuehl-Meiser-200x300.jpg 200w, https:\/\/www.annamardo.de\/wp-content\/uploads\/2021\/05\/88_Hochzeitsreportage-Dinkelsbuehl-Meiser-682x1024.jpg 682w, https:\/\/www.annamardo.de\/wp-content\/uploads\/2021\/05\/88_Hochzeitsreportage-Dinkelsbuehl-Meiser-768x1153.jpg 768w, https:\/\/www.annamardo.de\/wp-content\/uploads\/2021\/05\/88_Hochzeitsreportage-Dinkelsbuehl-Meiser-1024x1536.jpg 1024w, https:\/\/www.annamardo.de\/wp-content\/uploads\/2021\/05\/88_Hochzeitsreportage-Dinkelsbuehl-Meiser-1365x2048.jpg 1365w\" sizes=\"auto, (max-width: 1500px) 100vw, 1500px\" \/> <img loading=\"lazy\" decoding=\"async\" class=\"aligncenter size-full wp-image-13013\" src=\"https:\/\/www.annamardo.de\/wp-content\/uploads\/2021\/05\/89_Hochzeitsreportage-Dinkelsbuehl-Meiser.jpg\" alt=\"\" width=\"1500\" height=\"1000\" srcset=\"https:\/\/www.annamardo.de\/wp-content\/uploads\/2021\/05\/89_Hochzeitsreportage-Dinkelsbuehl-Meiser.jpg 1500w, https:\/\/www.annamardo.de\/wp-content\/uploads\/2021\/05\/89_Hochzeitsreportage-Dinkelsbuehl-Meiser-300x200.jpg 300w, https:\/\/www.annamardo.de\/wp-content\/uploads\/2021\/05\/89_Hochzeitsreportage-Dinkelsbuehl-Meiser-1024x683.jpg 1024w, https:\/\/www.annamardo.de\/wp-content\/uploads\/2021\/05\/89_Hochzeitsreportage-Dinkelsbuehl-Meiser-768x512.jpg 768w\" sizes=\"auto, (max-width: 1500px) 100vw, 1500px\" \/> <img loading=\"lazy\" decoding=\"async\" class=\"aligncenter size-full wp-image-13014\" src=\"https:\/\/www.annamardo.de\/wp-content\/uploads\/2021\/05\/90_Meiser-Design-Hotel-Feier.jpg\" alt=\"\" width=\"1500\" height=\"1000\" srcset=\"https:\/\/www.annamardo.de\/wp-content\/uploads\/2021\/05\/90_Meiser-Design-Hotel-Feier.jpg 1500w, https:\/\/www.annamardo.de\/wp-content\/uploads\/2021\/05\/90_Meiser-Design-Hotel-Feier-300x200.jpg 300w, https:\/\/www.annamardo.de\/wp-content\/uploads\/2021\/05\/90_Meiser-Design-Hotel-Feier-1024x683.jpg 1024w, https:\/\/www.annamardo.de\/wp-content\/uploads\/2021\/05\/90_Meiser-Design-Hotel-Feier-768x512.jpg 768w\" sizes=\"auto, (max-width: 1500px) 100vw, 1500px\" \/> <img loading=\"lazy\" decoding=\"async\" class=\"aligncenter wp-image-13015 size-full\" src=\"https:\/\/www.annamardo.de\/wp-content\/uploads\/2021\/05\/91_Meiser-Design-Hotel-Feier.jpg\" alt=\"Hochzeitstanz\" width=\"1500\" height=\"1000\" srcset=\"https:\/\/www.annamardo.de\/wp-content\/uploads\/2021\/05\/91_Meiser-Design-Hotel-Feier.jpg 1500w, https:\/\/www.annamardo.de\/wp-content\/uploads\/2021\/05\/91_Meiser-Design-Hotel-Feier-300x200.jpg 300w, https:\/\/www.annamardo.de\/wp-content\/uploads\/2021\/05\/91_Meiser-Design-Hotel-Feier-1024x683.jpg 1024w, https:\/\/www.annamardo.de\/wp-content\/uploads\/2021\/05\/91_Meiser-Design-Hotel-Feier-768x512.jpg 768w\" sizes=\"auto, (max-width: 1500px) 100vw, 1500px\" \/> <img loading=\"lazy\" decoding=\"async\" class=\"aligncenter wp-image-13016 size-full\" src=\"https:\/\/www.annamardo.de\/wp-content\/uploads\/2021\/05\/92_Hochzeitsfotograf-Stuttgart.jpg\" alt=\"Hochzeitsfeier Dinkelsb\u00fchl\" width=\"1500\" height=\"1000\" srcset=\"https:\/\/www.annamardo.de\/wp-content\/uploads\/2021\/05\/92_Hochzeitsfotograf-Stuttgart.jpg 1500w, https:\/\/www.annamardo.de\/wp-content\/uploads\/2021\/05\/92_Hochzeitsfotograf-Stuttgart-300x200.jpg 300w, https:\/\/www.annamardo.de\/wp-content\/uploads\/2021\/05\/92_Hochzeitsfotograf-Stuttgart-1024x683.jpg 1024w, https:\/\/www.annamardo.de\/wp-content\/uploads\/2021\/05\/92_Hochzeitsfotograf-Stuttgart-768x512.jpg 768w\" sizes=\"auto, (max-width: 1500px) 100vw, 1500px\" \/> <img loading=\"lazy\" decoding=\"async\" class=\"aligncenter size-full wp-image-13017\" src=\"https:\/\/www.annamardo.de\/wp-content\/uploads\/2021\/05\/93_Hochzeitsfotograf-Stuttgart.jpg\" alt=\"\" width=\"1500\" height=\"499\" srcset=\"https:\/\/www.annamardo.de\/wp-content\/uploads\/2021\/05\/93_Hochzeitsfotograf-Stuttgart.jpg 1500w, https:\/\/www.annamardo.de\/wp-content\/uploads\/2021\/05\/93_Hochzeitsfotograf-Stuttgart-300x100.jpg 300w, https:\/\/www.annamardo.de\/wp-content\/uploads\/2021\/05\/93_Hochzeitsfotograf-Stuttgart-1024x341.jpg 1024w, https:\/\/www.annamardo.de\/wp-content\/uploads\/2021\/05\/93_Hochzeitsfotograf-Stuttgart-768x255.jpg 768w\" sizes=\"auto, (max-width: 1500px) 100vw, 1500px\" \/> <img loading=\"lazy\" decoding=\"async\" class=\"aligncenter wp-image-13018 size-full\" src=\"https:\/\/www.annamardo.de\/wp-content\/uploads\/2021\/05\/94_Hochzeitsfotograf-Stuttgart.jpg\" alt=\"Heiraten in Dinkelsb\u00fchl\" width=\"1500\" height=\"1003\" srcset=\"https:\/\/www.annamardo.de\/wp-content\/uploads\/2021\/05\/94_Hochzeitsfotograf-Stuttgart.jpg 1500w, https:\/\/www.annamardo.de\/wp-content\/uploads\/2021\/05\/94_Hochzeitsfotograf-Stuttgart-300x201.jpg 300w, https:\/\/www.annamardo.de\/wp-content\/uploads\/2021\/05\/94_Hochzeitsfotograf-Stuttgart-1024x685.jpg 1024w, https:\/\/www.annamardo.de\/wp-content\/uploads\/2021\/05\/94_Hochzeitsfotograf-Stuttgart-768x514.jpg 768w\" sizes=\"auto, (max-width: 1500px) 100vw, 1500px\" \/> <img loading=\"lazy\" decoding=\"async\" class=\"aligncenter wp-image-13019 size-full\" src=\"https:\/\/www.annamardo.de\/wp-content\/uploads\/2021\/05\/95_Hochzeitsfotograf-Stuttgart.jpg\" alt=\"Fotograf Hochzeit Stuttgart\" width=\"1500\" height=\"1003\" srcset=\"https:\/\/www.annamardo.de\/wp-content\/uploads\/2021\/05\/95_Hochzeitsfotograf-Stuttgart.jpg 1500w, https:\/\/www.annamardo.de\/wp-content\/uploads\/2021\/05\/95_Hochzeitsfotograf-Stuttgart-300x201.jpg 300w, https:\/\/www.annamardo.de\/wp-content\/uploads\/2021\/05\/95_Hochzeitsfotograf-Stuttgart-1024x685.jpg 1024w, https:\/\/www.annamardo.de\/wp-content\/uploads\/2021\/05\/95_Hochzeitsfotograf-Stuttgart-768x514.jpg 768w\" sizes=\"auto, (max-width: 1500px) 100vw, 1500px\" \/> <img loading=\"lazy\" decoding=\"async\" class=\"aligncenter wp-image-13020 size-full\" src=\"https:\/\/www.annamardo.de\/wp-content\/uploads\/2021\/05\/96_Fotograf-Hochzeit-Stuttgart.jpg\" alt=\"Hochzeitsfeier \" width=\"1500\" height=\"499\" srcset=\"https:\/\/www.annamardo.de\/wp-content\/uploads\/2021\/05\/96_Fotograf-Hochzeit-Stuttgart.jpg 1500w, https:\/\/www.annamardo.de\/wp-content\/uploads\/2021\/05\/96_Fotograf-Hochzeit-Stuttgart-300x100.jpg 300w, https:\/\/www.annamardo.de\/wp-content\/uploads\/2021\/05\/96_Fotograf-Hochzeit-Stuttgart-1024x341.jpg 1024w, https:\/\/www.annamardo.de\/wp-content\/uploads\/2021\/05\/96_Fotograf-Hochzeit-Stuttgart-768x255.jpg 768w\" sizes=\"auto, (max-width: 1500px) 100vw, 1500px\" \/> <img loading=\"lazy\" decoding=\"async\" class=\"aligncenter wp-image-13021 size-full\" src=\"https:\/\/www.annamardo.de\/wp-content\/uploads\/2021\/05\/97_Fotograf-Hochzeit-Stuttgart.jpg\" alt=\"Hochzeitsfotografie Stuttgart\" width=\"1500\" height=\"1119\" srcset=\"https:\/\/www.annamardo.de\/wp-content\/uploads\/2021\/05\/97_Fotograf-Hochzeit-Stuttgart.jpg 1500w, https:\/\/www.annamardo.de\/wp-content\/uploads\/2021\/05\/97_Fotograf-Hochzeit-Stuttgart-300x224.jpg 300w, https:\/\/www.annamardo.de\/wp-content\/uploads\/2021\/05\/97_Fotograf-Hochzeit-Stuttgart-1024x764.jpg 1024w, https:\/\/www.annamardo.de\/wp-content\/uploads\/2021\/05\/97_Fotograf-Hochzeit-Stuttgart-768x573.jpg 768w\" sizes=\"auto, (max-width: 1500px) 100vw, 1500px\" \/> <img loading=\"lazy\" decoding=\"async\" class=\"aligncenter wp-image-13022 size-full\" src=\"https:\/\/www.annamardo.de\/wp-content\/uploads\/2021\/05\/98_Ellwangen-Hochzeit-Fotografin-Bayern.jpg\" alt=\"Lebendige Hochzeitsreportagen in Dinkelsb\u00fchl\" width=\"1500\" height=\"2253\" srcset=\"https:\/\/www.annamardo.de\/wp-content\/uploads\/2021\/05\/98_Ellwangen-Hochzeit-Fotografin-Bayern.jpg 1500w, https:\/\/www.annamardo.de\/wp-content\/uploads\/2021\/05\/98_Ellwangen-Hochzeit-Fotografin-Bayern-200x300.jpg 200w, https:\/\/www.annamardo.de\/wp-content\/uploads\/2021\/05\/98_Ellwangen-Hochzeit-Fotografin-Bayern-682x1024.jpg 682w, https:\/\/www.annamardo.de\/wp-content\/uploads\/2021\/05\/98_Ellwangen-Hochzeit-Fotografin-Bayern-768x1154.jpg 768w, https:\/\/www.annamardo.de\/wp-content\/uploads\/2021\/05\/98_Ellwangen-Hochzeit-Fotografin-Bayern-1023x1536.jpg 1023w, https:\/\/www.annamardo.de\/wp-content\/uploads\/2021\/05\/98_Ellwangen-Hochzeit-Fotografin-Bayern-1364x2048.jpg 1364w\" sizes=\"auto, (max-width: 1500px) 100vw, 1500px\" \/> <img loading=\"lazy\" decoding=\"async\" class=\"aligncenter wp-image-13023 size-full\" src=\"https:\/\/www.annamardo.de\/wp-content\/uploads\/2021\/05\/99_Ellwangen-Hochzeit-Fotografin-Bayern.jpg\" alt=\"Hochzeitsfeier Dinkelsb\u00fchl\" width=\"1500\" height=\"2253\" srcset=\"https:\/\/www.annamardo.de\/wp-content\/uploads\/2021\/05\/99_Ellwangen-Hochzeit-Fotografin-Bayern.jpg 1500w, https:\/\/www.annamardo.de\/wp-content\/uploads\/2021\/05\/99_Ellwangen-Hochzeit-Fotografin-Bayern-200x300.jpg 200w, https:\/\/www.annamardo.de\/wp-content\/uploads\/2021\/05\/99_Ellwangen-Hochzeit-Fotografin-Bayern-682x1024.jpg 682w, https:\/\/www.annamardo.de\/wp-content\/uploads\/2021\/05\/99_Ellwangen-Hochzeit-Fotografin-Bayern-768x1154.jpg 768w, https:\/\/www.annamardo.de\/wp-content\/uploads\/2021\/05\/99_Ellwangen-Hochzeit-Fotografin-Bayern-1023x1536.jpg 1023w, https:\/\/www.annamardo.de\/wp-content\/uploads\/2021\/05\/99_Ellwangen-Hochzeit-Fotografin-Bayern-1364x2048.jpg 1364w\" sizes=\"auto, (max-width: 1500px) 100vw, 1500px\" \/><\/p>\n","protected":false},"excerpt":{"rendered":"<p>Es ist Mitte Mai 2021 und aktuell fiebern all meine Sommerbrautpaare dahingehend, ob gro\u00df Heiraten in ein paar Monaten m\u00f6glich sein wird. Im August 2020 war es das. Diese Hochzeit in Dinkelsb\u00fchl fand im August 2020 statt. Die Auflagen f\u00fcr Hochzeiten waren gering und man durfte mit 100 G\u00e4sten feiern. Die Welt f\u00fchlte sich normal&#8230;<\/p>\n","protected":false},"author":1,"featured_media":12960,"comment_status":"open","ping_status":"open","sticky":false,"template":"","format":"standard","meta":{"_kadence_starter_templates_imported_post":false,"_kad_post_transparent":"","_kad_post_title":"","_kad_post_layout":"","_kad_post_sidebar_id":"","_kad_post_content_style":"","_kad_post_vertical_padding":"","_kad_post_feature":"","_kad_post_feature_position":"","_kad_post_header":false,"_kad_post_footer":false,"_kad_post_classname":"","footnotes":""},"categories":[4],"tags":[15],"class_list":["post-12900","post","type-post","status-publish","format-standard","has-post-thumbnail","hentry","category-hochzeit","tag-hochzeit"],"yoast_head":"<!-- This site is optimized with the Yoast SEO plugin v27.4 - https:\/\/yoast.com\/product\/yoast-seo-wordpress\/ -->\n<title>Sommerliche Hochzeit in Dinkelsb\u00fchl im Meiser Design Hotel<\/title>\n<meta name=\"description\" content=\"Eine Sommerliche Hochzeit in Dinkelsb\u00fchl mit einer romantischen Outdoor Trauung und Feier im Meiser Design Hotel in Dinkelsb\u00fchl.\" \/>\n<meta name=\"robots\" content=\"index, follow, max-snippet:-1, max-image-preview:large, max-video-preview:-1\" \/>\n<link rel=\"canonical\" href=\"https:\/\/www.annamardo.de\/hochzeit-dinkelsbuehl\/\" \/>\n<meta property=\"og:locale\" content=\"en_US\" \/>\n<meta property=\"og:type\" content=\"article\" \/>\n<meta property=\"og:title\" content=\"Sommerliche Hochzeit in Dinkelsb\u00fchl im Meiser Design Hotel\" \/>\n<meta property=\"og:description\" content=\"Eine Sommerliche Hochzeit in Dinkelsb\u00fchl mit einer romantischen Outdoor Trauung und Feier im Meiser Design Hotel in Dinkelsb\u00fchl.\" \/>\n<meta property=\"og:url\" content=\"https:\/\/www.annamardo.de\/hochzeit-dinkelsbuehl\/\" \/>\n<meta property=\"og:site_name\" content=\"Anna Mardo Hochzeitsfotografie\" \/>\n<meta property=\"article:publisher\" content=\"https:\/\/www.facebook.com\/AnnaMardoHochzeitsfotografie\/\" \/>\n<meta property=\"article:author\" content=\"https:\/\/www.facebook.com\/AnnaMardoHochzeitsfotografie\/\" \/>\n<meta property=\"article:published_time\" content=\"2021-06-10T04:00:41+00:00\" \/>\n<meta property=\"article:modified_time\" content=\"2021-06-28T06:32:31+00:00\" \/>\n<meta property=\"og:image\" content=\"https:\/\/www.annamardo.de\/wp-content\/uploads\/2021\/05\/36_Hochzeit-Dinkelsbuehl.jpg\" \/>\n\t<meta property=\"og:image:width\" content=\"1500\" \/>\n\t<meta property=\"og:image:height\" content=\"1000\" \/>\n\t<meta property=\"og:image:type\" content=\"image\/jpeg\" \/>\n<meta name=\"author\" content=\"Anna Mardo\" \/>\n<meta name=\"twitter:card\" content=\"summary_large_image\" \/>\n<meta name=\"twitter:label1\" content=\"Written by\" \/>\n\t<meta name=\"twitter:data1\" content=\"Anna Mardo\" \/>\n\t<meta name=\"twitter:label2\" content=\"Est. reading time\" \/>\n\t<meta name=\"twitter:data2\" content=\"22 minutes\" \/>\n<script type=\"application\/ld+json\" class=\"yoast-schema-graph\">{\"@context\":\"https:\\\/\\\/schema.org\",\"@graph\":[{\"@type\":\"Article\",\"@id\":\"https:\\\/\\\/www.annamardo.de\\\/hochzeit-dinkelsbuehl\\\/#article\",\"isPartOf\":{\"@id\":\"https:\\\/\\\/www.annamardo.de\\\/hochzeit-dinkelsbuehl\\\/\"},\"author\":{\"name\":\"Anna Mardo\",\"@id\":\"https:\\\/\\\/www.annamardo.de\\\/#\\\/schema\\\/person\\\/c3ae0c10a19a6067a617804bb8bc64a7\"},\"headline\":\"Hochzeit in Dinkelsb\u00fchl im Meiser Design Hotel\",\"datePublished\":\"2021-06-10T04:00:41+00:00\",\"dateModified\":\"2021-06-28T06:32:31+00:00\",\"mainEntityOfPage\":{\"@id\":\"https:\\\/\\\/www.annamardo.de\\\/hochzeit-dinkelsbuehl\\\/\"},\"wordCount\":443,\"commentCount\":0,\"publisher\":{\"@id\":\"https:\\\/\\\/www.annamardo.de\\\/#organization\"},\"image\":{\"@id\":\"https:\\\/\\\/www.annamardo.de\\\/hochzeit-dinkelsbuehl\\\/#primaryimage\"},\"thumbnailUrl\":\"https:\\\/\\\/www.annamardo.de\\\/wp-content\\\/uploads\\\/2021\\\/05\\\/36_Hochzeit-Dinkelsbuehl.jpg\",\"keywords\":[\"Hochzeit\"],\"articleSection\":[\"Hochzeit\"],\"inLanguage\":\"en-US\",\"potentialAction\":[{\"@type\":\"CommentAction\",\"name\":\"Comment\",\"target\":[\"https:\\\/\\\/www.annamardo.de\\\/hochzeit-dinkelsbuehl\\\/#respond\"]}]},{\"@type\":\"WebPage\",\"@id\":\"https:\\\/\\\/www.annamardo.de\\\/hochzeit-dinkelsbuehl\\\/\",\"url\":\"https:\\\/\\\/www.annamardo.de\\\/hochzeit-dinkelsbuehl\\\/\",\"name\":\"Sommerliche Hochzeit in Dinkelsb\u00fchl im Meiser Design Hotel\",\"isPartOf\":{\"@id\":\"https:\\\/\\\/www.annamardo.de\\\/#website\"},\"primaryImageOfPage\":{\"@id\":\"https:\\\/\\\/www.annamardo.de\\\/hochzeit-dinkelsbuehl\\\/#primaryimage\"},\"image\":{\"@id\":\"https:\\\/\\\/www.annamardo.de\\\/hochzeit-dinkelsbuehl\\\/#primaryimage\"},\"thumbnailUrl\":\"https:\\\/\\\/www.annamardo.de\\\/wp-content\\\/uploads\\\/2021\\\/05\\\/36_Hochzeit-Dinkelsbuehl.jpg\",\"datePublished\":\"2021-06-10T04:00:41+00:00\",\"dateModified\":\"2021-06-28T06:32:31+00:00\",\"description\":\"Eine Sommerliche Hochzeit in Dinkelsb\u00fchl mit einer romantischen Outdoor Trauung und Feier im Meiser Design Hotel in Dinkelsb\u00fchl.\",\"breadcrumb\":{\"@id\":\"https:\\\/\\\/www.annamardo.de\\\/hochzeit-dinkelsbuehl\\\/#breadcrumb\"},\"inLanguage\":\"en-US\",\"potentialAction\":[{\"@type\":\"ReadAction\",\"target\":[\"https:\\\/\\\/www.annamardo.de\\\/hochzeit-dinkelsbuehl\\\/\"]}]},{\"@type\":\"ImageObject\",\"inLanguage\":\"en-US\",\"@id\":\"https:\\\/\\\/www.annamardo.de\\\/hochzeit-dinkelsbuehl\\\/#primaryimage\",\"url\":\"https:\\\/\\\/www.annamardo.de\\\/wp-content\\\/uploads\\\/2021\\\/05\\\/36_Hochzeit-Dinkelsbuehl.jpg\",\"contentUrl\":\"https:\\\/\\\/www.annamardo.de\\\/wp-content\\\/uploads\\\/2021\\\/05\\\/36_Hochzeit-Dinkelsbuehl.jpg\",\"width\":1500,\"height\":1000,\"caption\":\"Hochzeit in Dinkelsb\u00fchl\"},{\"@type\":\"BreadcrumbList\",\"@id\":\"https:\\\/\\\/www.annamardo.de\\\/hochzeit-dinkelsbuehl\\\/#breadcrumb\",\"itemListElement\":[{\"@type\":\"ListItem\",\"position\":1,\"name\":\"Startseite\",\"item\":\"https:\\\/\\\/www.annamardo.de\\\/en\\\/\"},{\"@type\":\"ListItem\",\"position\":2,\"name\":\"Hochzeit in Dinkelsb\u00fchl im Meiser Design Hotel\"}]},{\"@type\":\"WebSite\",\"@id\":\"https:\\\/\\\/www.annamardo.de\\\/#website\",\"url\":\"https:\\\/\\\/www.annamardo.de\\\/\",\"name\":\"Anna Mardo Hochzeitsfotografie\",\"description\":\"Berghochzeiten &amp; Hochzeiten im Oberland\",\"publisher\":{\"@id\":\"https:\\\/\\\/www.annamardo.de\\\/#organization\"},\"potentialAction\":[{\"@type\":\"SearchAction\",\"target\":{\"@type\":\"EntryPoint\",\"urlTemplate\":\"https:\\\/\\\/www.annamardo.de\\\/?s={search_term_string}\"},\"query-input\":{\"@type\":\"PropertyValueSpecification\",\"valueRequired\":true,\"valueName\":\"search_term_string\"}}],\"inLanguage\":\"en-US\"},{\"@type\":\"Organization\",\"@id\":\"https:\\\/\\\/www.annamardo.de\\\/#organization\",\"name\":\"Anna Mardo Hochzeitsfotografie\",\"url\":\"https:\\\/\\\/www.annamardo.de\\\/\",\"logo\":{\"@type\":\"ImageObject\",\"inLanguage\":\"en-US\",\"@id\":\"https:\\\/\\\/www.annamardo.de\\\/#\\\/schema\\\/logo\\\/image\\\/\",\"url\":\"https:\\\/\\\/www.annamardo.de\\\/wp-content\\\/uploads\\\/2021\\\/12\\\/Logo_Anna_Mardo_berghochzeiten.png\",\"contentUrl\":\"https:\\\/\\\/www.annamardo.de\\\/wp-content\\\/uploads\\\/2021\\\/12\\\/Logo_Anna_Mardo_berghochzeiten.png\",\"width\":1000,\"height\":655,\"caption\":\"Anna Mardo Hochzeitsfotografie\"},\"image\":{\"@id\":\"https:\\\/\\\/www.annamardo.de\\\/#\\\/schema\\\/logo\\\/image\\\/\"},\"sameAs\":[\"https:\\\/\\\/www.facebook.com\\\/AnnaMardoHochzeitsfotografie\\\/\",\"https:\\\/\\\/www.instagram.com\\\/annamardo\\\/\"]},{\"@type\":\"Person\",\"@id\":\"https:\\\/\\\/www.annamardo.de\\\/#\\\/schema\\\/person\\\/c3ae0c10a19a6067a617804bb8bc64a7\",\"name\":\"Anna Mardo\",\"description\":\"Fotografin f\u00fcr Berghochzeiten\",\"sameAs\":[\"https:\\\/\\\/www.annamardo.de\",\"https:\\\/\\\/www.facebook.com\\\/AnnaMardoHochzeitsfotografie\\\/\",\"https:\\\/\\\/www.instagram.com\\\/annamardo\\\/\",\"https:\\\/\\\/de.pinterest.com\\\/annamardo\"],\"url\":\"https:\\\/\\\/www.annamardo.de\\\/en\\\/author\\\/antje210\\\/\"}]}<\/script>\n<!-- \/ Yoast SEO plugin. -->","yoast_head_json":{"title":"Sommerliche Hochzeit in Dinkelsb\u00fchl im Meiser Design Hotel","description":"Eine Sommerliche Hochzeit in Dinkelsb\u00fchl mit einer romantischen Outdoor Trauung und Feier im Meiser Design Hotel in Dinkelsb\u00fchl.","robots":{"index":"index","follow":"follow","max-snippet":"max-snippet:-1","max-image-preview":"max-image-preview:large","max-video-preview":"max-video-preview:-1"},"canonical":"https:\/\/www.annamardo.de\/hochzeit-dinkelsbuehl\/","og_locale":"en_US","og_type":"article","og_title":"Sommerliche Hochzeit in Dinkelsb\u00fchl im Meiser Design Hotel","og_description":"Eine Sommerliche Hochzeit in Dinkelsb\u00fchl mit einer romantischen Outdoor Trauung und Feier im Meiser Design Hotel in Dinkelsb\u00fchl.","og_url":"https:\/\/www.annamardo.de\/hochzeit-dinkelsbuehl\/","og_site_name":"Anna Mardo Hochzeitsfotografie","article_publisher":"https:\/\/www.facebook.com\/AnnaMardoHochzeitsfotografie\/","article_author":"https:\/\/www.facebook.com\/AnnaMardoHochzeitsfotografie\/","article_published_time":"2021-06-10T04:00:41+00:00","article_modified_time":"2021-06-28T06:32:31+00:00","og_image":[{"width":1500,"height":1000,"url":"https:\/\/www.annamardo.de\/wp-content\/uploads\/2021\/05\/36_Hochzeit-Dinkelsbuehl.jpg","type":"image\/jpeg"}],"author":"Anna Mardo","twitter_card":"summary_large_image","twitter_misc":{"Written by":"Anna Mardo","Est. reading time":"22 minutes"},"schema":{"@context":"https:\/\/schema.org","@graph":[{"@type":"Article","@id":"https:\/\/www.annamardo.de\/hochzeit-dinkelsbuehl\/#article","isPartOf":{"@id":"https:\/\/www.annamardo.de\/hochzeit-dinkelsbuehl\/"},"author":{"name":"Anna Mardo","@id":"https:\/\/www.annamardo.de\/#\/schema\/person\/c3ae0c10a19a6067a617804bb8bc64a7"},"headline":"Hochzeit in Dinkelsb\u00fchl im Meiser Design Hotel","datePublished":"2021-06-10T04:00:41+00:00","dateModified":"2021-06-28T06:32:31+00:00","mainEntityOfPage":{"@id":"https:\/\/www.annamardo.de\/hochzeit-dinkelsbuehl\/"},"wordCount":443,"commentCount":0,"publisher":{"@id":"https:\/\/www.annamardo.de\/#organization"},"image":{"@id":"https:\/\/www.annamardo.de\/hochzeit-dinkelsbuehl\/#primaryimage"},"thumbnailUrl":"https:\/\/www.annamardo.de\/wp-content\/uploads\/2021\/05\/36_Hochzeit-Dinkelsbuehl.jpg","keywords":["Hochzeit"],"articleSection":["Hochzeit"],"inLanguage":"en-US","potentialAction":[{"@type":"CommentAction","name":"Comment","target":["https:\/\/www.annamardo.de\/hochzeit-dinkelsbuehl\/#respond"]}]},{"@type":"WebPage","@id":"https:\/\/www.annamardo.de\/hochzeit-dinkelsbuehl\/","url":"https:\/\/www.annamardo.de\/hochzeit-dinkelsbuehl\/","name":"Sommerliche Hochzeit in Dinkelsb\u00fchl im Meiser Design Hotel","isPartOf":{"@id":"https:\/\/www.annamardo.de\/#website"},"primaryImageOfPage":{"@id":"https:\/\/www.annamardo.de\/hochzeit-dinkelsbuehl\/#primaryimage"},"image":{"@id":"https:\/\/www.annamardo.de\/hochzeit-dinkelsbuehl\/#primaryimage"},"thumbnailUrl":"https:\/\/www.annamardo.de\/wp-content\/uploads\/2021\/05\/36_Hochzeit-Dinkelsbuehl.jpg","datePublished":"2021-06-10T04:00:41+00:00","dateModified":"2021-06-28T06:32:31+00:00","description":"Eine Sommerliche Hochzeit in Dinkelsb\u00fchl mit einer romantischen Outdoor Trauung und Feier im Meiser Design Hotel in Dinkelsb\u00fchl.","breadcrumb":{"@id":"https:\/\/www.annamardo.de\/hochzeit-dinkelsbuehl\/#breadcrumb"},"inLanguage":"en-US","potentialAction":[{"@type":"ReadAction","target":["https:\/\/www.annamardo.de\/hochzeit-dinkelsbuehl\/"]}]},{"@type":"ImageObject","inLanguage":"en-US","@id":"https:\/\/www.annamardo.de\/hochzeit-dinkelsbuehl\/#primaryimage","url":"https:\/\/www.annamardo.de\/wp-content\/uploads\/2021\/05\/36_Hochzeit-Dinkelsbuehl.jpg","contentUrl":"https:\/\/www.annamardo.de\/wp-content\/uploads\/2021\/05\/36_Hochzeit-Dinkelsbuehl.jpg","width":1500,"height":1000,"caption":"Hochzeit in Dinkelsb\u00fchl"},{"@type":"BreadcrumbList","@id":"https:\/\/www.annamardo.de\/hochzeit-dinkelsbuehl\/#breadcrumb","itemListElement":[{"@type":"ListItem","position":1,"name":"Startseite","item":"https:\/\/www.annamardo.de\/en\/"},{"@type":"ListItem","position":2,"name":"Hochzeit in Dinkelsb\u00fchl im Meiser Design Hotel"}]},{"@type":"WebSite","@id":"https:\/\/www.annamardo.de\/#website","url":"https:\/\/www.annamardo.de\/","name":"Anna Mardo Hochzeitsfotografie","description":"Berghochzeiten &amp; Hochzeiten im Oberland","publisher":{"@id":"https:\/\/www.annamardo.de\/#organization"},"potentialAction":[{"@type":"SearchAction","target":{"@type":"EntryPoint","urlTemplate":"https:\/\/www.annamardo.de\/?s={search_term_string}"},"query-input":{"@type":"PropertyValueSpecification","valueRequired":true,"valueName":"search_term_string"}}],"inLanguage":"en-US"},{"@type":"Organization","@id":"https:\/\/www.annamardo.de\/#organization","name":"Anna Mardo Hochzeitsfotografie","url":"https:\/\/www.annamardo.de\/","logo":{"@type":"ImageObject","inLanguage":"en-US","@id":"https:\/\/www.annamardo.de\/#\/schema\/logo\/image\/","url":"https:\/\/www.annamardo.de\/wp-content\/uploads\/2021\/12\/Logo_Anna_Mardo_berghochzeiten.png","contentUrl":"https:\/\/www.annamardo.de\/wp-content\/uploads\/2021\/12\/Logo_Anna_Mardo_berghochzeiten.png","width":1000,"height":655,"caption":"Anna Mardo Hochzeitsfotografie"},"image":{"@id":"https:\/\/www.annamardo.de\/#\/schema\/logo\/image\/"},"sameAs":["https:\/\/www.facebook.com\/AnnaMardoHochzeitsfotografie\/","https:\/\/www.instagram.com\/annamardo\/"]},{"@type":"Person","@id":"https:\/\/www.annamardo.de\/#\/schema\/person\/c3ae0c10a19a6067a617804bb8bc64a7","name":"Anna Mardo","description":"Fotografin f\u00fcr Berghochzeiten","sameAs":["https:\/\/www.annamardo.de","https:\/\/www.facebook.com\/AnnaMardoHochzeitsfotografie\/","https:\/\/www.instagram.com\/annamardo\/","https:\/\/de.pinterest.com\/annamardo"],"url":"https:\/\/www.annamardo.de\/en\/author\/antje210\/"}]}},"_links":{"self":[{"href":"https:\/\/www.annamardo.de\/en\/wp-json\/wp\/v2\/posts\/12900","targetHints":{"allow":["GET"]}}],"collection":[{"href":"https:\/\/www.annamardo.de\/en\/wp-json\/wp\/v2\/posts"}],"about":[{"href":"https:\/\/www.annamardo.de\/en\/wp-json\/wp\/v2\/types\/post"}],"author":[{"embeddable":true,"href":"https:\/\/www.annamardo.de\/en\/wp-json\/wp\/v2\/users\/1"}],"replies":[{"embeddable":true,"href":"https:\/\/www.annamardo.de\/en\/wp-json\/wp\/v2\/comments?post=12900"}],"version-history":[{"count":3,"href":"https:\/\/www.annamardo.de\/en\/wp-json\/wp\/v2\/posts\/12900\/revisions"}],"predecessor-version":[{"id":13243,"href":"https:\/\/www.annamardo.de\/en\/wp-json\/wp\/v2\/posts\/12900\/revisions\/13243"}],"wp:featuredmedia":[{"embeddable":true,"href":"https:\/\/www.annamardo.de\/en\/wp-json\/wp\/v2\/media\/12960"}],"wp:attachment":[{"href":"https:\/\/www.annamardo.de\/en\/wp-json\/wp\/v2\/media?parent=12900"}],"wp:term":[{"taxonomy":"category","embeddable":true,"href":"https:\/\/www.annamardo.de\/en\/wp-json\/wp\/v2\/categories?post=12900"},{"taxonomy":"post_tag","embeddable":true,"href":"https:\/\/www.annamardo.de\/en\/wp-json\/wp\/v2\/tags?post=12900"}],"curies":[{"name":"wp","href":"https:\/\/api.w.org\/{rel}","templated":true}]}}