{"id":12066,"date":"2021-02-16T06:00:54","date_gmt":"2021-02-16T04:00:54","guid":{"rendered":"https:\/\/www.annamardo.de\/?p=12066"},"modified":"2023-07-22T10:30:16","modified_gmt":"2023-07-22T08:30:16","slug":"herbsthochzeit","status":"publish","type":"post","link":"https:\/\/www.annamardo.de\/en\/herbsthochzeit\/","title":{"rendered":"Herbsthochzeit mit dem Motto Dusty Orange"},"content":{"rendered":"<h2>Konzept f\u00fcr die stylische Herbsthochzeit in orange und schwarz<\/h2>\n<p>Welche Farbe verbinden wir instinktiv mit dem Herbst: orange, rot und Gelbt\u00f6ne. Wir haben mit einem tollen diese diese Inspiration f\u00fcr eine Herbsthochzeit geschaffen. Die Location Neuhof am See in Gundelfingen &nbsp;passt perfekt zu dem modernen Hochzeitskonzept in dusty orange und schwarz. Vor allem die Tischdekoration von der Blumenbinderei\/Bl\u00fctenwerk in Wertingen hat uns umgehauen aber alle anderen Dienstleister haben sich selbst \u00fcbertroffen und f\u00fcgen sich perfekt ein. Die edle Papeterie von Papierformat sind eine wunderbare Kombination aus elegant und cool. Die Eheringe von Uhren &amp; Schmuck Hirn sind wie immer etwas ganz Besonderes. Unsere Braut tr\u00e4gt ein Spitzenkleid von Juttas Brautmoden und wurde von Maureen Wachter gestylt. Das s\u00fc\u00dfe etwas ist die Hochzeitstorte von Sweet Diana und nicht zu vergessen Hund Hope!<\/p>\n<h3>Dienstleister Team:<\/h3>\n<p><span style=\"font-weight: 400;\">Fotografie: <a href=\"https:\/\/www.annamardo.de\">Anna Mardo<\/a><br \/>\n<\/span><span style=\"font-weight: 400;\">Dekoration &amp; Floristik: Simone Neumeier<br \/>\n<\/span>Location: <a href=\"https:\/\/www.neuhof.de\" target=\"_blank\" rel=\"noopener\">Neuhof am See<\/a><br \/>\n<span style=\"font-weight: 400;\">Brautkleid: <a href=\"https:\/\/www.trau-dich-juttas-brautmoden.de\" target=\"_blank\" rel=\"noopener\">Trau dich Juttas Brautmoden<\/a><br \/>\n<\/span><span style=\"font-weight: 400;\">H&amp;M: <a href=\"http:\/\/schoenheit-in-perfektion.de\/\" target=\"_blank\" rel=\"noopener\">Sch\u00f6nheit in Perfektion<\/a><br \/>\n<\/span><span style=\"font-weight: 400;\">Torte:<a href=\"https:\/\/www.sweetdiana.de\" target=\"_blank\" rel=\"noopener\"> Tortenstudio Sweet Diana<\/a><br \/>\n<\/span><span style=\"font-weight: 400;\">Schmuck: <a href=\"http:\/\/www.uhren-schmuck-hirn.de\" target=\"_blank\" rel=\"noopener\">Uhren &amp; Schmuck Hirn<\/a><br \/>\n<\/span>Papeterie: <a href=\"https:\/\/papier-format.de\" target=\"_blank\" rel=\"noopener\">Papierformat<\/a><\/p>\n<p><img loading=\"lazy\" decoding=\"async\" class=\"aligncenter size-full wp-image-12067\" src=\"https:\/\/www.annamardo.de\/wp-content\/uploads\/2020\/12\/01_Styled-Shoot-Dusty-Orange.jpg\" alt=\"Styled Shoot Dusty Orange\" width=\"1500\" height=\"999\" srcset=\"https:\/\/www.annamardo.de\/wp-content\/uploads\/2020\/12\/01_Styled-Shoot-Dusty-Orange.jpg 1500w, https:\/\/www.annamardo.de\/wp-content\/uploads\/2020\/12\/01_Styled-Shoot-Dusty-Orange-300x200.jpg 300w, https:\/\/www.annamardo.de\/wp-content\/uploads\/2020\/12\/01_Styled-Shoot-Dusty-Orange-1024x682.jpg 1024w, https:\/\/www.annamardo.de\/wp-content\/uploads\/2020\/12\/01_Styled-Shoot-Dusty-Orange-768x511.jpg 768w\" sizes=\"auto, (max-width: 1500px) 100vw, 1500px\" \/> <img loading=\"lazy\" decoding=\"async\" class=\"aligncenter size-full wp-image-12068\" src=\"https:\/\/www.annamardo.de\/wp-content\/uploads\/2020\/12\/02_Hochzeitsinspiration-Neuhof-am-See.jpg\" alt=\"Herbsthochzeit Inspiration\" width=\"1500\" height=\"739\" srcset=\"https:\/\/www.annamardo.de\/wp-content\/uploads\/2020\/12\/02_Hochzeitsinspiration-Neuhof-am-See.jpg 1500w, https:\/\/www.annamardo.de\/wp-content\/uploads\/2020\/12\/02_Hochzeitsinspiration-Neuhof-am-See-300x148.jpg 300w, https:\/\/www.annamardo.de\/wp-content\/uploads\/2020\/12\/02_Hochzeitsinspiration-Neuhof-am-See-1024x504.jpg 1024w, https:\/\/www.annamardo.de\/wp-content\/uploads\/2020\/12\/02_Hochzeitsinspiration-Neuhof-am-See-768x378.jpg 768w\" sizes=\"auto, (max-width: 1500px) 100vw, 1500px\" \/> <img loading=\"lazy\" decoding=\"async\" class=\"aligncenter size-full wp-image-12069\" src=\"https:\/\/www.annamardo.de\/wp-content\/uploads\/2020\/12\/03_Hochzeitsfarbe-Orange.jpg\" alt=\"Dekoration f\u00fcr die Herbsthochzeit\" width=\"1500\" height=\"1001\" srcset=\"https:\/\/www.annamardo.de\/wp-content\/uploads\/2020\/12\/03_Hochzeitsfarbe-Orange.jpg 1500w, https:\/\/www.annamardo.de\/wp-content\/uploads\/2020\/12\/03_Hochzeitsfarbe-Orange-300x200.jpg 300w, https:\/\/www.annamardo.de\/wp-content\/uploads\/2020\/12\/03_Hochzeitsfarbe-Orange-1024x683.jpg 1024w, https:\/\/www.annamardo.de\/wp-content\/uploads\/2020\/12\/03_Hochzeitsfarbe-Orange-768x513.jpg 768w\" sizes=\"auto, (max-width: 1500px) 100vw, 1500px\" \/> <img loading=\"lazy\" decoding=\"async\" class=\"aligncenter size-full wp-image-12070\" src=\"https:\/\/www.annamardo.de\/wp-content\/uploads\/2020\/12\/04_Neuhof-Am-See-Fotoshooting.jpg\" alt=\"Fotografin Neuhof am see\" width=\"1500\" height=\"2252\" srcset=\"https:\/\/www.annamardo.de\/wp-content\/uploads\/2020\/12\/04_Neuhof-Am-See-Fotoshooting.jpg 1500w, https:\/\/www.annamardo.de\/wp-content\/uploads\/2020\/12\/04_Neuhof-Am-See-Fotoshooting-200x300.jpg 200w, https:\/\/www.annamardo.de\/wp-content\/uploads\/2020\/12\/04_Neuhof-Am-See-Fotoshooting-682x1024.jpg 682w, https:\/\/www.annamardo.de\/wp-content\/uploads\/2020\/12\/04_Neuhof-Am-See-Fotoshooting-768x1153.jpg 768w, https:\/\/www.annamardo.de\/wp-content\/uploads\/2020\/12\/04_Neuhof-Am-See-Fotoshooting-1023x1536.jpg 1023w, https:\/\/www.annamardo.de\/wp-content\/uploads\/2020\/12\/04_Neuhof-Am-See-Fotoshooting-1364x2048.jpg 1364w\" sizes=\"auto, (max-width: 1500px) 100vw, 1500px\" \/> <img loading=\"lazy\" decoding=\"async\" class=\"aligncenter size-full wp-image-12071\" src=\"https:\/\/www.annamardo.de\/wp-content\/uploads\/2020\/12\/05_Hochzeit-Neuhof-Am-See.jpg\" alt=\"Hochzeit in Herbstt\u00f6nen\" width=\"1500\" height=\"1117\" srcset=\"https:\/\/www.annamardo.de\/wp-content\/uploads\/2020\/12\/05_Hochzeit-Neuhof-Am-See.jpg 1500w, https:\/\/www.annamardo.de\/wp-content\/uploads\/2020\/12\/05_Hochzeit-Neuhof-Am-See-300x223.jpg 300w, https:\/\/www.annamardo.de\/wp-content\/uploads\/2020\/12\/05_Hochzeit-Neuhof-Am-See-1024x763.jpg 1024w, https:\/\/www.annamardo.de\/wp-content\/uploads\/2020\/12\/05_Hochzeit-Neuhof-Am-See-768x572.jpg 768w\" sizes=\"auto, (max-width: 1500px) 100vw, 1500px\" \/> <img loading=\"lazy\" decoding=\"async\" class=\"aligncenter size-full wp-image-12072\" src=\"https:\/\/www.annamardo.de\/wp-content\/uploads\/2020\/12\/06_Papeterie-Hochzeitsfarbe-Orange.jpg\" alt=\"Papeterie f\u00fcr die Herbsthochzeit\" width=\"1500\" height=\"2250\" srcset=\"https:\/\/www.annamardo.de\/wp-content\/uploads\/2020\/12\/06_Papeterie-Hochzeitsfarbe-Orange.jpg 1500w, https:\/\/www.annamardo.de\/wp-content\/uploads\/2020\/12\/06_Papeterie-Hochzeitsfarbe-Orange-200x300.jpg 200w, https:\/\/www.annamardo.de\/wp-content\/uploads\/2020\/12\/06_Papeterie-Hochzeitsfarbe-Orange-683x1024.jpg 683w, https:\/\/www.annamardo.de\/wp-content\/uploads\/2020\/12\/06_Papeterie-Hochzeitsfarbe-Orange-768x1152.jpg 768w, https:\/\/www.annamardo.de\/wp-content\/uploads\/2020\/12\/06_Papeterie-Hochzeitsfarbe-Orange-1024x1536.jpg 1024w, https:\/\/www.annamardo.de\/wp-content\/uploads\/2020\/12\/06_Papeterie-Hochzeitsfarbe-Orange-1365x2048.jpg 1365w\" sizes=\"auto, (max-width: 1500px) 100vw, 1500px\" \/> <img loading=\"lazy\" decoding=\"async\" class=\"aligncenter size-full wp-image-12073\" src=\"https:\/\/www.annamardo.de\/wp-content\/uploads\/2020\/12\/07_Herbsthochzeit-Orange-Tischdekoration.jpg\" alt=\"Herbsthochzeit in Dusty Orange\" width=\"1500\" height=\"999\" srcset=\"https:\/\/www.annamardo.de\/wp-content\/uploads\/2020\/12\/07_Herbsthochzeit-Orange-Tischdekoration.jpg 1500w, https:\/\/www.annamardo.de\/wp-content\/uploads\/2020\/12\/07_Herbsthochzeit-Orange-Tischdekoration-300x200.jpg 300w, https:\/\/www.annamardo.de\/wp-content\/uploads\/2020\/12\/07_Herbsthochzeit-Orange-Tischdekoration-1024x682.jpg 1024w, https:\/\/www.annamardo.de\/wp-content\/uploads\/2020\/12\/07_Herbsthochzeit-Orange-Tischdekoration-768x511.jpg 768w\" sizes=\"auto, (max-width: 1500px) 100vw, 1500px\" \/> <img loading=\"lazy\" decoding=\"async\" class=\"aligncenter size-full wp-image-12074\" src=\"https:\/\/www.annamardo.de\/wp-content\/uploads\/2020\/12\/08_Papeterie-Hochzeit-Orange-Ideen.jpg\" alt=\"Papeterie f\u00fcr die Hochzeit in Orange\" width=\"1500\" height=\"1001\" srcset=\"https:\/\/www.annamardo.de\/wp-content\/uploads\/2020\/12\/08_Papeterie-Hochzeit-Orange-Ideen.jpg 1500w, https:\/\/www.annamardo.de\/wp-content\/uploads\/2020\/12\/08_Papeterie-Hochzeit-Orange-Ideen-300x200.jpg 300w, https:\/\/www.annamardo.de\/wp-content\/uploads\/2020\/12\/08_Papeterie-Hochzeit-Orange-Ideen-1024x683.jpg 1024w, https:\/\/www.annamardo.de\/wp-content\/uploads\/2020\/12\/08_Papeterie-Hochzeit-Orange-Ideen-768x513.jpg 768w\" sizes=\"auto, (max-width: 1500px) 100vw, 1500px\" \/> <img loading=\"lazy\" decoding=\"async\" class=\"aligncenter size-full wp-image-12075\" src=\"https:\/\/www.annamardo.de\/wp-content\/uploads\/2020\/12\/09_Papeterie-Hochzeit-Styled-Shoot-Dusty-orange.jpg\" alt=\"Papeterie f\u00fcr die Herbsthochzeit in Orange\" width=\"1500\" height=\"1117\" srcset=\"https:\/\/www.annamardo.de\/wp-content\/uploads\/2020\/12\/09_Papeterie-Hochzeit-Styled-Shoot-Dusty-orange.jpg 1500w, https:\/\/www.annamardo.de\/wp-content\/uploads\/2020\/12\/09_Papeterie-Hochzeit-Styled-Shoot-Dusty-orange-300x223.jpg 300w, https:\/\/www.annamardo.de\/wp-content\/uploads\/2020\/12\/09_Papeterie-Hochzeit-Styled-Shoot-Dusty-orange-1024x763.jpg 1024w, https:\/\/www.annamardo.de\/wp-content\/uploads\/2020\/12\/09_Papeterie-Hochzeit-Styled-Shoot-Dusty-orange-768x572.jpg 768w\" sizes=\"auto, (max-width: 1500px) 100vw, 1500px\" \/> <img loading=\"lazy\" decoding=\"async\" class=\"aligncenter size-full wp-image-12076\" src=\"https:\/\/www.annamardo.de\/wp-content\/uploads\/2020\/12\/10_Hochzeitsring-Hirn-Wertingen.jpg\" alt=\"Hochzeitsring von Hirn in Wertingen\" width=\"1500\" height=\"999\" srcset=\"https:\/\/www.annamardo.de\/wp-content\/uploads\/2020\/12\/10_Hochzeitsring-Hirn-Wertingen.jpg 1500w, https:\/\/www.annamardo.de\/wp-content\/uploads\/2020\/12\/10_Hochzeitsring-Hirn-Wertingen-300x200.jpg 300w, https:\/\/www.annamardo.de\/wp-content\/uploads\/2020\/12\/10_Hochzeitsring-Hirn-Wertingen-1024x682.jpg 1024w, https:\/\/www.annamardo.de\/wp-content\/uploads\/2020\/12\/10_Hochzeitsring-Hirn-Wertingen-768x511.jpg 768w\" sizes=\"auto, (max-width: 1500px) 100vw, 1500px\" \/> <img loading=\"lazy\" decoding=\"async\" class=\"aligncenter size-full wp-image-12077\" src=\"https:\/\/www.annamardo.de\/wp-content\/uploads\/2020\/12\/11_Hochzeitsinspo-dusty-orange.jpg\" alt=\"Hochzeitsinspo in orange\" width=\"1500\" height=\"2252\" srcset=\"https:\/\/www.annamardo.de\/wp-content\/uploads\/2020\/12\/11_Hochzeitsinspo-dusty-orange.jpg 1500w, https:\/\/www.annamardo.de\/wp-content\/uploads\/2020\/12\/11_Hochzeitsinspo-dusty-orange-200x300.jpg 200w, https:\/\/www.annamardo.de\/wp-content\/uploads\/2020\/12\/11_Hochzeitsinspo-dusty-orange-682x1024.jpg 682w, https:\/\/www.annamardo.de\/wp-content\/uploads\/2020\/12\/11_Hochzeitsinspo-dusty-orange-768x1153.jpg 768w, https:\/\/www.annamardo.de\/wp-content\/uploads\/2020\/12\/11_Hochzeitsinspo-dusty-orange-1023x1536.jpg 1023w, https:\/\/www.annamardo.de\/wp-content\/uploads\/2020\/12\/11_Hochzeitsinspo-dusty-orange-1364x2048.jpg 1364w\" sizes=\"auto, (max-width: 1500px) 100vw, 1500px\" \/> <img loading=\"lazy\" decoding=\"async\" class=\"aligncenter size-full wp-image-12078\" src=\"https:\/\/www.annamardo.de\/wp-content\/uploads\/2020\/12\/12_Hirn-Schmuck-Ehering-Wertingen.jpg\" alt=\"Ehering in Gold mit Muster\" width=\"1500\" height=\"2252\" srcset=\"https:\/\/www.annamardo.de\/wp-content\/uploads\/2020\/12\/12_Hirn-Schmuck-Ehering-Wertingen.jpg 1500w, https:\/\/www.annamardo.de\/wp-content\/uploads\/2020\/12\/12_Hirn-Schmuck-Ehering-Wertingen-200x300.jpg 200w, https:\/\/www.annamardo.de\/wp-content\/uploads\/2020\/12\/12_Hirn-Schmuck-Ehering-Wertingen-682x1024.jpg 682w, https:\/\/www.annamardo.de\/wp-content\/uploads\/2020\/12\/12_Hirn-Schmuck-Ehering-Wertingen-768x1153.jpg 768w, https:\/\/www.annamardo.de\/wp-content\/uploads\/2020\/12\/12_Hirn-Schmuck-Ehering-Wertingen-1023x1536.jpg 1023w, https:\/\/www.annamardo.de\/wp-content\/uploads\/2020\/12\/12_Hirn-Schmuck-Ehering-Wertingen-1364x2048.jpg 1364w\" sizes=\"auto, (max-width: 1500px) 100vw, 1500px\" \/> <img loading=\"lazy\" decoding=\"async\" class=\"aligncenter size-full wp-image-12079\" src=\"https:\/\/www.annamardo.de\/wp-content\/uploads\/2020\/12\/13_Hochzeitstorte-Orange-Schwarz.jpg\" alt=\"Hochzeitstorte f\u00fcr die Herbsthochzeit\" width=\"1500\" height=\"999\" srcset=\"https:\/\/www.annamardo.de\/wp-content\/uploads\/2020\/12\/13_Hochzeitstorte-Orange-Schwarz.jpg 1500w, https:\/\/www.annamardo.de\/wp-content\/uploads\/2020\/12\/13_Hochzeitstorte-Orange-Schwarz-300x200.jpg 300w, https:\/\/www.annamardo.de\/wp-content\/uploads\/2020\/12\/13_Hochzeitstorte-Orange-Schwarz-1024x682.jpg 1024w, https:\/\/www.annamardo.de\/wp-content\/uploads\/2020\/12\/13_Hochzeitstorte-Orange-Schwarz-768x511.jpg 768w\" sizes=\"auto, (max-width: 1500px) 100vw, 1500px\" \/> <img loading=\"lazy\" decoding=\"async\" class=\"aligncenter size-full wp-image-12080\" src=\"https:\/\/www.annamardo.de\/wp-content\/uploads\/2020\/12\/14_Hochzeitsideen-Hochzeit-Orange-Herbsthochzeit.jpg\" alt=\"Hochzeitsideen f\u00fcr die Hochzeit in orange und schwarz\" width=\"1500\" height=\"1117\" srcset=\"https:\/\/www.annamardo.de\/wp-content\/uploads\/2020\/12\/14_Hochzeitsideen-Hochzeit-Orange-Herbsthochzeit.jpg 1500w, https:\/\/www.annamardo.de\/wp-content\/uploads\/2020\/12\/14_Hochzeitsideen-Hochzeit-Orange-Herbsthochzeit-300x223.jpg 300w, https:\/\/www.annamardo.de\/wp-content\/uploads\/2020\/12\/14_Hochzeitsideen-Hochzeit-Orange-Herbsthochzeit-1024x763.jpg 1024w, https:\/\/www.annamardo.de\/wp-content\/uploads\/2020\/12\/14_Hochzeitsideen-Hochzeit-Orange-Herbsthochzeit-768x572.jpg 768w\" sizes=\"auto, (max-width: 1500px) 100vw, 1500px\" \/> <img loading=\"lazy\" decoding=\"async\" class=\"aligncenter size-full wp-image-12081\" src=\"https:\/\/www.annamardo.de\/wp-content\/uploads\/2020\/12\/15_Hochzeitsideen-Hochzeit-Orange-Herbsthochzeit.jpg\" alt=\"Hochzeitstorte in orange und schwarz\" width=\"1500\" height=\"1001\" srcset=\"https:\/\/www.annamardo.de\/wp-content\/uploads\/2020\/12\/15_Hochzeitsideen-Hochzeit-Orange-Herbsthochzeit.jpg 1500w, https:\/\/www.annamardo.de\/wp-content\/uploads\/2020\/12\/15_Hochzeitsideen-Hochzeit-Orange-Herbsthochzeit-300x200.jpg 300w, https:\/\/www.annamardo.de\/wp-content\/uploads\/2020\/12\/15_Hochzeitsideen-Hochzeit-Orange-Herbsthochzeit-1024x683.jpg 1024w, https:\/\/www.annamardo.de\/wp-content\/uploads\/2020\/12\/15_Hochzeitsideen-Hochzeit-Orange-Herbsthochzeit-768x513.jpg 768w\" sizes=\"auto, (max-width: 1500px) 100vw, 1500px\" \/> <img loading=\"lazy\" decoding=\"async\" class=\"aligncenter size-full wp-image-12082\" src=\"https:\/\/www.annamardo.de\/wp-content\/uploads\/2020\/12\/16_Hochzeitsfotograf-Gundelfingen-Donau-Neuhof.jpg\" alt=\"Herbsthochzeit in Gundelfingen \" width=\"1500\" height=\"2252\" srcset=\"https:\/\/www.annamardo.de\/wp-content\/uploads\/2020\/12\/16_Hochzeitsfotograf-Gundelfingen-Donau-Neuhof.jpg 1500w, https:\/\/www.annamardo.de\/wp-content\/uploads\/2020\/12\/16_Hochzeitsfotograf-Gundelfingen-Donau-Neuhof-200x300.jpg 200w, https:\/\/www.annamardo.de\/wp-content\/uploads\/2020\/12\/16_Hochzeitsfotograf-Gundelfingen-Donau-Neuhof-682x1024.jpg 682w, https:\/\/www.annamardo.de\/wp-content\/uploads\/2020\/12\/16_Hochzeitsfotograf-Gundelfingen-Donau-Neuhof-768x1153.jpg 768w, https:\/\/www.annamardo.de\/wp-content\/uploads\/2020\/12\/16_Hochzeitsfotograf-Gundelfingen-Donau-Neuhof-1023x1536.jpg 1023w, https:\/\/www.annamardo.de\/wp-content\/uploads\/2020\/12\/16_Hochzeitsfotograf-Gundelfingen-Donau-Neuhof-1364x2048.jpg 1364w\" sizes=\"auto, (max-width: 1500px) 100vw, 1500px\" \/> <img loading=\"lazy\" decoding=\"async\" class=\"aligncenter size-full wp-image-12083\" src=\"https:\/\/www.annamardo.de\/wp-content\/uploads\/2020\/12\/17_Hochzeit-Fotograf-Gundelfingen-Neuhof.jpg\" alt=\"Hochzeitsfotograf Gundelfingen an der Donau\" width=\"1500\" height=\"1117\" srcset=\"https:\/\/www.annamardo.de\/wp-content\/uploads\/2020\/12\/17_Hochzeit-Fotograf-Gundelfingen-Neuhof.jpg 1500w, https:\/\/www.annamardo.de\/wp-content\/uploads\/2020\/12\/17_Hochzeit-Fotograf-Gundelfingen-Neuhof-300x223.jpg 300w, https:\/\/www.annamardo.de\/wp-content\/uploads\/2020\/12\/17_Hochzeit-Fotograf-Gundelfingen-Neuhof-1024x763.jpg 1024w, https:\/\/www.annamardo.de\/wp-content\/uploads\/2020\/12\/17_Hochzeit-Fotograf-Gundelfingen-Neuhof-768x572.jpg 768w\" sizes=\"auto, (max-width: 1500px) 100vw, 1500px\" \/> <img loading=\"lazy\" decoding=\"async\" class=\"aligncenter size-full wp-image-12084\" src=\"https:\/\/www.annamardo.de\/wp-content\/uploads\/2020\/12\/18_Styled-Shoot-Dusty-Orange.jpg\" alt=\"Hochzeitsideen in Orange und schwarz\" width=\"1500\" height=\"2250\" srcset=\"https:\/\/www.annamardo.de\/wp-content\/uploads\/2020\/12\/18_Styled-Shoot-Dusty-Orange.jpg 1500w, https:\/\/www.annamardo.de\/wp-content\/uploads\/2020\/12\/18_Styled-Shoot-Dusty-Orange-200x300.jpg 200w, https:\/\/www.annamardo.de\/wp-content\/uploads\/2020\/12\/18_Styled-Shoot-Dusty-Orange-683x1024.jpg 683w, https:\/\/www.annamardo.de\/wp-content\/uploads\/2020\/12\/18_Styled-Shoot-Dusty-Orange-768x1152.jpg 768w, https:\/\/www.annamardo.de\/wp-content\/uploads\/2020\/12\/18_Styled-Shoot-Dusty-Orange-1024x1536.jpg 1024w, https:\/\/www.annamardo.de\/wp-content\/uploads\/2020\/12\/18_Styled-Shoot-Dusty-Orange-1365x2048.jpg 1365w\" sizes=\"auto, (max-width: 1500px) 100vw, 1500px\" \/> <img loading=\"lazy\" decoding=\"async\" class=\"aligncenter size-full wp-image-12085\" src=\"https:\/\/www.annamardo.de\/wp-content\/uploads\/2020\/12\/19_Herbsthochzeit-Orange-Neuhof-See.jpg\" alt=\"Herbsthochzeit in Orange und schwarz\" width=\"1500\" height=\"1117\" srcset=\"https:\/\/www.annamardo.de\/wp-content\/uploads\/2020\/12\/19_Herbsthochzeit-Orange-Neuhof-See.jpg 1500w, https:\/\/www.annamardo.de\/wp-content\/uploads\/2020\/12\/19_Herbsthochzeit-Orange-Neuhof-See-300x223.jpg 300w, https:\/\/www.annamardo.de\/wp-content\/uploads\/2020\/12\/19_Herbsthochzeit-Orange-Neuhof-See-1024x763.jpg 1024w, https:\/\/www.annamardo.de\/wp-content\/uploads\/2020\/12\/19_Herbsthochzeit-Orange-Neuhof-See-768x572.jpg 768w\" sizes=\"auto, (max-width: 1500px) 100vw, 1500px\" \/> <img loading=\"lazy\" decoding=\"async\" class=\"aligncenter size-full wp-image-12086\" src=\"https:\/\/www.annamardo.de\/wp-content\/uploads\/2020\/12\/20_Hochzeitsfotograf-Bayern-Styled-Shoot.jpg\" alt=\"Hochzeitsfotografin f\u00fcr Bayern\" width=\"1500\" height=\"1001\" srcset=\"https:\/\/www.annamardo.de\/wp-content\/uploads\/2020\/12\/20_Hochzeitsfotograf-Bayern-Styled-Shoot.jpg 1500w, https:\/\/www.annamardo.de\/wp-content\/uploads\/2020\/12\/20_Hochzeitsfotograf-Bayern-Styled-Shoot-300x200.jpg 300w, https:\/\/www.annamardo.de\/wp-content\/uploads\/2020\/12\/20_Hochzeitsfotograf-Bayern-Styled-Shoot-1024x683.jpg 1024w, https:\/\/www.annamardo.de\/wp-content\/uploads\/2020\/12\/20_Hochzeitsfotograf-Bayern-Styled-Shoot-768x513.jpg 768w\" sizes=\"auto, (max-width: 1500px) 100vw, 1500px\" \/> <img loading=\"lazy\" decoding=\"async\" class=\"aligncenter size-full wp-image-12087\" src=\"https:\/\/www.annamardo.de\/wp-content\/uploads\/2020\/12\/21_Hochzeitsinspo-Neuhof-See.jpg\" alt=\"Hochzeitsinspo im Neuhof in Gundelfingen\" width=\"1500\" height=\"2250\" srcset=\"https:\/\/www.annamardo.de\/wp-content\/uploads\/2020\/12\/21_Hochzeitsinspo-Neuhof-See.jpg 1500w, https:\/\/www.annamardo.de\/wp-content\/uploads\/2020\/12\/21_Hochzeitsinspo-Neuhof-See-200x300.jpg 200w, https:\/\/www.annamardo.de\/wp-content\/uploads\/2020\/12\/21_Hochzeitsinspo-Neuhof-See-683x1024.jpg 683w, https:\/\/www.annamardo.de\/wp-content\/uploads\/2020\/12\/21_Hochzeitsinspo-Neuhof-See-768x1152.jpg 768w, https:\/\/www.annamardo.de\/wp-content\/uploads\/2020\/12\/21_Hochzeitsinspo-Neuhof-See-1024x1536.jpg 1024w, https:\/\/www.annamardo.de\/wp-content\/uploads\/2020\/12\/21_Hochzeitsinspo-Neuhof-See-1365x2048.jpg 1365w\" sizes=\"auto, (max-width: 1500px) 100vw, 1500px\" \/> <img loading=\"lazy\" decoding=\"async\" class=\"aligncenter size-full wp-image-12088\" src=\"https:\/\/www.annamardo.de\/wp-content\/uploads\/2020\/12\/22_Fotografin-Hochzeit-Gundelfingen-Dillingen.jpg\" alt=\"Herbsthochzeit in Gundelfingen\" width=\"1500\" height=\"1117\" srcset=\"https:\/\/www.annamardo.de\/wp-content\/uploads\/2020\/12\/22_Fotografin-Hochzeit-Gundelfingen-Dillingen.jpg 1500w, https:\/\/www.annamardo.de\/wp-content\/uploads\/2020\/12\/22_Fotografin-Hochzeit-Gundelfingen-Dillingen-300x223.jpg 300w, https:\/\/www.annamardo.de\/wp-content\/uploads\/2020\/12\/22_Fotografin-Hochzeit-Gundelfingen-Dillingen-1024x763.jpg 1024w, https:\/\/www.annamardo.de\/wp-content\/uploads\/2020\/12\/22_Fotografin-Hochzeit-Gundelfingen-Dillingen-768x572.jpg 768w\" sizes=\"auto, (max-width: 1500px) 100vw, 1500px\" \/> <img loading=\"lazy\" decoding=\"async\" class=\"aligncenter size-full wp-image-12089\" src=\"https:\/\/www.annamardo.de\/wp-content\/uploads\/2020\/12\/23_Hochzeit-feiern-Neuhof.jpg\" alt=\"Hochzeits feiern im Neuhof in Gundelfingen\" width=\"1500\" height=\"999\" srcset=\"https:\/\/www.annamardo.de\/wp-content\/uploads\/2020\/12\/23_Hochzeit-feiern-Neuhof.jpg 1500w, https:\/\/www.annamardo.de\/wp-content\/uploads\/2020\/12\/23_Hochzeit-feiern-Neuhof-300x200.jpg 300w, https:\/\/www.annamardo.de\/wp-content\/uploads\/2020\/12\/23_Hochzeit-feiern-Neuhof-1024x682.jpg 1024w, https:\/\/www.annamardo.de\/wp-content\/uploads\/2020\/12\/23_Hochzeit-feiern-Neuhof-768x511.jpg 768w\" sizes=\"auto, (max-width: 1500px) 100vw, 1500px\" \/> <img loading=\"lazy\" decoding=\"async\" class=\"aligncenter size-full wp-image-12090\" src=\"https:\/\/www.annamardo.de\/wp-content\/uploads\/2020\/12\/24_Hochzeitsfotograf-Neuhof-See.jpg\" alt=\"Hochzeitsfotografie Neuhof am See\" width=\"1500\" height=\"1119\" srcset=\"https:\/\/www.annamardo.de\/wp-content\/uploads\/2020\/12\/24_Hochzeitsfotograf-Neuhof-See.jpg 1500w, https:\/\/www.annamardo.de\/wp-content\/uploads\/2020\/12\/24_Hochzeitsfotograf-Neuhof-See-300x224.jpg 300w, https:\/\/www.annamardo.de\/wp-content\/uploads\/2020\/12\/24_Hochzeitsfotograf-Neuhof-See-1024x764.jpg 1024w, https:\/\/www.annamardo.de\/wp-content\/uploads\/2020\/12\/24_Hochzeitsfotograf-Neuhof-See-768x573.jpg 768w\" sizes=\"auto, (max-width: 1500px) 100vw, 1500px\" \/> <img loading=\"lazy\" decoding=\"async\" class=\"aligncenter size-full wp-image-12091\" src=\"https:\/\/www.annamardo.de\/wp-content\/uploads\/2020\/12\/25_Prosecco-Bar-Hochzeit-Idee.jpg\" alt=\"Idee f\u00fcr die Hochzeit Prosecco Bar\" width=\"1500\" height=\"1001\" srcset=\"https:\/\/www.annamardo.de\/wp-content\/uploads\/2020\/12\/25_Prosecco-Bar-Hochzeit-Idee.jpg 1500w, https:\/\/www.annamardo.de\/wp-content\/uploads\/2020\/12\/25_Prosecco-Bar-Hochzeit-Idee-300x200.jpg 300w, https:\/\/www.annamardo.de\/wp-content\/uploads\/2020\/12\/25_Prosecco-Bar-Hochzeit-Idee-1024x683.jpg 1024w, https:\/\/www.annamardo.de\/wp-content\/uploads\/2020\/12\/25_Prosecco-Bar-Hochzeit-Idee-768x513.jpg 768w\" sizes=\"auto, (max-width: 1500px) 100vw, 1500px\" \/> <img loading=\"lazy\" decoding=\"async\" class=\"aligncenter size-full wp-image-12092\" src=\"https:\/\/www.annamardo.de\/wp-content\/uploads\/2020\/12\/26_Hochzeit-Gundelfingen-Dillingen-Neuhof.jpg\" alt=\"Hochzeit feiern in Gundelfingen\" width=\"1500\" height=\"2250\" srcset=\"https:\/\/www.annamardo.de\/wp-content\/uploads\/2020\/12\/26_Hochzeit-Gundelfingen-Dillingen-Neuhof.jpg 1500w, https:\/\/www.annamardo.de\/wp-content\/uploads\/2020\/12\/26_Hochzeit-Gundelfingen-Dillingen-Neuhof-200x300.jpg 200w, https:\/\/www.annamardo.de\/wp-content\/uploads\/2020\/12\/26_Hochzeit-Gundelfingen-Dillingen-Neuhof-683x1024.jpg 683w, https:\/\/www.annamardo.de\/wp-content\/uploads\/2020\/12\/26_Hochzeit-Gundelfingen-Dillingen-Neuhof-768x1152.jpg 768w, https:\/\/www.annamardo.de\/wp-content\/uploads\/2020\/12\/26_Hochzeit-Gundelfingen-Dillingen-Neuhof-1024x1536.jpg 1024w, https:\/\/www.annamardo.de\/wp-content\/uploads\/2020\/12\/26_Hochzeit-Gundelfingen-Dillingen-Neuhof-1365x2048.jpg 1365w\" sizes=\"auto, (max-width: 1500px) 100vw, 1500px\" \/> <img loading=\"lazy\" decoding=\"async\" class=\"aligncenter size-full wp-image-12093\" src=\"https:\/\/www.annamardo.de\/wp-content\/uploads\/2020\/12\/27_Hochzeitsfotograf-neuhof-Guenzburg.jpg\" alt=\"Herbsthochzeit im Neuhof am see\" width=\"1500\" height=\"1117\" srcset=\"https:\/\/www.annamardo.de\/wp-content\/uploads\/2020\/12\/27_Hochzeitsfotograf-neuhof-Guenzburg.jpg 1500w, https:\/\/www.annamardo.de\/wp-content\/uploads\/2020\/12\/27_Hochzeitsfotograf-neuhof-Guenzburg-300x223.jpg 300w, https:\/\/www.annamardo.de\/wp-content\/uploads\/2020\/12\/27_Hochzeitsfotograf-neuhof-Guenzburg-1024x763.jpg 1024w, https:\/\/www.annamardo.de\/wp-content\/uploads\/2020\/12\/27_Hochzeitsfotograf-neuhof-Guenzburg-768x572.jpg 768w\" sizes=\"auto, (max-width: 1500px) 100vw, 1500px\" \/> <img loading=\"lazy\" decoding=\"async\" class=\"aligncenter size-full wp-image-12094\" src=\"https:\/\/www.annamardo.de\/wp-content\/uploads\/2020\/12\/28_Herbsthochzeit-Dusty-Orange.jpg\" alt=\"Dusty Orange Wedding Concept\" width=\"1500\" height=\"2252\" srcset=\"https:\/\/www.annamardo.de\/wp-content\/uploads\/2020\/12\/28_Herbsthochzeit-Dusty-Orange.jpg 1500w, https:\/\/www.annamardo.de\/wp-content\/uploads\/2020\/12\/28_Herbsthochzeit-Dusty-Orange-200x300.jpg 200w, https:\/\/www.annamardo.de\/wp-content\/uploads\/2020\/12\/28_Herbsthochzeit-Dusty-Orange-682x1024.jpg 682w, https:\/\/www.annamardo.de\/wp-content\/uploads\/2020\/12\/28_Herbsthochzeit-Dusty-Orange-768x1153.jpg 768w, https:\/\/www.annamardo.de\/wp-content\/uploads\/2020\/12\/28_Herbsthochzeit-Dusty-Orange-1023x1536.jpg 1023w, https:\/\/www.annamardo.de\/wp-content\/uploads\/2020\/12\/28_Herbsthochzeit-Dusty-Orange-1364x2048.jpg 1364w\" sizes=\"auto, (max-width: 1500px) 100vw, 1500px\" \/><\/p>\n<h2>Ein Blick hinter die Kulissen<\/h2>\n<p>Hier noch ein paar Eindr\u00fccke vom Fotoshooting und ein Blick hinter die Kulissen. Danke an die Dienstleister f\u00fcr dieses traumhafte Projekt! Es ist so sch\u00f6n geworden!<\/p>\n<p>&nbsp;<\/p>\n<p><img loading=\"lazy\" decoding=\"async\" class=\"aligncenter size-full wp-image-12095\" src=\"https:\/\/www.annamardo.de\/wp-content\/uploads\/2020\/12\/29_BTS-Styled-Shoot-Dusty-Orange.jpg\" alt=\"BTS Herbsthochzeit Styled Shoot\" width=\"1500\" height=\"1001\" srcset=\"https:\/\/www.annamardo.de\/wp-content\/uploads\/2020\/12\/29_BTS-Styled-Shoot-Dusty-Orange.jpg 1500w, https:\/\/www.annamardo.de\/wp-content\/uploads\/2020\/12\/29_BTS-Styled-Shoot-Dusty-Orange-300x200.jpg 300w, https:\/\/www.annamardo.de\/wp-content\/uploads\/2020\/12\/29_BTS-Styled-Shoot-Dusty-Orange-1024x683.jpg 1024w, https:\/\/www.annamardo.de\/wp-content\/uploads\/2020\/12\/29_BTS-Styled-Shoot-Dusty-Orange-768x513.jpg 768w\" sizes=\"auto, (max-width: 1500px) 100vw, 1500px\" \/> <img loading=\"lazy\" decoding=\"async\" class=\"aligncenter size-full wp-image-12096\" src=\"https:\/\/www.annamardo.de\/wp-content\/uploads\/2020\/12\/30_BTS-Styled-Shoot-Dusty-Orange.jpg\" alt=\"BTS Herbsthochzeit Styled Shoot\" width=\"1500\" height=\"999\" srcset=\"https:\/\/www.annamardo.de\/wp-content\/uploads\/2020\/12\/30_BTS-Styled-Shoot-Dusty-Orange.jpg 1500w, https:\/\/www.annamardo.de\/wp-content\/uploads\/2020\/12\/30_BTS-Styled-Shoot-Dusty-Orange-300x200.jpg 300w, https:\/\/www.annamardo.de\/wp-content\/uploads\/2020\/12\/30_BTS-Styled-Shoot-Dusty-Orange-1024x682.jpg 1024w, https:\/\/www.annamardo.de\/wp-content\/uploads\/2020\/12\/30_BTS-Styled-Shoot-Dusty-Orange-768x511.jpg 768w\" sizes=\"auto, (max-width: 1500px) 100vw, 1500px\" \/> <img loading=\"lazy\" decoding=\"async\" class=\"aligncenter size-full wp-image-12097\" src=\"https:\/\/www.annamardo.de\/wp-content\/uploads\/2020\/12\/31_BTS-Styled-Shoot-Dusty-Orange.jpg\" alt=\"BTS Herbsthochzeit Styled Shoot\" width=\"1500\" height=\"1001\" srcset=\"https:\/\/www.annamardo.de\/wp-content\/uploads\/2020\/12\/31_BTS-Styled-Shoot-Dusty-Orange.jpg 1500w, https:\/\/www.annamardo.de\/wp-content\/uploads\/2020\/12\/31_BTS-Styled-Shoot-Dusty-Orange-300x200.jpg 300w, https:\/\/www.annamardo.de\/wp-content\/uploads\/2020\/12\/31_BTS-Styled-Shoot-Dusty-Orange-1024x683.jpg 1024w, https:\/\/www.annamardo.de\/wp-content\/uploads\/2020\/12\/31_BTS-Styled-Shoot-Dusty-Orange-768x513.jpg 768w\" sizes=\"auto, (max-width: 1500px) 100vw, 1500px\" \/><\/p>\n","protected":false},"excerpt":{"rendered":"<p>Konzept f\u00fcr die stylische Herbsthochzeit in orange und schwarz Welche Farbe verbinden wir instinktiv mit dem Herbst: orange, rot und Gelbt\u00f6ne. Wir haben mit einem tollen diese diese Inspiration f\u00fcr eine Herbsthochzeit geschaffen. Die Location Neuhof am See in Gundelfingen &nbsp;passt perfekt zu dem modernen Hochzeitskonzept in dusty orange und schwarz. Vor allem die Tischdekoration&#8230;<\/p>\n","protected":false},"author":1,"featured_media":12073,"comment_status":"open","ping_status":"open","sticky":false,"template":"","format":"standard","meta":{"_kadence_starter_templates_imported_post":false,"_kad_post_transparent":"","_kad_post_title":"","_kad_post_layout":"","_kad_post_sidebar_id":"","_kad_post_content_style":"","_kad_post_vertical_padding":"","_kad_post_feature":"","_kad_post_feature_position":"","_kad_post_header":false,"_kad_post_footer":false,"_kad_post_classname":"","footnotes":""},"categories":[3],"tags":[150],"class_list":["post-12066","post","type-post","status-publish","format-standard","has-post-thumbnail","hentry","category-inspiration","tag-hochzeitsideen"],"yoast_head":"<!-- This site is optimized with the Yoast SEO plugin v27.4 - https:\/\/yoast.com\/product\/yoast-seo-wordpress\/ -->\n<title>Herbsthochzeit mit dem Motto Dusty Orange - Hochzeitsinspiration<\/title>\n<meta name=\"description\" content=\"Hochzeitsinspiration f\u00fcr eine Herbsthochzeit mit dem Motto Dusty Orange. So k\u00f6nnt ihr edel und cool orange und schwarz kombinieren!\" \/>\n<meta name=\"robots\" content=\"index, follow, max-snippet:-1, max-image-preview:large, max-video-preview:-1\" \/>\n<link rel=\"canonical\" href=\"https:\/\/www.annamardo.de\/herbsthochzeit\/\" \/>\n<meta property=\"og:locale\" content=\"en_US\" \/>\n<meta property=\"og:type\" content=\"article\" \/>\n<meta property=\"og:title\" content=\"Herbsthochzeit mit dem Motto Dusty Orange - Hochzeitsinspiration\" \/>\n<meta property=\"og:description\" content=\"Hochzeitsinspiration f\u00fcr eine Herbsthochzeit mit dem Motto Dusty Orange. So k\u00f6nnt ihr edel und cool orange und schwarz kombinieren!\" \/>\n<meta property=\"og:url\" content=\"https:\/\/www.annamardo.de\/herbsthochzeit\/\" \/>\n<meta property=\"og:site_name\" content=\"Anna Mardo Hochzeitsfotografie\" \/>\n<meta property=\"article:publisher\" content=\"https:\/\/www.facebook.com\/AnnaMardoHochzeitsfotografie\/\" \/>\n<meta property=\"article:author\" content=\"https:\/\/www.facebook.com\/AnnaMardoHochzeitsfotografie\/\" \/>\n<meta property=\"article:published_time\" content=\"2021-02-16T04:00:54+00:00\" \/>\n<meta property=\"article:modified_time\" content=\"2023-07-22T08:30:16+00:00\" \/>\n<meta property=\"og:image\" content=\"https:\/\/www.annamardo.de\/wp-content\/uploads\/2020\/12\/07_Herbsthochzeit-Orange-Tischdekoration.jpg\" \/>\n\t<meta property=\"og:image:width\" content=\"1500\" \/>\n\t<meta property=\"og:image:height\" content=\"999\" \/>\n\t<meta property=\"og:image:type\" content=\"image\/jpeg\" \/>\n<meta name=\"author\" content=\"Anna Mardo\" \/>\n<meta name=\"twitter:card\" content=\"summary_large_image\" \/>\n<meta name=\"twitter:label1\" content=\"Written by\" \/>\n\t<meta name=\"twitter:data1\" content=\"Anna Mardo\" \/>\n\t<meta name=\"twitter:label2\" content=\"Est. reading time\" \/>\n\t<meta name=\"twitter:data2\" content=\"8 minutes\" \/>\n<script type=\"application\/ld+json\" class=\"yoast-schema-graph\">{\"@context\":\"https:\\\/\\\/schema.org\",\"@graph\":[{\"@type\":\"Article\",\"@id\":\"https:\\\/\\\/www.annamardo.de\\\/herbsthochzeit\\\/#article\",\"isPartOf\":{\"@id\":\"https:\\\/\\\/www.annamardo.de\\\/herbsthochzeit\\\/\"},\"author\":{\"name\":\"Anna Mardo\",\"@id\":\"https:\\\/\\\/www.annamardo.de\\\/#\\\/schema\\\/person\\\/c3ae0c10a19a6067a617804bb8bc64a7\"},\"headline\":\"Herbsthochzeit mit dem Motto Dusty Orange\",\"datePublished\":\"2021-02-16T04:00:54+00:00\",\"dateModified\":\"2023-07-22T08:30:16+00:00\",\"mainEntityOfPage\":{\"@id\":\"https:\\\/\\\/www.annamardo.de\\\/herbsthochzeit\\\/\"},\"wordCount\":218,\"commentCount\":0,\"publisher\":{\"@id\":\"https:\\\/\\\/www.annamardo.de\\\/#organization\"},\"image\":{\"@id\":\"https:\\\/\\\/www.annamardo.de\\\/herbsthochzeit\\\/#primaryimage\"},\"thumbnailUrl\":\"https:\\\/\\\/www.annamardo.de\\\/wp-content\\\/uploads\\\/2020\\\/12\\\/07_Herbsthochzeit-Orange-Tischdekoration.jpg\",\"keywords\":[\"hochzeitsideen\"],\"articleSection\":[\"Inspiration\"],\"inLanguage\":\"en-US\",\"potentialAction\":[{\"@type\":\"CommentAction\",\"name\":\"Comment\",\"target\":[\"https:\\\/\\\/www.annamardo.de\\\/herbsthochzeit\\\/#respond\"]}]},{\"@type\":\"WebPage\",\"@id\":\"https:\\\/\\\/www.annamardo.de\\\/herbsthochzeit\\\/\",\"url\":\"https:\\\/\\\/www.annamardo.de\\\/herbsthochzeit\\\/\",\"name\":\"Herbsthochzeit mit dem Motto Dusty Orange - Hochzeitsinspiration\",\"isPartOf\":{\"@id\":\"https:\\\/\\\/www.annamardo.de\\\/#website\"},\"primaryImageOfPage\":{\"@id\":\"https:\\\/\\\/www.annamardo.de\\\/herbsthochzeit\\\/#primaryimage\"},\"image\":{\"@id\":\"https:\\\/\\\/www.annamardo.de\\\/herbsthochzeit\\\/#primaryimage\"},\"thumbnailUrl\":\"https:\\\/\\\/www.annamardo.de\\\/wp-content\\\/uploads\\\/2020\\\/12\\\/07_Herbsthochzeit-Orange-Tischdekoration.jpg\",\"datePublished\":\"2021-02-16T04:00:54+00:00\",\"dateModified\":\"2023-07-22T08:30:16+00:00\",\"description\":\"Hochzeitsinspiration f\u00fcr eine Herbsthochzeit mit dem Motto Dusty Orange. So k\u00f6nnt ihr edel und cool orange und schwarz kombinieren!\",\"breadcrumb\":{\"@id\":\"https:\\\/\\\/www.annamardo.de\\\/herbsthochzeit\\\/#breadcrumb\"},\"inLanguage\":\"en-US\",\"potentialAction\":[{\"@type\":\"ReadAction\",\"target\":[\"https:\\\/\\\/www.annamardo.de\\\/herbsthochzeit\\\/\"]}]},{\"@type\":\"ImageObject\",\"inLanguage\":\"en-US\",\"@id\":\"https:\\\/\\\/www.annamardo.de\\\/herbsthochzeit\\\/#primaryimage\",\"url\":\"https:\\\/\\\/www.annamardo.de\\\/wp-content\\\/uploads\\\/2020\\\/12\\\/07_Herbsthochzeit-Orange-Tischdekoration.jpg\",\"contentUrl\":\"https:\\\/\\\/www.annamardo.de\\\/wp-content\\\/uploads\\\/2020\\\/12\\\/07_Herbsthochzeit-Orange-Tischdekoration.jpg\",\"width\":1500,\"height\":999,\"caption\":\"Herbsthochzeit in Dusty Orange\"},{\"@type\":\"BreadcrumbList\",\"@id\":\"https:\\\/\\\/www.annamardo.de\\\/herbsthochzeit\\\/#breadcrumb\",\"itemListElement\":[{\"@type\":\"ListItem\",\"position\":1,\"name\":\"Startseite\",\"item\":\"https:\\\/\\\/www.annamardo.de\\\/en\\\/\"},{\"@type\":\"ListItem\",\"position\":2,\"name\":\"Herbsthochzeit mit dem Motto Dusty Orange\"}]},{\"@type\":\"WebSite\",\"@id\":\"https:\\\/\\\/www.annamardo.de\\\/#website\",\"url\":\"https:\\\/\\\/www.annamardo.de\\\/\",\"name\":\"Anna Mardo Hochzeitsfotografie\",\"description\":\"Berghochzeiten &amp; Hochzeiten im Oberland\",\"publisher\":{\"@id\":\"https:\\\/\\\/www.annamardo.de\\\/#organization\"},\"potentialAction\":[{\"@type\":\"SearchAction\",\"target\":{\"@type\":\"EntryPoint\",\"urlTemplate\":\"https:\\\/\\\/www.annamardo.de\\\/?s={search_term_string}\"},\"query-input\":{\"@type\":\"PropertyValueSpecification\",\"valueRequired\":true,\"valueName\":\"search_term_string\"}}],\"inLanguage\":\"en-US\"},{\"@type\":\"Organization\",\"@id\":\"https:\\\/\\\/www.annamardo.de\\\/#organization\",\"name\":\"Anna Mardo Hochzeitsfotografie\",\"url\":\"https:\\\/\\\/www.annamardo.de\\\/\",\"logo\":{\"@type\":\"ImageObject\",\"inLanguage\":\"en-US\",\"@id\":\"https:\\\/\\\/www.annamardo.de\\\/#\\\/schema\\\/logo\\\/image\\\/\",\"url\":\"https:\\\/\\\/www.annamardo.de\\\/wp-content\\\/uploads\\\/2021\\\/12\\\/Logo_Anna_Mardo_berghochzeiten.png\",\"contentUrl\":\"https:\\\/\\\/www.annamardo.de\\\/wp-content\\\/uploads\\\/2021\\\/12\\\/Logo_Anna_Mardo_berghochzeiten.png\",\"width\":1000,\"height\":655,\"caption\":\"Anna Mardo Hochzeitsfotografie\"},\"image\":{\"@id\":\"https:\\\/\\\/www.annamardo.de\\\/#\\\/schema\\\/logo\\\/image\\\/\"},\"sameAs\":[\"https:\\\/\\\/www.facebook.com\\\/AnnaMardoHochzeitsfotografie\\\/\",\"https:\\\/\\\/www.instagram.com\\\/annamardo\\\/\"]},{\"@type\":\"Person\",\"@id\":\"https:\\\/\\\/www.annamardo.de\\\/#\\\/schema\\\/person\\\/c3ae0c10a19a6067a617804bb8bc64a7\",\"name\":\"Anna Mardo\",\"description\":\"Fotografin f\u00fcr Berghochzeiten\",\"sameAs\":[\"https:\\\/\\\/www.annamardo.de\",\"https:\\\/\\\/www.facebook.com\\\/AnnaMardoHochzeitsfotografie\\\/\",\"https:\\\/\\\/www.instagram.com\\\/annamardo\\\/\",\"https:\\\/\\\/de.pinterest.com\\\/annamardo\"],\"url\":\"https:\\\/\\\/www.annamardo.de\\\/en\\\/author\\\/antje210\\\/\"}]}<\/script>\n<!-- \/ Yoast SEO plugin. -->","yoast_head_json":{"title":"Herbsthochzeit mit dem Motto Dusty Orange - Hochzeitsinspiration","description":"Hochzeitsinspiration f\u00fcr eine Herbsthochzeit mit dem Motto Dusty Orange. So k\u00f6nnt ihr edel und cool orange und schwarz kombinieren!","robots":{"index":"index","follow":"follow","max-snippet":"max-snippet:-1","max-image-preview":"max-image-preview:large","max-video-preview":"max-video-preview:-1"},"canonical":"https:\/\/www.annamardo.de\/herbsthochzeit\/","og_locale":"en_US","og_type":"article","og_title":"Herbsthochzeit mit dem Motto Dusty Orange - Hochzeitsinspiration","og_description":"Hochzeitsinspiration f\u00fcr eine Herbsthochzeit mit dem Motto Dusty Orange. So k\u00f6nnt ihr edel und cool orange und schwarz kombinieren!","og_url":"https:\/\/www.annamardo.de\/herbsthochzeit\/","og_site_name":"Anna Mardo Hochzeitsfotografie","article_publisher":"https:\/\/www.facebook.com\/AnnaMardoHochzeitsfotografie\/","article_author":"https:\/\/www.facebook.com\/AnnaMardoHochzeitsfotografie\/","article_published_time":"2021-02-16T04:00:54+00:00","article_modified_time":"2023-07-22T08:30:16+00:00","og_image":[{"width":1500,"height":999,"url":"https:\/\/www.annamardo.de\/wp-content\/uploads\/2020\/12\/07_Herbsthochzeit-Orange-Tischdekoration.jpg","type":"image\/jpeg"}],"author":"Anna Mardo","twitter_card":"summary_large_image","twitter_misc":{"Written by":"Anna Mardo","Est. reading time":"8 minutes"},"schema":{"@context":"https:\/\/schema.org","@graph":[{"@type":"Article","@id":"https:\/\/www.annamardo.de\/herbsthochzeit\/#article","isPartOf":{"@id":"https:\/\/www.annamardo.de\/herbsthochzeit\/"},"author":{"name":"Anna Mardo","@id":"https:\/\/www.annamardo.de\/#\/schema\/person\/c3ae0c10a19a6067a617804bb8bc64a7"},"headline":"Herbsthochzeit mit dem Motto Dusty Orange","datePublished":"2021-02-16T04:00:54+00:00","dateModified":"2023-07-22T08:30:16+00:00","mainEntityOfPage":{"@id":"https:\/\/www.annamardo.de\/herbsthochzeit\/"},"wordCount":218,"commentCount":0,"publisher":{"@id":"https:\/\/www.annamardo.de\/#organization"},"image":{"@id":"https:\/\/www.annamardo.de\/herbsthochzeit\/#primaryimage"},"thumbnailUrl":"https:\/\/www.annamardo.de\/wp-content\/uploads\/2020\/12\/07_Herbsthochzeit-Orange-Tischdekoration.jpg","keywords":["hochzeitsideen"],"articleSection":["Inspiration"],"inLanguage":"en-US","potentialAction":[{"@type":"CommentAction","name":"Comment","target":["https:\/\/www.annamardo.de\/herbsthochzeit\/#respond"]}]},{"@type":"WebPage","@id":"https:\/\/www.annamardo.de\/herbsthochzeit\/","url":"https:\/\/www.annamardo.de\/herbsthochzeit\/","name":"Herbsthochzeit mit dem Motto Dusty Orange - Hochzeitsinspiration","isPartOf":{"@id":"https:\/\/www.annamardo.de\/#website"},"primaryImageOfPage":{"@id":"https:\/\/www.annamardo.de\/herbsthochzeit\/#primaryimage"},"image":{"@id":"https:\/\/www.annamardo.de\/herbsthochzeit\/#primaryimage"},"thumbnailUrl":"https:\/\/www.annamardo.de\/wp-content\/uploads\/2020\/12\/07_Herbsthochzeit-Orange-Tischdekoration.jpg","datePublished":"2021-02-16T04:00:54+00:00","dateModified":"2023-07-22T08:30:16+00:00","description":"Hochzeitsinspiration f\u00fcr eine Herbsthochzeit mit dem Motto Dusty Orange. So k\u00f6nnt ihr edel und cool orange und schwarz kombinieren!","breadcrumb":{"@id":"https:\/\/www.annamardo.de\/herbsthochzeit\/#breadcrumb"},"inLanguage":"en-US","potentialAction":[{"@type":"ReadAction","target":["https:\/\/www.annamardo.de\/herbsthochzeit\/"]}]},{"@type":"ImageObject","inLanguage":"en-US","@id":"https:\/\/www.annamardo.de\/herbsthochzeit\/#primaryimage","url":"https:\/\/www.annamardo.de\/wp-content\/uploads\/2020\/12\/07_Herbsthochzeit-Orange-Tischdekoration.jpg","contentUrl":"https:\/\/www.annamardo.de\/wp-content\/uploads\/2020\/12\/07_Herbsthochzeit-Orange-Tischdekoration.jpg","width":1500,"height":999,"caption":"Herbsthochzeit in Dusty Orange"},{"@type":"BreadcrumbList","@id":"https:\/\/www.annamardo.de\/herbsthochzeit\/#breadcrumb","itemListElement":[{"@type":"ListItem","position":1,"name":"Startseite","item":"https:\/\/www.annamardo.de\/en\/"},{"@type":"ListItem","position":2,"name":"Herbsthochzeit mit dem Motto Dusty Orange"}]},{"@type":"WebSite","@id":"https:\/\/www.annamardo.de\/#website","url":"https:\/\/www.annamardo.de\/","name":"Anna Mardo Hochzeitsfotografie","description":"Berghochzeiten &amp; Hochzeiten im Oberland","publisher":{"@id":"https:\/\/www.annamardo.de\/#organization"},"potentialAction":[{"@type":"SearchAction","target":{"@type":"EntryPoint","urlTemplate":"https:\/\/www.annamardo.de\/?s={search_term_string}"},"query-input":{"@type":"PropertyValueSpecification","valueRequired":true,"valueName":"search_term_string"}}],"inLanguage":"en-US"},{"@type":"Organization","@id":"https:\/\/www.annamardo.de\/#organization","name":"Anna Mardo Hochzeitsfotografie","url":"https:\/\/www.annamardo.de\/","logo":{"@type":"ImageObject","inLanguage":"en-US","@id":"https:\/\/www.annamardo.de\/#\/schema\/logo\/image\/","url":"https:\/\/www.annamardo.de\/wp-content\/uploads\/2021\/12\/Logo_Anna_Mardo_berghochzeiten.png","contentUrl":"https:\/\/www.annamardo.de\/wp-content\/uploads\/2021\/12\/Logo_Anna_Mardo_berghochzeiten.png","width":1000,"height":655,"caption":"Anna Mardo Hochzeitsfotografie"},"image":{"@id":"https:\/\/www.annamardo.de\/#\/schema\/logo\/image\/"},"sameAs":["https:\/\/www.facebook.com\/AnnaMardoHochzeitsfotografie\/","https:\/\/www.instagram.com\/annamardo\/"]},{"@type":"Person","@id":"https:\/\/www.annamardo.de\/#\/schema\/person\/c3ae0c10a19a6067a617804bb8bc64a7","name":"Anna Mardo","description":"Fotografin f\u00fcr Berghochzeiten","sameAs":["https:\/\/www.annamardo.de","https:\/\/www.facebook.com\/AnnaMardoHochzeitsfotografie\/","https:\/\/www.instagram.com\/annamardo\/","https:\/\/de.pinterest.com\/annamardo"],"url":"https:\/\/www.annamardo.de\/en\/author\/antje210\/"}]}},"_links":{"self":[{"href":"https:\/\/www.annamardo.de\/en\/wp-json\/wp\/v2\/posts\/12066","targetHints":{"allow":["GET"]}}],"collection":[{"href":"https:\/\/www.annamardo.de\/en\/wp-json\/wp\/v2\/posts"}],"about":[{"href":"https:\/\/www.annamardo.de\/en\/wp-json\/wp\/v2\/types\/post"}],"author":[{"embeddable":true,"href":"https:\/\/www.annamardo.de\/en\/wp-json\/wp\/v2\/users\/1"}],"replies":[{"embeddable":true,"href":"https:\/\/www.annamardo.de\/en\/wp-json\/wp\/v2\/comments?post=12066"}],"version-history":[{"count":3,"href":"https:\/\/www.annamardo.de\/en\/wp-json\/wp\/v2\/posts\/12066\/revisions"}],"predecessor-version":[{"id":20844,"href":"https:\/\/www.annamardo.de\/en\/wp-json\/wp\/v2\/posts\/12066\/revisions\/20844"}],"wp:featuredmedia":[{"embeddable":true,"href":"https:\/\/www.annamardo.de\/en\/wp-json\/wp\/v2\/media\/12073"}],"wp:attachment":[{"href":"https:\/\/www.annamardo.de\/en\/wp-json\/wp\/v2\/media?parent=12066"}],"wp:term":[{"taxonomy":"category","embeddable":true,"href":"https:\/\/www.annamardo.de\/en\/wp-json\/wp\/v2\/categories?post=12066"},{"taxonomy":"post_tag","embeddable":true,"href":"https:\/\/www.annamardo.de\/en\/wp-json\/wp\/v2\/tags?post=12066"}],"curies":[{"name":"wp","href":"https:\/\/api.w.org\/{rel}","templated":true}]}}