{"id":11990,"date":"2021-01-10T06:00:48","date_gmt":"2021-01-10T04:00:48","guid":{"rendered":"https:\/\/www.annamardo.de\/?p=11990"},"modified":"2025-01-16T13:49:23","modified_gmt":"2025-01-16T12:49:23","slug":"lenderstuben-balzhausen-hochzeit","status":"publish","type":"post","link":"https:\/\/www.annamardo.de\/en\/lenderstuben-balzhausen-hochzeit\/","title":{"rendered":"Hochzeit in der Lenderstuben in Balzhausen"},"content":{"rendered":"\n<h2 class=\"wp-block-heading\">Eine Hochzeit im sch\u00f6nen Schwabenstadel der Lenderstuben in Balzhausen<\/h2>\n\n\n\n<p><em>Wer eine rustikale Scheunenhochzeit plant, der ist in der Lenderstuben in Balzhausen genau richtig. Mein Brautpaar Uli &amp; Tobi feierten hier den perfekten Hochzeitstag im Herbst. Lasst euch durch den Tag f\u00fchren und feiert mit! Viel Spa\u00df!\u00a0<\/em><\/p>\n\n\n\n<h3 class=\"wp-block-heading\">Dienstleister<\/h3>\n\n\n\n<p>Haare &amp; Make-Up: <a href=\"http:\/\/schoenheit-in-perfektion.de\" target=\"_blank\" rel=\"noopener\">Maureen Wachter<\/a><br>Dekoration &amp; Blumen: <a href=\"https:\/\/www.floristik-allgaier.de\" target=\"_blank\" rel=\"noopener\">Allgaier Floristik<\/a><br>Location: <a href=\"https:\/\/lenderstuben.de\" target=\"_blank\" rel=\"noopener\">Lenderstuben<\/a><br>Lichterhimmel: <a href=\"https:\/\/www.facebook.com\/Light-Sound-Andreas-Wank-326715441054973\/\" target=\"_blank\" rel=\"noopener\">Light &amp; Sound<\/a><\/p>\n\n\n<div class=\"wp-block-image\">\n<figure class=\"aligncenter size-full\"><img loading=\"lazy\" decoding=\"async\" width=\"1500\" height=\"1000\" src=\"https:\/\/www.annamardo.de\/wp-content\/uploads\/2020\/12\/62_Reportage-Hochzeit-Lenderstuben.jpg\" alt=\"Reportage der Hochzeit in der Lenderstuben\" class=\"wp-image-12052\" srcset=\"https:\/\/www.annamardo.de\/wp-content\/uploads\/2020\/12\/62_Reportage-Hochzeit-Lenderstuben.jpg 1500w, https:\/\/www.annamardo.de\/wp-content\/uploads\/2020\/12\/62_Reportage-Hochzeit-Lenderstuben-300x200.jpg 300w, https:\/\/www.annamardo.de\/wp-content\/uploads\/2020\/12\/62_Reportage-Hochzeit-Lenderstuben-1024x683.jpg 1024w, https:\/\/www.annamardo.de\/wp-content\/uploads\/2020\/12\/62_Reportage-Hochzeit-Lenderstuben-768x512.jpg 768w\" sizes=\"auto, (max-width: 1500px) 100vw, 1500px\" \/><\/figure>\n<\/div>\n\n\n<h2 class=\"wp-block-heading\">Getting Ready im hauseigenen Hotel<\/h2>\n\n\n\n<p>Der Tag startete mit dem Getting Ready im Hotel. W\u00e4hrend sich Braut Uli mit ihren Freundinnen zurecht machte, genoss der Br\u00e4utigam die Stille. Von seiner Braut wurde er mit einem kleinen Brief \u00fcberrascht, den er vor dem First Look noch lesen durfte. Was f\u00fcr ein sch\u00f6ner Moment hier dabei zu sein und dies in Bildern festzuhalten. Vor dem Schwabenstadel der Lenderstuben war es dann soweit und er durfte seine Braut zum ersten Mal sehen und in die Arme schlie\u00dfen. Ich glaub beide waren gleicherma\u00dfen hin und weg vom Anderen!<\/p>\n\n\n<div class=\"wp-block-image\">\n<figure class=\"aligncenter size-full\"><img loading=\"lazy\" decoding=\"async\" width=\"1500\" height=\"1000\" src=\"https:\/\/www.annamardo.de\/wp-content\/uploads\/2020\/12\/01_Hochzeitsfotograf-Lenderstuben-Balzhausen.jpg\" alt=\"Hochzeitsfotograf in der Lenderstuben in Balzhausen\" class=\"wp-image-11991\" srcset=\"https:\/\/www.annamardo.de\/wp-content\/uploads\/2020\/12\/01_Hochzeitsfotograf-Lenderstuben-Balzhausen.jpg 1500w, https:\/\/www.annamardo.de\/wp-content\/uploads\/2020\/12\/01_Hochzeitsfotograf-Lenderstuben-Balzhausen-300x200.jpg 300w, https:\/\/www.annamardo.de\/wp-content\/uploads\/2020\/12\/01_Hochzeitsfotograf-Lenderstuben-Balzhausen-1024x683.jpg 1024w, https:\/\/www.annamardo.de\/wp-content\/uploads\/2020\/12\/01_Hochzeitsfotograf-Lenderstuben-Balzhausen-768x512.jpg 768w\" sizes=\"auto, (max-width: 1500px) 100vw, 1500px\" \/><\/figure>\n<\/div>\n\n<div class=\"wp-block-image\">\n<figure class=\"aligncenter size-full\"><img loading=\"lazy\" decoding=\"async\" width=\"1500\" height=\"688\" src=\"https:\/\/www.annamardo.de\/wp-content\/uploads\/2020\/12\/02_Getting-Ready-Lenderstuben.jpg\" alt=\"Getting Ready in der Lenderstuben\" class=\"wp-image-11992\" srcset=\"https:\/\/www.annamardo.de\/wp-content\/uploads\/2020\/12\/02_Getting-Ready-Lenderstuben.jpg 1500w, https:\/\/www.annamardo.de\/wp-content\/uploads\/2020\/12\/02_Getting-Ready-Lenderstuben-300x138.jpg 300w, https:\/\/www.annamardo.de\/wp-content\/uploads\/2020\/12\/02_Getting-Ready-Lenderstuben-1024x470.jpg 1024w, https:\/\/www.annamardo.de\/wp-content\/uploads\/2020\/12\/02_Getting-Ready-Lenderstuben-768x352.jpg 768w\" sizes=\"auto, (max-width: 1500px) 100vw, 1500px\" \/><\/figure>\n<\/div>\n\n<div class=\"wp-block-image\">\n<figure class=\"aligncenter size-full\"><img loading=\"lazy\" decoding=\"async\" width=\"1500\" height=\"2251\" src=\"https:\/\/www.annamardo.de\/wp-content\/uploads\/2020\/12\/03_Hochzeit-Fotograf-Tannhausen.jpg\" alt=\"lenderstuben balzhausen hochzeit\" class=\"wp-image-11993\" srcset=\"https:\/\/www.annamardo.de\/wp-content\/uploads\/2020\/12\/03_Hochzeit-Fotograf-Tannhausen.jpg 1500w, https:\/\/www.annamardo.de\/wp-content\/uploads\/2020\/12\/03_Hochzeit-Fotograf-Tannhausen-200x300.jpg 200w, https:\/\/www.annamardo.de\/wp-content\/uploads\/2020\/12\/03_Hochzeit-Fotograf-Tannhausen-682x1024.jpg 682w, https:\/\/www.annamardo.de\/wp-content\/uploads\/2020\/12\/03_Hochzeit-Fotograf-Tannhausen-768x1153.jpg 768w, https:\/\/www.annamardo.de\/wp-content\/uploads\/2020\/12\/03_Hochzeit-Fotograf-Tannhausen-1024x1536.jpg 1024w, https:\/\/www.annamardo.de\/wp-content\/uploads\/2020\/12\/03_Hochzeit-Fotograf-Tannhausen-1365x2048.jpg 1365w\" sizes=\"auto, (max-width: 1500px) 100vw, 1500px\" \/><\/figure>\n<\/div>\n\n<div class=\"wp-block-image\">\n<figure class=\"aligncenter size-full\"><img loading=\"lazy\" decoding=\"async\" width=\"1500\" height=\"2253\" src=\"https:\/\/www.annamardo.de\/wp-content\/uploads\/2020\/12\/04_Lenderstuben-Hochzeit-Fotografie.jpg\" alt=\"Getting Ready Br\u00e4utigam in der Lenderstuben\" class=\"wp-image-11994\" srcset=\"https:\/\/www.annamardo.de\/wp-content\/uploads\/2020\/12\/04_Lenderstuben-Hochzeit-Fotografie.jpg 1500w, https:\/\/www.annamardo.de\/wp-content\/uploads\/2020\/12\/04_Lenderstuben-Hochzeit-Fotografie-200x300.jpg 200w, https:\/\/www.annamardo.de\/wp-content\/uploads\/2020\/12\/04_Lenderstuben-Hochzeit-Fotografie-682x1024.jpg 682w, https:\/\/www.annamardo.de\/wp-content\/uploads\/2020\/12\/04_Lenderstuben-Hochzeit-Fotografie-768x1154.jpg 768w, https:\/\/www.annamardo.de\/wp-content\/uploads\/2020\/12\/04_Lenderstuben-Hochzeit-Fotografie-1023x1536.jpg 1023w, https:\/\/www.annamardo.de\/wp-content\/uploads\/2020\/12\/04_Lenderstuben-Hochzeit-Fotografie-1364x2048.jpg 1364w\" sizes=\"auto, (max-width: 1500px) 100vw, 1500px\" \/><\/figure>\n<\/div>\n\n<div class=\"wp-block-image\">\n<figure class=\"aligncenter size-full\"><img loading=\"lazy\" decoding=\"async\" width=\"1500\" height=\"1000\" src=\"https:\/\/www.annamardo.de\/wp-content\/uploads\/2020\/12\/05_Hochzeitsfotografie-Lenderstuben-Balzhausen.jpg\" alt=\"Hochzeit Lenderstuben\" class=\"wp-image-11995\" srcset=\"https:\/\/www.annamardo.de\/wp-content\/uploads\/2020\/12\/05_Hochzeitsfotografie-Lenderstuben-Balzhausen.jpg 1500w, https:\/\/www.annamardo.de\/wp-content\/uploads\/2020\/12\/05_Hochzeitsfotografie-Lenderstuben-Balzhausen-300x200.jpg 300w, https:\/\/www.annamardo.de\/wp-content\/uploads\/2020\/12\/05_Hochzeitsfotografie-Lenderstuben-Balzhausen-1024x683.jpg 1024w, https:\/\/www.annamardo.de\/wp-content\/uploads\/2020\/12\/05_Hochzeitsfotografie-Lenderstuben-Balzhausen-768x512.jpg 768w\" sizes=\"auto, (max-width: 1500px) 100vw, 1500px\" \/><\/figure>\n<\/div>\n\n<div class=\"wp-block-image\">\n<figure class=\"aligncenter size-full\"><img loading=\"lazy\" decoding=\"async\" width=\"1500\" height=\"1000\" src=\"https:\/\/www.annamardo.de\/wp-content\/uploads\/2020\/12\/06_Hochzeit-Fotograf-Krumbach.jpg\" alt=\"Hochzeit Fotograf Krumbach\" class=\"wp-image-11996\" srcset=\"https:\/\/www.annamardo.de\/wp-content\/uploads\/2020\/12\/06_Hochzeit-Fotograf-Krumbach.jpg 1500w, https:\/\/www.annamardo.de\/wp-content\/uploads\/2020\/12\/06_Hochzeit-Fotograf-Krumbach-300x200.jpg 300w, https:\/\/www.annamardo.de\/wp-content\/uploads\/2020\/12\/06_Hochzeit-Fotograf-Krumbach-1024x683.jpg 1024w, https:\/\/www.annamardo.de\/wp-content\/uploads\/2020\/12\/06_Hochzeit-Fotograf-Krumbach-768x512.jpg 768w\" sizes=\"auto, (max-width: 1500px) 100vw, 1500px\" \/><\/figure>\n<\/div>\n\n<div class=\"wp-block-image\">\n<figure class=\"aligncenter size-full\"><img loading=\"lazy\" decoding=\"async\" width=\"1500\" height=\"1119\" src=\"https:\/\/www.annamardo.de\/wp-content\/uploads\/2020\/12\/07_Ganztagesreportage-Hochzeit-Krumbach.jpg\" alt=\"Ganztagesreportage Hochzeit in Krumbach\" class=\"wp-image-11997\" srcset=\"https:\/\/www.annamardo.de\/wp-content\/uploads\/2020\/12\/07_Ganztagesreportage-Hochzeit-Krumbach.jpg 1500w, https:\/\/www.annamardo.de\/wp-content\/uploads\/2020\/12\/07_Ganztagesreportage-Hochzeit-Krumbach-300x224.jpg 300w, https:\/\/www.annamardo.de\/wp-content\/uploads\/2020\/12\/07_Ganztagesreportage-Hochzeit-Krumbach-1024x764.jpg 1024w, https:\/\/www.annamardo.de\/wp-content\/uploads\/2020\/12\/07_Ganztagesreportage-Hochzeit-Krumbach-768x573.jpg 768w\" sizes=\"auto, (max-width: 1500px) 100vw, 1500px\" \/><\/figure>\n<\/div>\n\n<div class=\"wp-block-image\">\n<figure class=\"aligncenter size-full\"><img loading=\"lazy\" decoding=\"async\" width=\"1500\" height=\"1000\" src=\"https:\/\/www.annamardo.de\/wp-content\/uploads\/2020\/12\/08_Hochzeitsfotograf-Guenzburg.jpg\" alt=\"Hochzeitsfotografie aus G\u00fcnzburg\" class=\"wp-image-11998\" srcset=\"https:\/\/www.annamardo.de\/wp-content\/uploads\/2020\/12\/08_Hochzeitsfotograf-Guenzburg.jpg 1500w, https:\/\/www.annamardo.de\/wp-content\/uploads\/2020\/12\/08_Hochzeitsfotograf-Guenzburg-300x200.jpg 300w, https:\/\/www.annamardo.de\/wp-content\/uploads\/2020\/12\/08_Hochzeitsfotograf-Guenzburg-1024x683.jpg 1024w, https:\/\/www.annamardo.de\/wp-content\/uploads\/2020\/12\/08_Hochzeitsfotograf-Guenzburg-768x512.jpg 768w\" sizes=\"auto, (max-width: 1500px) 100vw, 1500px\" \/><\/figure>\n<\/div>\n\n<div class=\"wp-block-image\">\n<figure class=\"aligncenter size-full\"><img loading=\"lazy\" decoding=\"async\" width=\"1500\" height=\"1000\" src=\"https:\/\/www.annamardo.de\/wp-content\/uploads\/2020\/12\/09_Fotograf-Hochzeit-Lenderstuben.jpg\" alt=\"Fotograf f\u00fcr die Hochzeit in der Lenderstuben in Balzhausen\" class=\"wp-image-11999\" srcset=\"https:\/\/www.annamardo.de\/wp-content\/uploads\/2020\/12\/09_Fotograf-Hochzeit-Lenderstuben.jpg 1500w, https:\/\/www.annamardo.de\/wp-content\/uploads\/2020\/12\/09_Fotograf-Hochzeit-Lenderstuben-300x200.jpg 300w, https:\/\/www.annamardo.de\/wp-content\/uploads\/2020\/12\/09_Fotograf-Hochzeit-Lenderstuben-1024x683.jpg 1024w, https:\/\/www.annamardo.de\/wp-content\/uploads\/2020\/12\/09_Fotograf-Hochzeit-Lenderstuben-768x512.jpg 768w\" sizes=\"auto, (max-width: 1500px) 100vw, 1500px\" \/><\/figure>\n<\/div>\n\n<div class=\"wp-block-image\">\n<figure class=\"aligncenter size-full\"><img loading=\"lazy\" decoding=\"async\" width=\"1500\" height=\"1000\" src=\"https:\/\/www.annamardo.de\/wp-content\/uploads\/2020\/12\/10_Styling-braut-Lenderstuben.jpg\" alt=\"Styling der Braut\" class=\"wp-image-12000\" srcset=\"https:\/\/www.annamardo.de\/wp-content\/uploads\/2020\/12\/10_Styling-braut-Lenderstuben.jpg 1500w, https:\/\/www.annamardo.de\/wp-content\/uploads\/2020\/12\/10_Styling-braut-Lenderstuben-300x200.jpg 300w, https:\/\/www.annamardo.de\/wp-content\/uploads\/2020\/12\/10_Styling-braut-Lenderstuben-1024x683.jpg 1024w, https:\/\/www.annamardo.de\/wp-content\/uploads\/2020\/12\/10_Styling-braut-Lenderstuben-768x512.jpg 768w\" sizes=\"auto, (max-width: 1500px) 100vw, 1500px\" \/><\/figure>\n<\/div>\n\n<div class=\"wp-block-image\">\n<figure class=\"aligncenter size-full\"><img loading=\"lazy\" decoding=\"async\" width=\"1500\" height=\"1000\" src=\"https:\/\/www.annamardo.de\/wp-content\/uploads\/2020\/12\/11_Hochzeitsfotograf-Burgau-Hochzeitsreportage.jpg\" alt=\"Hochzeitsfotograf Burgau\" class=\"wp-image-12001\" srcset=\"https:\/\/www.annamardo.de\/wp-content\/uploads\/2020\/12\/11_Hochzeitsfotograf-Burgau-Hochzeitsreportage.jpg 1500w, https:\/\/www.annamardo.de\/wp-content\/uploads\/2020\/12\/11_Hochzeitsfotograf-Burgau-Hochzeitsreportage-300x200.jpg 300w, https:\/\/www.annamardo.de\/wp-content\/uploads\/2020\/12\/11_Hochzeitsfotograf-Burgau-Hochzeitsreportage-1024x683.jpg 1024w, https:\/\/www.annamardo.de\/wp-content\/uploads\/2020\/12\/11_Hochzeitsfotograf-Burgau-Hochzeitsreportage-768x512.jpg 768w\" sizes=\"auto, (max-width: 1500px) 100vw, 1500px\" \/><\/figure>\n<\/div>\n\n<div class=\"wp-block-image\">\n<figure class=\"aligncenter size-full\"><img loading=\"lazy\" decoding=\"async\" width=\"1500\" height=\"1000\" src=\"https:\/\/www.annamardo.de\/wp-content\/uploads\/2020\/12\/12_Styling-Braut-Hochzeitsfotograf-Burgau.jpg\" alt=\"Styling der Braut im Hotel\" class=\"wp-image-12002\" srcset=\"https:\/\/www.annamardo.de\/wp-content\/uploads\/2020\/12\/12_Styling-Braut-Hochzeitsfotograf-Burgau.jpg 1500w, https:\/\/www.annamardo.de\/wp-content\/uploads\/2020\/12\/12_Styling-Braut-Hochzeitsfotograf-Burgau-300x200.jpg 300w, https:\/\/www.annamardo.de\/wp-content\/uploads\/2020\/12\/12_Styling-Braut-Hochzeitsfotograf-Burgau-1024x683.jpg 1024w, https:\/\/www.annamardo.de\/wp-content\/uploads\/2020\/12\/12_Styling-Braut-Hochzeitsfotograf-Burgau-768x512.jpg 768w\" sizes=\"auto, (max-width: 1500px) 100vw, 1500px\" \/><\/figure>\n<\/div>\n\n<div class=\"wp-block-image\">\n<figure class=\"aligncenter size-full\"><img loading=\"lazy\" decoding=\"async\" width=\"1500\" height=\"1000\" src=\"https:\/\/www.annamardo.de\/wp-content\/uploads\/2020\/12\/13_Getting-Ready-Braut-Lenderstuben-Balzhausen.jpg\" alt=\"Getting Ready der Braut in der Lenderstuben\" class=\"wp-image-12003\" srcset=\"https:\/\/www.annamardo.de\/wp-content\/uploads\/2020\/12\/13_Getting-Ready-Braut-Lenderstuben-Balzhausen.jpg 1500w, https:\/\/www.annamardo.de\/wp-content\/uploads\/2020\/12\/13_Getting-Ready-Braut-Lenderstuben-Balzhausen-300x200.jpg 300w, https:\/\/www.annamardo.de\/wp-content\/uploads\/2020\/12\/13_Getting-Ready-Braut-Lenderstuben-Balzhausen-1024x683.jpg 1024w, https:\/\/www.annamardo.de\/wp-content\/uploads\/2020\/12\/13_Getting-Ready-Braut-Lenderstuben-Balzhausen-768x512.jpg 768w\" sizes=\"auto, (max-width: 1500px) 100vw, 1500px\" \/><\/figure>\n<\/div>\n\n<div class=\"wp-block-image\">\n<figure class=\"aligncenter size-full\"><img loading=\"lazy\" decoding=\"async\" width=\"1500\" height=\"1000\" src=\"https:\/\/www.annamardo.de\/wp-content\/uploads\/2020\/12\/14_Kleid-Anziehen-Braut-Hochzeitsfotograf-Krumbach.jpg\" alt=\"Kleid Anziehen \" class=\"wp-image-12004\" srcset=\"https:\/\/www.annamardo.de\/wp-content\/uploads\/2020\/12\/14_Kleid-Anziehen-Braut-Hochzeitsfotograf-Krumbach.jpg 1500w, https:\/\/www.annamardo.de\/wp-content\/uploads\/2020\/12\/14_Kleid-Anziehen-Braut-Hochzeitsfotograf-Krumbach-300x200.jpg 300w, https:\/\/www.annamardo.de\/wp-content\/uploads\/2020\/12\/14_Kleid-Anziehen-Braut-Hochzeitsfotograf-Krumbach-1024x683.jpg 1024w, https:\/\/www.annamardo.de\/wp-content\/uploads\/2020\/12\/14_Kleid-Anziehen-Braut-Hochzeitsfotograf-Krumbach-768x512.jpg 768w\" sizes=\"auto, (max-width: 1500px) 100vw, 1500px\" \/><\/figure>\n<\/div>\n\n<div class=\"wp-block-image\">\n<figure class=\"aligncenter size-full\"><img loading=\"lazy\" decoding=\"async\" width=\"1500\" height=\"2251\" src=\"https:\/\/www.annamardo.de\/wp-content\/uploads\/2020\/12\/15_Hochzeitsfotograf-bayern-Kleid-anziehen.jpg\" alt=\"Brautkleid anziehen - Hochzeitsfotograf Bayern\" class=\"wp-image-12005\" srcset=\"https:\/\/www.annamardo.de\/wp-content\/uploads\/2020\/12\/15_Hochzeitsfotograf-bayern-Kleid-anziehen.jpg 1500w, https:\/\/www.annamardo.de\/wp-content\/uploads\/2020\/12\/15_Hochzeitsfotograf-bayern-Kleid-anziehen-200x300.jpg 200w, https:\/\/www.annamardo.de\/wp-content\/uploads\/2020\/12\/15_Hochzeitsfotograf-bayern-Kleid-anziehen-682x1024.jpg 682w, https:\/\/www.annamardo.de\/wp-content\/uploads\/2020\/12\/15_Hochzeitsfotograf-bayern-Kleid-anziehen-768x1153.jpg 768w, https:\/\/www.annamardo.de\/wp-content\/uploads\/2020\/12\/15_Hochzeitsfotograf-bayern-Kleid-anziehen-1024x1536.jpg 1024w, https:\/\/www.annamardo.de\/wp-content\/uploads\/2020\/12\/15_Hochzeitsfotograf-bayern-Kleid-anziehen-1365x2048.jpg 1365w\" sizes=\"auto, (max-width: 1500px) 100vw, 1500px\" \/><\/figure>\n<\/div>\n\n<div class=\"wp-block-image\">\n<figure class=\"aligncenter size-full\"><img loading=\"lazy\" decoding=\"async\" width=\"1500\" height=\"1000\" src=\"https:\/\/www.annamardo.de\/wp-content\/uploads\/2020\/12\/16_Reportage-Hochzeit-Lenderstuben.jpg\" alt=\"Reportage der Hochzeit in der Lenderstuben\" class=\"wp-image-12006\" srcset=\"https:\/\/www.annamardo.de\/wp-content\/uploads\/2020\/12\/16_Reportage-Hochzeit-Lenderstuben.jpg 1500w, https:\/\/www.annamardo.de\/wp-content\/uploads\/2020\/12\/16_Reportage-Hochzeit-Lenderstuben-300x200.jpg 300w, https:\/\/www.annamardo.de\/wp-content\/uploads\/2020\/12\/16_Reportage-Hochzeit-Lenderstuben-1024x683.jpg 1024w, https:\/\/www.annamardo.de\/wp-content\/uploads\/2020\/12\/16_Reportage-Hochzeit-Lenderstuben-768x512.jpg 768w\" sizes=\"auto, (max-width: 1500px) 100vw, 1500px\" \/><\/figure>\n<\/div>\n\n<div class=\"wp-block-image\">\n<figure class=\"aligncenter size-full\"><img loading=\"lazy\" decoding=\"async\" width=\"1500\" height=\"688\" src=\"https:\/\/www.annamardo.de\/wp-content\/uploads\/2020\/12\/17_Hochzeit-Lenderstuben-Scheunenhochzeit.jpg\" alt=\"\" class=\"wp-image-12007\" srcset=\"https:\/\/www.annamardo.de\/wp-content\/uploads\/2020\/12\/17_Hochzeit-Lenderstuben-Scheunenhochzeit.jpg 1500w, https:\/\/www.annamardo.de\/wp-content\/uploads\/2020\/12\/17_Hochzeit-Lenderstuben-Scheunenhochzeit-300x138.jpg 300w, https:\/\/www.annamardo.de\/wp-content\/uploads\/2020\/12\/17_Hochzeit-Lenderstuben-Scheunenhochzeit-1024x470.jpg 1024w, https:\/\/www.annamardo.de\/wp-content\/uploads\/2020\/12\/17_Hochzeit-Lenderstuben-Scheunenhochzeit-768x352.jpg 768w\" sizes=\"auto, (max-width: 1500px) 100vw, 1500px\" \/><\/figure>\n<\/div>\n\n<div class=\"wp-block-image\">\n<figure class=\"aligncenter size-full\"><img loading=\"lazy\" decoding=\"async\" width=\"1500\" height=\"1000\" src=\"https:\/\/www.annamardo.de\/wp-content\/uploads\/2020\/12\/18_First-Look-Lenderstuben.jpg\" alt=\"First Look Hohzeit in der Lenderstuben\" class=\"wp-image-12008\" srcset=\"https:\/\/www.annamardo.de\/wp-content\/uploads\/2020\/12\/18_First-Look-Lenderstuben.jpg 1500w, https:\/\/www.annamardo.de\/wp-content\/uploads\/2020\/12\/18_First-Look-Lenderstuben-300x200.jpg 300w, https:\/\/www.annamardo.de\/wp-content\/uploads\/2020\/12\/18_First-Look-Lenderstuben-1024x683.jpg 1024w, https:\/\/www.annamardo.de\/wp-content\/uploads\/2020\/12\/18_First-Look-Lenderstuben-768x512.jpg 768w\" sizes=\"auto, (max-width: 1500px) 100vw, 1500px\" \/><\/figure>\n<\/div>\n\n<div class=\"wp-block-image\">\n<figure class=\"aligncenter size-full\"><img loading=\"lazy\" decoding=\"async\" width=\"1500\" height=\"499\" src=\"https:\/\/www.annamardo.de\/wp-content\/uploads\/2020\/12\/19_First-Look-Hochzeit-Lenderstuben.jpg\" alt=\"First look am Schwabenstadel\" class=\"wp-image-12009\" srcset=\"https:\/\/www.annamardo.de\/wp-content\/uploads\/2020\/12\/19_First-Look-Hochzeit-Lenderstuben.jpg 1500w, https:\/\/www.annamardo.de\/wp-content\/uploads\/2020\/12\/19_First-Look-Hochzeit-Lenderstuben-300x100.jpg 300w, https:\/\/www.annamardo.de\/wp-content\/uploads\/2020\/12\/19_First-Look-Hochzeit-Lenderstuben-1024x341.jpg 1024w, https:\/\/www.annamardo.de\/wp-content\/uploads\/2020\/12\/19_First-Look-Hochzeit-Lenderstuben-768x255.jpg 768w\" sizes=\"auto, (max-width: 1500px) 100vw, 1500px\" \/><\/figure>\n<\/div>\n\n<div class=\"wp-block-image\">\n<figure class=\"aligncenter size-full\"><img loading=\"lazy\" decoding=\"async\" width=\"1500\" height=\"499\" src=\"https:\/\/www.annamardo.de\/wp-content\/uploads\/2020\/12\/20_First-Look-Hochzeit-Lenderstuben.jpg\" alt=\"First Look bei der scheunenhochzeit\" class=\"wp-image-12010\" srcset=\"https:\/\/www.annamardo.de\/wp-content\/uploads\/2020\/12\/20_First-Look-Hochzeit-Lenderstuben.jpg 1500w, https:\/\/www.annamardo.de\/wp-content\/uploads\/2020\/12\/20_First-Look-Hochzeit-Lenderstuben-300x100.jpg 300w, https:\/\/www.annamardo.de\/wp-content\/uploads\/2020\/12\/20_First-Look-Hochzeit-Lenderstuben-1024x341.jpg 1024w, https:\/\/www.annamardo.de\/wp-content\/uploads\/2020\/12\/20_First-Look-Hochzeit-Lenderstuben-768x255.jpg 768w\" sizes=\"auto, (max-width: 1500px) 100vw, 1500px\" \/><\/figure>\n<\/div>\n\n\n<h2 class=\"wp-block-heading\">Cooles Brautpaarshooting im Gew\u00e4chshaus<\/h2>\n\n\n\n<p>F\u00fcrs Brautpaarshooting haben wir uns bei dieser Hochzeit eine au\u00dfergew\u00f6hnliche Location ausgesucht: ein altes Gew\u00e4chshaus. Wo Pflanzen wachsen, ist ja immer auch Erde und Dreck und da werden viele Br\u00e4ute nerv\u00f6s. Doch Braut Uli war die Ruhe selbst. So haben wir uns innen und au\u00dfen ausgetobt. Im Anschluss ging es dann gleich in die Kirche nach Burtenbach. Eine wirklich sch\u00f6ne Kirche, doch das Brautpaar \u00fcberstrahlte alles. Stimmt ihr mir zu?<\/p>\n\n\n<div class=\"wp-block-image\">\n<figure class=\"aligncenter size-full\"><img loading=\"lazy\" decoding=\"async\" width=\"1500\" height=\"2253\" src=\"https:\/\/www.annamardo.de\/wp-content\/uploads\/2020\/12\/21_Hochzeitsfotos-Burgau.jpg\" alt=\"Hochzeitsfotos Burgau\" class=\"wp-image-12011\" srcset=\"https:\/\/www.annamardo.de\/wp-content\/uploads\/2020\/12\/21_Hochzeitsfotos-Burgau.jpg 1500w, https:\/\/www.annamardo.de\/wp-content\/uploads\/2020\/12\/21_Hochzeitsfotos-Burgau-200x300.jpg 200w, https:\/\/www.annamardo.de\/wp-content\/uploads\/2020\/12\/21_Hochzeitsfotos-Burgau-682x1024.jpg 682w, https:\/\/www.annamardo.de\/wp-content\/uploads\/2020\/12\/21_Hochzeitsfotos-Burgau-768x1154.jpg 768w, https:\/\/www.annamardo.de\/wp-content\/uploads\/2020\/12\/21_Hochzeitsfotos-Burgau-1023x1536.jpg 1023w, https:\/\/www.annamardo.de\/wp-content\/uploads\/2020\/12\/21_Hochzeitsfotos-Burgau-1364x2048.jpg 1364w\" sizes=\"auto, (max-width: 1500px) 100vw, 1500px\" \/><\/figure>\n<\/div>\n\n<div class=\"wp-block-image\">\n<figure class=\"aligncenter size-full\"><img loading=\"lazy\" decoding=\"async\" width=\"1500\" height=\"1119\" src=\"https:\/\/www.annamardo.de\/wp-content\/uploads\/2020\/12\/22_Hochzeit-Fotograf-Guenzburg.jpg\" alt=\"Fotograf Hochzeit G\u00fcnzburg Brautportrait\" class=\"wp-image-12012\" srcset=\"https:\/\/www.annamardo.de\/wp-content\/uploads\/2020\/12\/22_Hochzeit-Fotograf-Guenzburg.jpg 1500w, https:\/\/www.annamardo.de\/wp-content\/uploads\/2020\/12\/22_Hochzeit-Fotograf-Guenzburg-300x224.jpg 300w, https:\/\/www.annamardo.de\/wp-content\/uploads\/2020\/12\/22_Hochzeit-Fotograf-Guenzburg-1024x764.jpg 1024w, https:\/\/www.annamardo.de\/wp-content\/uploads\/2020\/12\/22_Hochzeit-Fotograf-Guenzburg-768x573.jpg 768w\" sizes=\"auto, (max-width: 1500px) 100vw, 1500px\" \/><\/figure>\n<\/div>\n\n<div class=\"wp-block-image\">\n<figure class=\"aligncenter size-full\"><img loading=\"lazy\" decoding=\"async\" width=\"1500\" height=\"2253\" src=\"https:\/\/www.annamardo.de\/wp-content\/uploads\/2020\/12\/23_Fotograf-Hochzeit-Lenderstuben.jpg\" alt=\"Portrait der Braut Hochzeit Lenderstuben Balzhausen\" class=\"wp-image-12013\" srcset=\"https:\/\/www.annamardo.de\/wp-content\/uploads\/2020\/12\/23_Fotograf-Hochzeit-Lenderstuben.jpg 1500w, https:\/\/www.annamardo.de\/wp-content\/uploads\/2020\/12\/23_Fotograf-Hochzeit-Lenderstuben-200x300.jpg 200w, https:\/\/www.annamardo.de\/wp-content\/uploads\/2020\/12\/23_Fotograf-Hochzeit-Lenderstuben-682x1024.jpg 682w, https:\/\/www.annamardo.de\/wp-content\/uploads\/2020\/12\/23_Fotograf-Hochzeit-Lenderstuben-768x1154.jpg 768w, https:\/\/www.annamardo.de\/wp-content\/uploads\/2020\/12\/23_Fotograf-Hochzeit-Lenderstuben-1023x1536.jpg 1023w, https:\/\/www.annamardo.de\/wp-content\/uploads\/2020\/12\/23_Fotograf-Hochzeit-Lenderstuben-1364x2048.jpg 1364w\" sizes=\"auto, (max-width: 1500px) 100vw, 1500px\" \/><\/figure>\n<\/div>\n\n<div class=\"wp-block-image\">\n<figure class=\"aligncenter size-full\"><img loading=\"lazy\" decoding=\"async\" width=\"1500\" height=\"1119\" src=\"https:\/\/www.annamardo.de\/wp-content\/uploads\/2020\/12\/24_Brautstrauss-Hochzeit-Krumbach.jpg\" alt=\"Brautstrauss f\u00fcr die Hochzeit in Krumbach\" class=\"wp-image-12014\" srcset=\"https:\/\/www.annamardo.de\/wp-content\/uploads\/2020\/12\/24_Brautstrauss-Hochzeit-Krumbach.jpg 1500w, https:\/\/www.annamardo.de\/wp-content\/uploads\/2020\/12\/24_Brautstrauss-Hochzeit-Krumbach-300x224.jpg 300w, https:\/\/www.annamardo.de\/wp-content\/uploads\/2020\/12\/24_Brautstrauss-Hochzeit-Krumbach-1024x764.jpg 1024w, https:\/\/www.annamardo.de\/wp-content\/uploads\/2020\/12\/24_Brautstrauss-Hochzeit-Krumbach-768x573.jpg 768w\" sizes=\"auto, (max-width: 1500px) 100vw, 1500px\" \/><\/figure>\n<\/div>\n\n<div class=\"wp-block-image\">\n<figure class=\"aligncenter size-full\"><img loading=\"lazy\" decoding=\"async\" width=\"1500\" height=\"2253\" src=\"https:\/\/www.annamardo.de\/wp-content\/uploads\/2020\/12\/25_Hochzeitsfotografie-Krumbach-Brautpaar.jpg\" alt=\"Hochzeitsfotografie Krumbach\" class=\"wp-image-12015\" srcset=\"https:\/\/www.annamardo.de\/wp-content\/uploads\/2020\/12\/25_Hochzeitsfotografie-Krumbach-Brautpaar.jpg 1500w, https:\/\/www.annamardo.de\/wp-content\/uploads\/2020\/12\/25_Hochzeitsfotografie-Krumbach-Brautpaar-200x300.jpg 200w, https:\/\/www.annamardo.de\/wp-content\/uploads\/2020\/12\/25_Hochzeitsfotografie-Krumbach-Brautpaar-682x1024.jpg 682w, https:\/\/www.annamardo.de\/wp-content\/uploads\/2020\/12\/25_Hochzeitsfotografie-Krumbach-Brautpaar-768x1154.jpg 768w, https:\/\/www.annamardo.de\/wp-content\/uploads\/2020\/12\/25_Hochzeitsfotografie-Krumbach-Brautpaar-1023x1536.jpg 1023w, https:\/\/www.annamardo.de\/wp-content\/uploads\/2020\/12\/25_Hochzeitsfotografie-Krumbach-Brautpaar-1364x2048.jpg 1364w\" sizes=\"auto, (max-width: 1500px) 100vw, 1500px\" \/><\/figure>\n<\/div>\n\n<div class=\"wp-block-image\">\n<figure class=\"aligncenter size-full\"><img loading=\"lazy\" decoding=\"async\" width=\"1500\" height=\"1119\" src=\"https:\/\/www.annamardo.de\/wp-content\/uploads\/2020\/12\/26_Portrait-Braeutigam-Hochzeitsfotograf-Tannhausen.jpg\" alt=\"Portrait Br\u00e4utigam Hochzeitsfotograf Thannhausen\" class=\"wp-image-12016\" srcset=\"https:\/\/www.annamardo.de\/wp-content\/uploads\/2020\/12\/26_Portrait-Braeutigam-Hochzeitsfotograf-Tannhausen.jpg 1500w, https:\/\/www.annamardo.de\/wp-content\/uploads\/2020\/12\/26_Portrait-Braeutigam-Hochzeitsfotograf-Tannhausen-300x224.jpg 300w, https:\/\/www.annamardo.de\/wp-content\/uploads\/2020\/12\/26_Portrait-Braeutigam-Hochzeitsfotograf-Tannhausen-1024x764.jpg 1024w, https:\/\/www.annamardo.de\/wp-content\/uploads\/2020\/12\/26_Portrait-Braeutigam-Hochzeitsfotograf-Tannhausen-768x573.jpg 768w\" sizes=\"auto, (max-width: 1500px) 100vw, 1500px\" \/><\/figure>\n<\/div>\n\n<div class=\"wp-block-image\">\n<figure class=\"aligncenter size-full\"><img loading=\"lazy\" decoding=\"async\" width=\"1500\" height=\"1003\" src=\"https:\/\/www.annamardo.de\/wp-content\/uploads\/2020\/12\/27_Fotograf-Hochzeit-Jetting-Brautpaarportrait.jpg\" alt=\"Hochzeit in Jettingen Brautpaarportrait\" class=\"wp-image-12017\" srcset=\"https:\/\/www.annamardo.de\/wp-content\/uploads\/2020\/12\/27_Fotograf-Hochzeit-Jetting-Brautpaarportrait.jpg 1500w, https:\/\/www.annamardo.de\/wp-content\/uploads\/2020\/12\/27_Fotograf-Hochzeit-Jetting-Brautpaarportrait-300x201.jpg 300w, https:\/\/www.annamardo.de\/wp-content\/uploads\/2020\/12\/27_Fotograf-Hochzeit-Jetting-Brautpaarportrait-1024x685.jpg 1024w, https:\/\/www.annamardo.de\/wp-content\/uploads\/2020\/12\/27_Fotograf-Hochzeit-Jetting-Brautpaarportrait-768x514.jpg 768w\" sizes=\"auto, (max-width: 1500px) 100vw, 1500px\" \/><\/figure>\n<\/div>\n\n<div class=\"wp-block-image\">\n<figure class=\"aligncenter size-full\"><img loading=\"lazy\" decoding=\"async\" width=\"1500\" height=\"2253\" src=\"https:\/\/www.annamardo.de\/wp-content\/uploads\/2020\/12\/28_Brautpaarshooting-Gewaechshaus-Balzhausen.jpg\" alt=\"Brautpaarshooting im Gew\u00e4chshaus\" class=\"wp-image-12018\" srcset=\"https:\/\/www.annamardo.de\/wp-content\/uploads\/2020\/12\/28_Brautpaarshooting-Gewaechshaus-Balzhausen.jpg 1500w, https:\/\/www.annamardo.de\/wp-content\/uploads\/2020\/12\/28_Brautpaarshooting-Gewaechshaus-Balzhausen-200x300.jpg 200w, https:\/\/www.annamardo.de\/wp-content\/uploads\/2020\/12\/28_Brautpaarshooting-Gewaechshaus-Balzhausen-682x1024.jpg 682w, https:\/\/www.annamardo.de\/wp-content\/uploads\/2020\/12\/28_Brautpaarshooting-Gewaechshaus-Balzhausen-768x1154.jpg 768w, https:\/\/www.annamardo.de\/wp-content\/uploads\/2020\/12\/28_Brautpaarshooting-Gewaechshaus-Balzhausen-1023x1536.jpg 1023w, https:\/\/www.annamardo.de\/wp-content\/uploads\/2020\/12\/28_Brautpaarshooting-Gewaechshaus-Balzhausen-1364x2048.jpg 1364w\" sizes=\"auto, (max-width: 1500px) 100vw, 1500px\" \/><\/figure>\n<\/div>\n\n<div class=\"wp-block-image\">\n<figure class=\"aligncenter size-full\"><img loading=\"lazy\" decoding=\"async\" width=\"1500\" height=\"1119\" src=\"https:\/\/www.annamardo.de\/wp-content\/uploads\/2020\/12\/29_Brautpaar-Fotoshooting-Krumbach.jpg\" alt=\"Brautpaar Fotoshooting in Krumbach\" class=\"wp-image-12019\" srcset=\"https:\/\/www.annamardo.de\/wp-content\/uploads\/2020\/12\/29_Brautpaar-Fotoshooting-Krumbach.jpg 1500w, https:\/\/www.annamardo.de\/wp-content\/uploads\/2020\/12\/29_Brautpaar-Fotoshooting-Krumbach-300x224.jpg 300w, https:\/\/www.annamardo.de\/wp-content\/uploads\/2020\/12\/29_Brautpaar-Fotoshooting-Krumbach-1024x764.jpg 1024w, https:\/\/www.annamardo.de\/wp-content\/uploads\/2020\/12\/29_Brautpaar-Fotoshooting-Krumbach-768x573.jpg 768w\" sizes=\"auto, (max-width: 1500px) 100vw, 1500px\" \/><\/figure>\n<\/div>\n\n<div class=\"wp-block-image\">\n<figure class=\"aligncenter size-full\"><img loading=\"lazy\" decoding=\"async\" width=\"1500\" height=\"2251\" src=\"https:\/\/www.annamardo.de\/wp-content\/uploads\/2020\/12\/30_Hochzeitsbilder-Fotograf-Burgau.jpg\" alt=\"Hochzeitsbilder Burgau\" class=\"wp-image-12020\" srcset=\"https:\/\/www.annamardo.de\/wp-content\/uploads\/2020\/12\/30_Hochzeitsbilder-Fotograf-Burgau.jpg 1500w, https:\/\/www.annamardo.de\/wp-content\/uploads\/2020\/12\/30_Hochzeitsbilder-Fotograf-Burgau-200x300.jpg 200w, https:\/\/www.annamardo.de\/wp-content\/uploads\/2020\/12\/30_Hochzeitsbilder-Fotograf-Burgau-682x1024.jpg 682w, https:\/\/www.annamardo.de\/wp-content\/uploads\/2020\/12\/30_Hochzeitsbilder-Fotograf-Burgau-768x1153.jpg 768w, https:\/\/www.annamardo.de\/wp-content\/uploads\/2020\/12\/30_Hochzeitsbilder-Fotograf-Burgau-1024x1536.jpg 1024w, https:\/\/www.annamardo.de\/wp-content\/uploads\/2020\/12\/30_Hochzeitsbilder-Fotograf-Burgau-1365x2048.jpg 1365w\" sizes=\"auto, (max-width: 1500px) 100vw, 1500px\" \/><\/figure>\n<\/div>\n\n<div class=\"wp-block-image\">\n<figure class=\"aligncenter size-full\"><img loading=\"lazy\" decoding=\"async\" width=\"1500\" height=\"1119\" src=\"https:\/\/www.annamardo.de\/wp-content\/uploads\/2020\/12\/31_Burtenbach-Kirche-Trauung.jpg\" alt=\"Burtenbach Kirche\" class=\"wp-image-12021\" srcset=\"https:\/\/www.annamardo.de\/wp-content\/uploads\/2020\/12\/31_Burtenbach-Kirche-Trauung.jpg 1500w, https:\/\/www.annamardo.de\/wp-content\/uploads\/2020\/12\/31_Burtenbach-Kirche-Trauung-300x224.jpg 300w, https:\/\/www.annamardo.de\/wp-content\/uploads\/2020\/12\/31_Burtenbach-Kirche-Trauung-1024x764.jpg 1024w, https:\/\/www.annamardo.de\/wp-content\/uploads\/2020\/12\/31_Burtenbach-Kirche-Trauung-768x573.jpg 768w\" sizes=\"auto, (max-width: 1500px) 100vw, 1500px\" \/><\/figure>\n<\/div>\n\n<div class=\"wp-block-image\">\n<figure class=\"aligncenter size-full\"><img loading=\"lazy\" decoding=\"async\" width=\"1500\" height=\"1000\" src=\"https:\/\/www.annamardo.de\/wp-content\/uploads\/2020\/12\/32_Hochzeit-Burtenbach.jpg\" alt=\"Hochzeit in Burtenbach\" class=\"wp-image-12022\" srcset=\"https:\/\/www.annamardo.de\/wp-content\/uploads\/2020\/12\/32_Hochzeit-Burtenbach.jpg 1500w, https:\/\/www.annamardo.de\/wp-content\/uploads\/2020\/12\/32_Hochzeit-Burtenbach-300x200.jpg 300w, https:\/\/www.annamardo.de\/wp-content\/uploads\/2020\/12\/32_Hochzeit-Burtenbach-1024x683.jpg 1024w, https:\/\/www.annamardo.de\/wp-content\/uploads\/2020\/12\/32_Hochzeit-Burtenbach-768x512.jpg 768w\" sizes=\"auto, (max-width: 1500px) 100vw, 1500px\" \/><\/figure>\n<\/div>\n\n<div class=\"wp-block-image\">\n<figure class=\"aligncenter size-full\"><img loading=\"lazy\" decoding=\"async\" width=\"1500\" height=\"1000\" src=\"https:\/\/www.annamardo.de\/wp-content\/uploads\/2020\/12\/33_Kirchliche-Trauung-Burtenbach.jpg\" alt=\"Kirchliche Trauung in der Kirche in Burtenbach\" class=\"wp-image-12023\" srcset=\"https:\/\/www.annamardo.de\/wp-content\/uploads\/2020\/12\/33_Kirchliche-Trauung-Burtenbach.jpg 1500w, https:\/\/www.annamardo.de\/wp-content\/uploads\/2020\/12\/33_Kirchliche-Trauung-Burtenbach-300x200.jpg 300w, https:\/\/www.annamardo.de\/wp-content\/uploads\/2020\/12\/33_Kirchliche-Trauung-Burtenbach-1024x683.jpg 1024w, https:\/\/www.annamardo.de\/wp-content\/uploads\/2020\/12\/33_Kirchliche-Trauung-Burtenbach-768x512.jpg 768w\" sizes=\"auto, (max-width: 1500px) 100vw, 1500px\" \/><\/figure>\n<\/div>\n\n<div class=\"wp-block-image\">\n<figure class=\"aligncenter size-full\"><img loading=\"lazy\" decoding=\"async\" width=\"1500\" height=\"1000\" src=\"https:\/\/www.annamardo.de\/wp-content\/uploads\/2020\/12\/34_Hochzeitsfotograf-Krumbach.jpg\" alt=\"Hochzeitsfotograf Krumbach \" class=\"wp-image-12024\" srcset=\"https:\/\/www.annamardo.de\/wp-content\/uploads\/2020\/12\/34_Hochzeitsfotograf-Krumbach.jpg 1500w, https:\/\/www.annamardo.de\/wp-content\/uploads\/2020\/12\/34_Hochzeitsfotograf-Krumbach-300x200.jpg 300w, https:\/\/www.annamardo.de\/wp-content\/uploads\/2020\/12\/34_Hochzeitsfotograf-Krumbach-1024x683.jpg 1024w, https:\/\/www.annamardo.de\/wp-content\/uploads\/2020\/12\/34_Hochzeitsfotograf-Krumbach-768x512.jpg 768w\" sizes=\"auto, (max-width: 1500px) 100vw, 1500px\" \/><\/figure>\n<\/div>\n\n<div class=\"wp-block-image\">\n<figure class=\"aligncenter size-full\"><img loading=\"lazy\" decoding=\"async\" width=\"1500\" height=\"1000\" src=\"https:\/\/www.annamardo.de\/wp-content\/uploads\/2020\/12\/35_Fotografie-Hochzeit-Kirche-Burtenbach.jpg\" alt=\"Fotografie Hochzeit in Burtenbach\" class=\"wp-image-12025\" srcset=\"https:\/\/www.annamardo.de\/wp-content\/uploads\/2020\/12\/35_Fotografie-Hochzeit-Kirche-Burtenbach.jpg 1500w, https:\/\/www.annamardo.de\/wp-content\/uploads\/2020\/12\/35_Fotografie-Hochzeit-Kirche-Burtenbach-300x200.jpg 300w, https:\/\/www.annamardo.de\/wp-content\/uploads\/2020\/12\/35_Fotografie-Hochzeit-Kirche-Burtenbach-1024x683.jpg 1024w, https:\/\/www.annamardo.de\/wp-content\/uploads\/2020\/12\/35_Fotografie-Hochzeit-Kirche-Burtenbach-768x512.jpg 768w\" sizes=\"auto, (max-width: 1500px) 100vw, 1500px\" \/><\/figure>\n<\/div>\n\n<div class=\"wp-block-image\">\n<figure class=\"aligncenter size-full\"><img loading=\"lazy\" decoding=\"async\" width=\"1500\" height=\"496\" src=\"https:\/\/www.annamardo.de\/wp-content\/uploads\/2020\/12\/36_Kirchliche-Trauung-Burtenbach.jpg\" alt=\"Kirchliche Trauung in Burtenbach\" class=\"wp-image-12026\" srcset=\"https:\/\/www.annamardo.de\/wp-content\/uploads\/2020\/12\/36_Kirchliche-Trauung-Burtenbach.jpg 1500w, https:\/\/www.annamardo.de\/wp-content\/uploads\/2020\/12\/36_Kirchliche-Trauung-Burtenbach-300x99.jpg 300w, https:\/\/www.annamardo.de\/wp-content\/uploads\/2020\/12\/36_Kirchliche-Trauung-Burtenbach-1024x339.jpg 1024w, https:\/\/www.annamardo.de\/wp-content\/uploads\/2020\/12\/36_Kirchliche-Trauung-Burtenbach-768x254.jpg 768w\" sizes=\"auto, (max-width: 1500px) 100vw, 1500px\" \/><\/figure>\n<\/div>\n\n<div class=\"wp-block-image\">\n<figure class=\"aligncenter size-full\"><img loading=\"lazy\" decoding=\"async\" width=\"1500\" height=\"2253\" src=\"https:\/\/www.annamardo.de\/wp-content\/uploads\/2020\/12\/37_Lebendige-Hochzeitsfotografie-Krumbach.jpg\" alt=\"Jawort in Burtenbach\" class=\"wp-image-12027\" srcset=\"https:\/\/www.annamardo.de\/wp-content\/uploads\/2020\/12\/37_Lebendige-Hochzeitsfotografie-Krumbach.jpg 1500w, https:\/\/www.annamardo.de\/wp-content\/uploads\/2020\/12\/37_Lebendige-Hochzeitsfotografie-Krumbach-200x300.jpg 200w, https:\/\/www.annamardo.de\/wp-content\/uploads\/2020\/12\/37_Lebendige-Hochzeitsfotografie-Krumbach-682x1024.jpg 682w, https:\/\/www.annamardo.de\/wp-content\/uploads\/2020\/12\/37_Lebendige-Hochzeitsfotografie-Krumbach-768x1154.jpg 768w, https:\/\/www.annamardo.de\/wp-content\/uploads\/2020\/12\/37_Lebendige-Hochzeitsfotografie-Krumbach-1023x1536.jpg 1023w, https:\/\/www.annamardo.de\/wp-content\/uploads\/2020\/12\/37_Lebendige-Hochzeitsfotografie-Krumbach-1364x2048.jpg 1364w\" sizes=\"auto, (max-width: 1500px) 100vw, 1500px\" \/><\/figure>\n<\/div>\n\n<div class=\"wp-block-image\">\n<figure class=\"aligncenter size-full\"><img loading=\"lazy\" decoding=\"async\" width=\"1500\" height=\"1000\" src=\"https:\/\/www.annamardo.de\/wp-content\/uploads\/2020\/12\/38_Hochzeit-Kirche-Trauung-Bayern.jpg\" alt=\"Hochzeit Kirche Bayern\" class=\"wp-image-12028\" srcset=\"https:\/\/www.annamardo.de\/wp-content\/uploads\/2020\/12\/38_Hochzeit-Kirche-Trauung-Bayern.jpg 1500w, https:\/\/www.annamardo.de\/wp-content\/uploads\/2020\/12\/38_Hochzeit-Kirche-Trauung-Bayern-300x200.jpg 300w, https:\/\/www.annamardo.de\/wp-content\/uploads\/2020\/12\/38_Hochzeit-Kirche-Trauung-Bayern-1024x683.jpg 1024w, https:\/\/www.annamardo.de\/wp-content\/uploads\/2020\/12\/38_Hochzeit-Kirche-Trauung-Bayern-768x512.jpg 768w\" sizes=\"auto, (max-width: 1500px) 100vw, 1500px\" \/><\/figure>\n<\/div>\n\n<div class=\"wp-block-image\">\n<figure class=\"aligncenter size-full\"><img loading=\"lazy\" decoding=\"async\" width=\"1500\" height=\"2251\" src=\"https:\/\/www.annamardo.de\/wp-content\/uploads\/2020\/12\/39_Burtenbach-Kirche-Trauung.jpg\" alt=\"Trauung in Burtenbach\" class=\"wp-image-12029\" srcset=\"https:\/\/www.annamardo.de\/wp-content\/uploads\/2020\/12\/39_Burtenbach-Kirche-Trauung.jpg 1500w, https:\/\/www.annamardo.de\/wp-content\/uploads\/2020\/12\/39_Burtenbach-Kirche-Trauung-200x300.jpg 200w, https:\/\/www.annamardo.de\/wp-content\/uploads\/2020\/12\/39_Burtenbach-Kirche-Trauung-682x1024.jpg 682w, https:\/\/www.annamardo.de\/wp-content\/uploads\/2020\/12\/39_Burtenbach-Kirche-Trauung-768x1153.jpg 768w, https:\/\/www.annamardo.de\/wp-content\/uploads\/2020\/12\/39_Burtenbach-Kirche-Trauung-1024x1536.jpg 1024w, https:\/\/www.annamardo.de\/wp-content\/uploads\/2020\/12\/39_Burtenbach-Kirche-Trauung-1365x2048.jpg 1365w\" sizes=\"auto, (max-width: 1500px) 100vw, 1500px\" \/><\/figure>\n<\/div>\n\n\n<h2 class=\"wp-block-heading\">It&#8217;s Partytime &#8211; in der Lenderstuben in Balzhausen<\/h2>\n\n\n\n<p>Von der Kirche aus ging es sofort in die <a href=\"https:\/\/lenderstuben.de\" target=\"_blank\" rel=\"noopener\">Lenderstuben<\/a> wo der Sektempfang auf das Brautpaar und die G\u00e4ste wartete. Es wurde erstmal gratuliert und die Hochzeitstorte angeschnitten. Danach wurden dann ganz entspannt die letzten Sonnenstrahlen der Herbstsonne genossen. Zum Sonnenuntergang haben wir uns nochmal f\u00fcr ein kurzes Paarshooting weggestohlen. Das mache ich immer gerne wenn ich merke, dass es einen sch\u00f6nen Sonnenuntergang am Hochzeitstag geben wird. Nach dem Sonnenuntergang und dem vorz\u00fcglichen Abendessen im Schwabenstadel ging dann die Party los. Interessant war der au\u00dfergew\u00f6hnliche Brautstrausswurf. Es wurden B\u00e4nder an den Strauss gebunden, welche die Frauen festhalten musste w\u00e4hrend die Braut nach und nach B\u00e4nder durchschneidet. Wer am Ende \u00fcbrig bleibt wird die n\u00e4chste Braut sein. Eine weitere \u00dcberraschung war ein Flashmob nachdem sich dann keiner mehr auf den Pl\u00e4tzen halten konnte. Es wurde getanzt und die Tanzfl\u00e4cke gerockt!<\/p>\n\n\n<div class=\"wp-block-image\">\n<figure class=\"aligncenter size-full\"><img loading=\"lazy\" decoding=\"async\" width=\"1500\" height=\"2253\" src=\"https:\/\/www.annamardo.de\/wp-content\/uploads\/2020\/12\/40_Lenderstuben-Balzhausen-Schwabenstadel.jpg\" alt=\"Schwabenstadel der Lenderstuben\" class=\"wp-image-12030\" srcset=\"https:\/\/www.annamardo.de\/wp-content\/uploads\/2020\/12\/40_Lenderstuben-Balzhausen-Schwabenstadel.jpg 1500w, https:\/\/www.annamardo.de\/wp-content\/uploads\/2020\/12\/40_Lenderstuben-Balzhausen-Schwabenstadel-200x300.jpg 200w, https:\/\/www.annamardo.de\/wp-content\/uploads\/2020\/12\/40_Lenderstuben-Balzhausen-Schwabenstadel-682x1024.jpg 682w, https:\/\/www.annamardo.de\/wp-content\/uploads\/2020\/12\/40_Lenderstuben-Balzhausen-Schwabenstadel-768x1154.jpg 768w, https:\/\/www.annamardo.de\/wp-content\/uploads\/2020\/12\/40_Lenderstuben-Balzhausen-Schwabenstadel-1023x1536.jpg 1023w, https:\/\/www.annamardo.de\/wp-content\/uploads\/2020\/12\/40_Lenderstuben-Balzhausen-Schwabenstadel-1364x2048.jpg 1364w\" sizes=\"auto, (max-width: 1500px) 100vw, 1500px\" \/><\/figure>\n<\/div>\n\n<div class=\"wp-block-image\">\n<figure class=\"aligncenter size-full\"><img loading=\"lazy\" decoding=\"async\" width=\"1500\" height=\"1000\" src=\"https:\/\/www.annamardo.de\/wp-content\/uploads\/2020\/12\/41_Sektempfang-Lenderstuben-Balzhausen.jpg\" alt=\"Sektempfang Lenderstuben\" class=\"wp-image-12031\" srcset=\"https:\/\/www.annamardo.de\/wp-content\/uploads\/2020\/12\/41_Sektempfang-Lenderstuben-Balzhausen.jpg 1500w, https:\/\/www.annamardo.de\/wp-content\/uploads\/2020\/12\/41_Sektempfang-Lenderstuben-Balzhausen-300x200.jpg 300w, https:\/\/www.annamardo.de\/wp-content\/uploads\/2020\/12\/41_Sektempfang-Lenderstuben-Balzhausen-1024x683.jpg 1024w, https:\/\/www.annamardo.de\/wp-content\/uploads\/2020\/12\/41_Sektempfang-Lenderstuben-Balzhausen-768x512.jpg 768w\" sizes=\"auto, (max-width: 1500px) 100vw, 1500px\" \/><\/figure>\n<\/div>\n\n<div class=\"wp-block-image\">\n<figure class=\"aligncenter size-full\"><img loading=\"lazy\" decoding=\"async\" width=\"1500\" height=\"1119\" src=\"https:\/\/www.annamardo.de\/wp-content\/uploads\/2020\/12\/42_Sektempfang-Lenderstuben-Hochzeit.jpg\" alt=\"Lenderstuben Balzhausen Hochzeit\" class=\"wp-image-12032\" srcset=\"https:\/\/www.annamardo.de\/wp-content\/uploads\/2020\/12\/42_Sektempfang-Lenderstuben-Hochzeit.jpg 1500w, https:\/\/www.annamardo.de\/wp-content\/uploads\/2020\/12\/42_Sektempfang-Lenderstuben-Hochzeit-300x224.jpg 300w, https:\/\/www.annamardo.de\/wp-content\/uploads\/2020\/12\/42_Sektempfang-Lenderstuben-Hochzeit-1024x764.jpg 1024w, https:\/\/www.annamardo.de\/wp-content\/uploads\/2020\/12\/42_Sektempfang-Lenderstuben-Hochzeit-768x573.jpg 768w\" sizes=\"auto, (max-width: 1500px) 100vw, 1500px\" \/><\/figure>\n<\/div>\n\n<div class=\"wp-block-image\">\n<figure class=\"aligncenter size-full\"><img loading=\"lazy\" decoding=\"async\" width=\"1500\" height=\"496\" src=\"https:\/\/www.annamardo.de\/wp-content\/uploads\/2020\/12\/43_Gratulation-Hochzeit-Lenderstuben.jpg\" alt=\"\" class=\"wp-image-12033\" srcset=\"https:\/\/www.annamardo.de\/wp-content\/uploads\/2020\/12\/43_Gratulation-Hochzeit-Lenderstuben.jpg 1500w, https:\/\/www.annamardo.de\/wp-content\/uploads\/2020\/12\/43_Gratulation-Hochzeit-Lenderstuben-300x99.jpg 300w, https:\/\/www.annamardo.de\/wp-content\/uploads\/2020\/12\/43_Gratulation-Hochzeit-Lenderstuben-1024x339.jpg 1024w, https:\/\/www.annamardo.de\/wp-content\/uploads\/2020\/12\/43_Gratulation-Hochzeit-Lenderstuben-768x254.jpg 768w\" sizes=\"auto, (max-width: 1500px) 100vw, 1500px\" \/><\/figure>\n<\/div>\n\n<div class=\"wp-block-image\">\n<figure class=\"aligncenter size-full\"><img loading=\"lazy\" decoding=\"async\" width=\"1500\" height=\"496\" src=\"https:\/\/www.annamardo.de\/wp-content\/uploads\/2020\/12\/44_Gratulation-Hochzeit-Lenderstuben.jpg\" alt=\"\" class=\"wp-image-12034\" srcset=\"https:\/\/www.annamardo.de\/wp-content\/uploads\/2020\/12\/44_Gratulation-Hochzeit-Lenderstuben.jpg 1500w, https:\/\/www.annamardo.de\/wp-content\/uploads\/2020\/12\/44_Gratulation-Hochzeit-Lenderstuben-300x99.jpg 300w, https:\/\/www.annamardo.de\/wp-content\/uploads\/2020\/12\/44_Gratulation-Hochzeit-Lenderstuben-1024x339.jpg 1024w, https:\/\/www.annamardo.de\/wp-content\/uploads\/2020\/12\/44_Gratulation-Hochzeit-Lenderstuben-768x254.jpg 768w\" sizes=\"auto, (max-width: 1500px) 100vw, 1500px\" \/><\/figure>\n<\/div>\n\n<div class=\"wp-block-image\">\n<figure class=\"aligncenter size-full\"><img loading=\"lazy\" decoding=\"async\" width=\"1500\" height=\"1000\" src=\"https:\/\/www.annamardo.de\/wp-content\/uploads\/2020\/12\/45_Schwabenstadl-Lenderstuben-Hochzeit-Gruppenbild.jpg\" alt=\"Gruppenbild Hochzeit Bayern\" class=\"wp-image-12035\" srcset=\"https:\/\/www.annamardo.de\/wp-content\/uploads\/2020\/12\/45_Schwabenstadl-Lenderstuben-Hochzeit-Gruppenbild.jpg 1500w, https:\/\/www.annamardo.de\/wp-content\/uploads\/2020\/12\/45_Schwabenstadl-Lenderstuben-Hochzeit-Gruppenbild-300x200.jpg 300w, https:\/\/www.annamardo.de\/wp-content\/uploads\/2020\/12\/45_Schwabenstadl-Lenderstuben-Hochzeit-Gruppenbild-1024x683.jpg 1024w, https:\/\/www.annamardo.de\/wp-content\/uploads\/2020\/12\/45_Schwabenstadl-Lenderstuben-Hochzeit-Gruppenbild-768x512.jpg 768w\" sizes=\"auto, (max-width: 1500px) 100vw, 1500px\" \/><\/figure>\n<\/div>\n\n<div class=\"wp-block-image\">\n<figure class=\"aligncenter size-full\"><img loading=\"lazy\" decoding=\"async\" width=\"1500\" height=\"1000\" src=\"https:\/\/www.annamardo.de\/wp-content\/uploads\/2020\/12\/46_Lebendige-Gruppenbilder-Hochzeit.jpg\" alt=\"Gruppenbild Hochzeit\" class=\"wp-image-12036\" srcset=\"https:\/\/www.annamardo.de\/wp-content\/uploads\/2020\/12\/46_Lebendige-Gruppenbilder-Hochzeit.jpg 1500w, https:\/\/www.annamardo.de\/wp-content\/uploads\/2020\/12\/46_Lebendige-Gruppenbilder-Hochzeit-300x200.jpg 300w, https:\/\/www.annamardo.de\/wp-content\/uploads\/2020\/12\/46_Lebendige-Gruppenbilder-Hochzeit-1024x683.jpg 1024w, https:\/\/www.annamardo.de\/wp-content\/uploads\/2020\/12\/46_Lebendige-Gruppenbilder-Hochzeit-768x512.jpg 768w\" sizes=\"auto, (max-width: 1500px) 100vw, 1500px\" \/><\/figure>\n<\/div>\n\n<div class=\"wp-block-image\">\n<figure class=\"aligncenter size-full\"><img loading=\"lazy\" decoding=\"async\" width=\"1500\" height=\"1000\" src=\"https:\/\/www.annamardo.de\/wp-content\/uploads\/2020\/12\/47_Hochzeitstorte-Lenderstuben-Balzhausen.jpg\" alt=\"Lenderstuben Balzhausen Hochzeit\" class=\"wp-image-12037\" srcset=\"https:\/\/www.annamardo.de\/wp-content\/uploads\/2020\/12\/47_Hochzeitstorte-Lenderstuben-Balzhausen.jpg 1500w, https:\/\/www.annamardo.de\/wp-content\/uploads\/2020\/12\/47_Hochzeitstorte-Lenderstuben-Balzhausen-300x200.jpg 300w, https:\/\/www.annamardo.de\/wp-content\/uploads\/2020\/12\/47_Hochzeitstorte-Lenderstuben-Balzhausen-1024x683.jpg 1024w, https:\/\/www.annamardo.de\/wp-content\/uploads\/2020\/12\/47_Hochzeitstorte-Lenderstuben-Balzhausen-768x512.jpg 768w\" sizes=\"auto, (max-width: 1500px) 100vw, 1500px\" \/><\/figure>\n<\/div>\n\n<div class=\"wp-block-image\">\n<figure class=\"aligncenter size-full\"><img loading=\"lazy\" decoding=\"async\" width=\"1500\" height=\"1000\" src=\"https:\/\/www.annamardo.de\/wp-content\/uploads\/2020\/12\/48_Tortenanschnitt-Lenderstuben-Hochzeitsfotograf.jpg\" alt=\"Tortenanschnitt Lenderstuben \" class=\"wp-image-12038\" srcset=\"https:\/\/www.annamardo.de\/wp-content\/uploads\/2020\/12\/48_Tortenanschnitt-Lenderstuben-Hochzeitsfotograf.jpg 1500w, https:\/\/www.annamardo.de\/wp-content\/uploads\/2020\/12\/48_Tortenanschnitt-Lenderstuben-Hochzeitsfotograf-300x200.jpg 300w, https:\/\/www.annamardo.de\/wp-content\/uploads\/2020\/12\/48_Tortenanschnitt-Lenderstuben-Hochzeitsfotograf-1024x683.jpg 1024w, https:\/\/www.annamardo.de\/wp-content\/uploads\/2020\/12\/48_Tortenanschnitt-Lenderstuben-Hochzeitsfotograf-768x512.jpg 768w\" sizes=\"auto, (max-width: 1500px) 100vw, 1500px\" \/><\/figure>\n<\/div>\n\n<div class=\"wp-block-image\">\n<figure class=\"aligncenter size-full\"><img loading=\"lazy\" decoding=\"async\" width=\"1500\" height=\"688\" src=\"https:\/\/www.annamardo.de\/wp-content\/uploads\/2020\/12\/49_Fotograf-Hochzeit-Lenderstuben.jpg\" alt=\"\" class=\"wp-image-12039\" srcset=\"https:\/\/www.annamardo.de\/wp-content\/uploads\/2020\/12\/49_Fotograf-Hochzeit-Lenderstuben.jpg 1500w, https:\/\/www.annamardo.de\/wp-content\/uploads\/2020\/12\/49_Fotograf-Hochzeit-Lenderstuben-300x138.jpg 300w, https:\/\/www.annamardo.de\/wp-content\/uploads\/2020\/12\/49_Fotograf-Hochzeit-Lenderstuben-1024x470.jpg 1024w, https:\/\/www.annamardo.de\/wp-content\/uploads\/2020\/12\/49_Fotograf-Hochzeit-Lenderstuben-768x352.jpg 768w\" sizes=\"auto, (max-width: 1500px) 100vw, 1500px\" \/><\/figure>\n<\/div>\n\n<div class=\"wp-block-image\">\n<figure class=\"aligncenter size-full\"><img loading=\"lazy\" decoding=\"async\" width=\"1500\" height=\"1000\" src=\"https:\/\/www.annamardo.de\/wp-content\/uploads\/2020\/12\/50_Tischdekoration-Hochzeit-Lenderstuben-Balzhausen.jpg\" alt=\"Hochzeitsdeko Lenderstuben Balzhausen\" class=\"wp-image-12040\" srcset=\"https:\/\/www.annamardo.de\/wp-content\/uploads\/2020\/12\/50_Tischdekoration-Hochzeit-Lenderstuben-Balzhausen.jpg 1500w, https:\/\/www.annamardo.de\/wp-content\/uploads\/2020\/12\/50_Tischdekoration-Hochzeit-Lenderstuben-Balzhausen-300x200.jpg 300w, https:\/\/www.annamardo.de\/wp-content\/uploads\/2020\/12\/50_Tischdekoration-Hochzeit-Lenderstuben-Balzhausen-1024x683.jpg 1024w, https:\/\/www.annamardo.de\/wp-content\/uploads\/2020\/12\/50_Tischdekoration-Hochzeit-Lenderstuben-Balzhausen-768x512.jpg 768w\" sizes=\"auto, (max-width: 1500px) 100vw, 1500px\" \/><\/figure>\n<\/div>\n\n<div class=\"wp-block-image\">\n<figure class=\"aligncenter size-full\"><img loading=\"lazy\" decoding=\"async\" width=\"1500\" height=\"2253\" src=\"https:\/\/www.annamardo.de\/wp-content\/uploads\/2020\/12\/51_Tischdekoration-Hochzeit-Lenderstuben-Balzhausen.jpg\" alt=\"Dekoration f\u00fcr die Scheunenhochzeit in der Lenderstuben\" class=\"wp-image-12041\" srcset=\"https:\/\/www.annamardo.de\/wp-content\/uploads\/2020\/12\/51_Tischdekoration-Hochzeit-Lenderstuben-Balzhausen.jpg 1500w, https:\/\/www.annamardo.de\/wp-content\/uploads\/2020\/12\/51_Tischdekoration-Hochzeit-Lenderstuben-Balzhausen-200x300.jpg 200w, https:\/\/www.annamardo.de\/wp-content\/uploads\/2020\/12\/51_Tischdekoration-Hochzeit-Lenderstuben-Balzhausen-682x1024.jpg 682w, https:\/\/www.annamardo.de\/wp-content\/uploads\/2020\/12\/51_Tischdekoration-Hochzeit-Lenderstuben-Balzhausen-768x1154.jpg 768w, https:\/\/www.annamardo.de\/wp-content\/uploads\/2020\/12\/51_Tischdekoration-Hochzeit-Lenderstuben-Balzhausen-1023x1536.jpg 1023w, https:\/\/www.annamardo.de\/wp-content\/uploads\/2020\/12\/51_Tischdekoration-Hochzeit-Lenderstuben-Balzhausen-1364x2048.jpg 1364w\" sizes=\"auto, (max-width: 1500px) 100vw, 1500px\" \/><\/figure>\n<\/div>\n\n<div class=\"wp-block-image\">\n<figure class=\"aligncenter size-full\"><img loading=\"lazy\" decoding=\"async\" width=\"1500\" height=\"1003\" src=\"https:\/\/www.annamardo.de\/wp-content\/uploads\/2020\/12\/52_Balzhausen-Lenderstuben-Hochzeitslocation-Dekoration.jpg\" alt=\"Dekoration f\u00fcr die Hochzeitslocation \" class=\"wp-image-12042\" srcset=\"https:\/\/www.annamardo.de\/wp-content\/uploads\/2020\/12\/52_Balzhausen-Lenderstuben-Hochzeitslocation-Dekoration.jpg 1500w, https:\/\/www.annamardo.de\/wp-content\/uploads\/2020\/12\/52_Balzhausen-Lenderstuben-Hochzeitslocation-Dekoration-300x201.jpg 300w, https:\/\/www.annamardo.de\/wp-content\/uploads\/2020\/12\/52_Balzhausen-Lenderstuben-Hochzeitslocation-Dekoration-1024x685.jpg 1024w, https:\/\/www.annamardo.de\/wp-content\/uploads\/2020\/12\/52_Balzhausen-Lenderstuben-Hochzeitslocation-Dekoration-768x514.jpg 768w\" sizes=\"auto, (max-width: 1500px) 100vw, 1500px\" \/><\/figure>\n<\/div>\n\n<div class=\"wp-block-image\">\n<figure class=\"aligncenter size-full\"><img loading=\"lazy\" decoding=\"async\" width=\"1500\" height=\"743\" src=\"https:\/\/www.annamardo.de\/wp-content\/uploads\/2020\/12\/53_Tischdekoration-Hochzeit-Scheunenhochzeit.jpg\" alt=\"Tischdekoration f\u00fcr die Hochzeit\" class=\"wp-image-12043\" srcset=\"https:\/\/www.annamardo.de\/wp-content\/uploads\/2020\/12\/53_Tischdekoration-Hochzeit-Scheunenhochzeit.jpg 1500w, https:\/\/www.annamardo.de\/wp-content\/uploads\/2020\/12\/53_Tischdekoration-Hochzeit-Scheunenhochzeit-300x149.jpg 300w, https:\/\/www.annamardo.de\/wp-content\/uploads\/2020\/12\/53_Tischdekoration-Hochzeit-Scheunenhochzeit-1024x507.jpg 1024w, https:\/\/www.annamardo.de\/wp-content\/uploads\/2020\/12\/53_Tischdekoration-Hochzeit-Scheunenhochzeit-768x380.jpg 768w\" sizes=\"auto, (max-width: 1500px) 100vw, 1500px\" \/><\/figure>\n<\/div>\n\n<div class=\"wp-block-image\">\n<figure class=\"aligncenter size-full\"><img loading=\"lazy\" decoding=\"async\" width=\"1500\" height=\"1119\" src=\"https:\/\/www.annamardo.de\/wp-content\/uploads\/2020\/12\/54_Tischdekoration-Hochzeit-Scheunenhochzeit.jpg\" alt=\"Tischdeko Scheunenhochzeit\" class=\"wp-image-12044\" srcset=\"https:\/\/www.annamardo.de\/wp-content\/uploads\/2020\/12\/54_Tischdekoration-Hochzeit-Scheunenhochzeit.jpg 1500w, https:\/\/www.annamardo.de\/wp-content\/uploads\/2020\/12\/54_Tischdekoration-Hochzeit-Scheunenhochzeit-300x224.jpg 300w, https:\/\/www.annamardo.de\/wp-content\/uploads\/2020\/12\/54_Tischdekoration-Hochzeit-Scheunenhochzeit-1024x764.jpg 1024w, https:\/\/www.annamardo.de\/wp-content\/uploads\/2020\/12\/54_Tischdekoration-Hochzeit-Scheunenhochzeit-768x573.jpg 768w\" sizes=\"auto, (max-width: 1500px) 100vw, 1500px\" \/><\/figure>\n<\/div>\n\n<div class=\"wp-block-image\">\n<figure class=\"aligncenter size-full\"><img loading=\"lazy\" decoding=\"async\" width=\"1500\" height=\"1000\" src=\"https:\/\/www.annamardo.de\/wp-content\/uploads\/2020\/12\/55_Scheunenhochzeit-Bayern.jpg\" alt=\"Scheunenhochzeit in Bayern\" class=\"wp-image-12045\" srcset=\"https:\/\/www.annamardo.de\/wp-content\/uploads\/2020\/12\/55_Scheunenhochzeit-Bayern.jpg 1500w, https:\/\/www.annamardo.de\/wp-content\/uploads\/2020\/12\/55_Scheunenhochzeit-Bayern-300x200.jpg 300w, https:\/\/www.annamardo.de\/wp-content\/uploads\/2020\/12\/55_Scheunenhochzeit-Bayern-1024x683.jpg 1024w, https:\/\/www.annamardo.de\/wp-content\/uploads\/2020\/12\/55_Scheunenhochzeit-Bayern-768x512.jpg 768w\" sizes=\"auto, (max-width: 1500px) 100vw, 1500px\" \/><\/figure>\n<\/div>\n\n<div class=\"wp-block-image\">\n<figure class=\"aligncenter size-full\"><img loading=\"lazy\" decoding=\"async\" width=\"1500\" height=\"2253\" src=\"https:\/\/www.annamardo.de\/wp-content\/uploads\/2020\/12\/56_Sonnenuntergang-Brautpaarportraits-Lenderstuben.jpg\" alt=\"\" class=\"wp-image-12046\" srcset=\"https:\/\/www.annamardo.de\/wp-content\/uploads\/2020\/12\/56_Sonnenuntergang-Brautpaarportraits-Lenderstuben.jpg 1500w, https:\/\/www.annamardo.de\/wp-content\/uploads\/2020\/12\/56_Sonnenuntergang-Brautpaarportraits-Lenderstuben-200x300.jpg 200w, https:\/\/www.annamardo.de\/wp-content\/uploads\/2020\/12\/56_Sonnenuntergang-Brautpaarportraits-Lenderstuben-682x1024.jpg 682w, https:\/\/www.annamardo.de\/wp-content\/uploads\/2020\/12\/56_Sonnenuntergang-Brautpaarportraits-Lenderstuben-768x1154.jpg 768w, https:\/\/www.annamardo.de\/wp-content\/uploads\/2020\/12\/56_Sonnenuntergang-Brautpaarportraits-Lenderstuben-1023x1536.jpg 1023w, https:\/\/www.annamardo.de\/wp-content\/uploads\/2020\/12\/56_Sonnenuntergang-Brautpaarportraits-Lenderstuben-1364x2048.jpg 1364w\" sizes=\"auto, (max-width: 1500px) 100vw, 1500px\" \/><\/figure>\n<\/div>\n\n<div class=\"wp-block-image\">\n<figure class=\"aligncenter size-full\"><img loading=\"lazy\" decoding=\"async\" width=\"1500\" height=\"1119\" src=\"https:\/\/www.annamardo.de\/wp-content\/uploads\/2020\/12\/57_Sonnenuntergang-Brautpaarportraits-Lenderstuben.jpg\" alt=\"Sonnenuntergang Brautpaarportraits Lenderstuben\" class=\"wp-image-12047\" srcset=\"https:\/\/www.annamardo.de\/wp-content\/uploads\/2020\/12\/57_Sonnenuntergang-Brautpaarportraits-Lenderstuben.jpg 1500w, https:\/\/www.annamardo.de\/wp-content\/uploads\/2020\/12\/57_Sonnenuntergang-Brautpaarportraits-Lenderstuben-300x224.jpg 300w, https:\/\/www.annamardo.de\/wp-content\/uploads\/2020\/12\/57_Sonnenuntergang-Brautpaarportraits-Lenderstuben-1024x764.jpg 1024w, https:\/\/www.annamardo.de\/wp-content\/uploads\/2020\/12\/57_Sonnenuntergang-Brautpaarportraits-Lenderstuben-768x573.jpg 768w\" sizes=\"auto, (max-width: 1500px) 100vw, 1500px\" \/><\/figure>\n<\/div>\n\n<div class=\"wp-block-image\">\n<figure class=\"aligncenter size-full\"><img loading=\"lazy\" decoding=\"async\" width=\"1500\" height=\"1003\" src=\"https:\/\/www.annamardo.de\/wp-content\/uploads\/2020\/12\/58_Schwabenstadl-Lenderstuben.jpg\" alt=\"Schwabenstadel der Lenderstuben Balzhausen\" class=\"wp-image-12048\" srcset=\"https:\/\/www.annamardo.de\/wp-content\/uploads\/2020\/12\/58_Schwabenstadl-Lenderstuben.jpg 1500w, https:\/\/www.annamardo.de\/wp-content\/uploads\/2020\/12\/58_Schwabenstadl-Lenderstuben-300x201.jpg 300w, https:\/\/www.annamardo.de\/wp-content\/uploads\/2020\/12\/58_Schwabenstadl-Lenderstuben-1024x685.jpg 1024w, https:\/\/www.annamardo.de\/wp-content\/uploads\/2020\/12\/58_Schwabenstadl-Lenderstuben-768x514.jpg 768w\" sizes=\"auto, (max-width: 1500px) 100vw, 1500px\" \/><\/figure>\n<\/div>\n\n<div class=\"wp-block-image\">\n<figure class=\"aligncenter size-full\"><img loading=\"lazy\" decoding=\"async\" width=\"1500\" height=\"1000\" src=\"https:\/\/www.annamardo.de\/wp-content\/uploads\/2020\/12\/59_Lichter.jpg\" alt=\"Lichter Dekoration\" class=\"wp-image-12049\" srcset=\"https:\/\/www.annamardo.de\/wp-content\/uploads\/2020\/12\/59_Lichter.jpg 1500w, https:\/\/www.annamardo.de\/wp-content\/uploads\/2020\/12\/59_Lichter-300x200.jpg 300w, https:\/\/www.annamardo.de\/wp-content\/uploads\/2020\/12\/59_Lichter-1024x683.jpg 1024w, https:\/\/www.annamardo.de\/wp-content\/uploads\/2020\/12\/59_Lichter-768x512.jpg 768w\" sizes=\"auto, (max-width: 1500px) 100vw, 1500px\" \/><\/figure>\n<\/div>\n\n<div class=\"wp-block-image\">\n<figure class=\"aligncenter size-full\"><img loading=\"lazy\" decoding=\"async\" width=\"1500\" height=\"1000\" src=\"https:\/\/www.annamardo.de\/wp-content\/uploads\/2020\/12\/60_Hochzeitsreportage-Lenderstuben-Balzhausen.jpg\" alt=\"Brauch Brautstrausswurf\" class=\"wp-image-12050\" srcset=\"https:\/\/www.annamardo.de\/wp-content\/uploads\/2020\/12\/60_Hochzeitsreportage-Lenderstuben-Balzhausen.jpg 1500w, https:\/\/www.annamardo.de\/wp-content\/uploads\/2020\/12\/60_Hochzeitsreportage-Lenderstuben-Balzhausen-300x200.jpg 300w, https:\/\/www.annamardo.de\/wp-content\/uploads\/2020\/12\/60_Hochzeitsreportage-Lenderstuben-Balzhausen-1024x683.jpg 1024w, https:\/\/www.annamardo.de\/wp-content\/uploads\/2020\/12\/60_Hochzeitsreportage-Lenderstuben-Balzhausen-768x512.jpg 768w\" sizes=\"auto, (max-width: 1500px) 100vw, 1500px\" \/><\/figure>\n<\/div>\n\n<div class=\"wp-block-image\">\n<figure class=\"aligncenter size-full\"><img loading=\"lazy\" decoding=\"async\" width=\"1500\" height=\"496\" src=\"https:\/\/www.annamardo.de\/wp-content\/uploads\/2020\/12\/61_Hochzeitsreportage-Lenderstuben-Balzhausen.jpg\" alt=\"Brautstrausswurf mal anders\" class=\"wp-image-12051\" srcset=\"https:\/\/www.annamardo.de\/wp-content\/uploads\/2020\/12\/61_Hochzeitsreportage-Lenderstuben-Balzhausen.jpg 1500w, https:\/\/www.annamardo.de\/wp-content\/uploads\/2020\/12\/61_Hochzeitsreportage-Lenderstuben-Balzhausen-300x99.jpg 300w, https:\/\/www.annamardo.de\/wp-content\/uploads\/2020\/12\/61_Hochzeitsreportage-Lenderstuben-Balzhausen-1024x339.jpg 1024w, https:\/\/www.annamardo.de\/wp-content\/uploads\/2020\/12\/61_Hochzeitsreportage-Lenderstuben-Balzhausen-768x254.jpg 768w\" sizes=\"auto, (max-width: 1500px) 100vw, 1500px\" \/><\/figure>\n<\/div>\n\n<div class=\"wp-block-image\">\n<figure class=\"aligncenter size-full\"><img loading=\"lazy\" decoding=\"async\" width=\"1500\" height=\"1000\" src=\"https:\/\/www.annamardo.de\/wp-content\/uploads\/2020\/12\/63_Hochzeitsfeier-Lenderstuben-Balzhausen.jpg\" alt=\"Hochzeitsfeier in Balzhausen\" class=\"wp-image-12053\" srcset=\"https:\/\/www.annamardo.de\/wp-content\/uploads\/2020\/12\/63_Hochzeitsfeier-Lenderstuben-Balzhausen.jpg 1500w, https:\/\/www.annamardo.de\/wp-content\/uploads\/2020\/12\/63_Hochzeitsfeier-Lenderstuben-Balzhausen-300x200.jpg 300w, https:\/\/www.annamardo.de\/wp-content\/uploads\/2020\/12\/63_Hochzeitsfeier-Lenderstuben-Balzhausen-1024x683.jpg 1024w, https:\/\/www.annamardo.de\/wp-content\/uploads\/2020\/12\/63_Hochzeitsfeier-Lenderstuben-Balzhausen-768x512.jpg 768w\" sizes=\"auto, (max-width: 1500px) 100vw, 1500px\" \/><\/figure>\n<\/div>\n\n<div class=\"wp-block-image\">\n<figure class=\"aligncenter size-full\"><img loading=\"lazy\" decoding=\"async\" width=\"1500\" height=\"496\" src=\"https:\/\/www.annamardo.de\/wp-content\/uploads\/2020\/12\/64_Hochzeitsfeier-Lenderstuben-Balzhausen.jpg\" alt=\"Hochzeitsfeier in der Lenderstuben\" class=\"wp-image-12054\" srcset=\"https:\/\/www.annamardo.de\/wp-content\/uploads\/2020\/12\/64_Hochzeitsfeier-Lenderstuben-Balzhausen.jpg 1500w, https:\/\/www.annamardo.de\/wp-content\/uploads\/2020\/12\/64_Hochzeitsfeier-Lenderstuben-Balzhausen-300x99.jpg 300w, https:\/\/www.annamardo.de\/wp-content\/uploads\/2020\/12\/64_Hochzeitsfeier-Lenderstuben-Balzhausen-1024x339.jpg 1024w, https:\/\/www.annamardo.de\/wp-content\/uploads\/2020\/12\/64_Hochzeitsfeier-Lenderstuben-Balzhausen-768x254.jpg 768w\" sizes=\"auto, (max-width: 1500px) 100vw, 1500px\" \/><\/figure>\n<\/div>\n\n<div class=\"wp-block-image\">\n<figure class=\"aligncenter size-full\"><img loading=\"lazy\" decoding=\"async\" width=\"1500\" height=\"1000\" src=\"https:\/\/www.annamardo.de\/wp-content\/uploads\/2020\/12\/65_Fotograf-Hochzeit-Lenderstuben.jpg\" alt=\"Lenderstuben Balzhausen Hochzeit\" class=\"wp-image-12055\" srcset=\"https:\/\/www.annamardo.de\/wp-content\/uploads\/2020\/12\/65_Fotograf-Hochzeit-Lenderstuben.jpg 1500w, https:\/\/www.annamardo.de\/wp-content\/uploads\/2020\/12\/65_Fotograf-Hochzeit-Lenderstuben-300x200.jpg 300w, https:\/\/www.annamardo.de\/wp-content\/uploads\/2020\/12\/65_Fotograf-Hochzeit-Lenderstuben-1024x683.jpg 1024w, https:\/\/www.annamardo.de\/wp-content\/uploads\/2020\/12\/65_Fotograf-Hochzeit-Lenderstuben-768x512.jpg 768w\" sizes=\"auto, (max-width: 1500px) 100vw, 1500px\" \/><\/figure>\n<\/div>\n\n<div class=\"wp-block-image\">\n<figure class=\"aligncenter size-full\"><img loading=\"lazy\" decoding=\"async\" width=\"1500\" height=\"496\" src=\"https:\/\/www.annamardo.de\/wp-content\/uploads\/2020\/12\/66_Fotograf-Hochzeit-Lenderstuben.jpg\" alt=\"Brautwalzer in der Lenderstuben\" class=\"wp-image-12056\" srcset=\"https:\/\/www.annamardo.de\/wp-content\/uploads\/2020\/12\/66_Fotograf-Hochzeit-Lenderstuben.jpg 1500w, https:\/\/www.annamardo.de\/wp-content\/uploads\/2020\/12\/66_Fotograf-Hochzeit-Lenderstuben-300x99.jpg 300w, https:\/\/www.annamardo.de\/wp-content\/uploads\/2020\/12\/66_Fotograf-Hochzeit-Lenderstuben-1024x339.jpg 1024w, https:\/\/www.annamardo.de\/wp-content\/uploads\/2020\/12\/66_Fotograf-Hochzeit-Lenderstuben-768x254.jpg 768w\" sizes=\"auto, (max-width: 1500px) 100vw, 1500px\" \/><\/figure>\n<\/div>\n\n<div class=\"wp-block-image\">\n<figure class=\"aligncenter size-full\"><img loading=\"lazy\" decoding=\"async\" width=\"1500\" height=\"1000\" src=\"https:\/\/www.annamardo.de\/wp-content\/uploads\/2020\/12\/67_Hochzeit-Party-Fotograf-Krumbach.jpg\" alt=\"Flashmob bei der Hochzeit\" class=\"wp-image-12057\" srcset=\"https:\/\/www.annamardo.de\/wp-content\/uploads\/2020\/12\/67_Hochzeit-Party-Fotograf-Krumbach.jpg 1500w, https:\/\/www.annamardo.de\/wp-content\/uploads\/2020\/12\/67_Hochzeit-Party-Fotograf-Krumbach-300x200.jpg 300w, https:\/\/www.annamardo.de\/wp-content\/uploads\/2020\/12\/67_Hochzeit-Party-Fotograf-Krumbach-1024x683.jpg 1024w, https:\/\/www.annamardo.de\/wp-content\/uploads\/2020\/12\/67_Hochzeit-Party-Fotograf-Krumbach-768x512.jpg 768w\" sizes=\"auto, (max-width: 1500px) 100vw, 1500px\" \/><\/figure>\n<\/div>\n\n<div class=\"wp-block-image\">\n<figure class=\"aligncenter size-full\"><img loading=\"lazy\" decoding=\"async\" width=\"1500\" height=\"496\" src=\"https:\/\/www.annamardo.de\/wp-content\/uploads\/2020\/12\/68_Hochzeit-Party-Fotograf-Krumbach.jpg\" alt=\"Wedding Party Krumbach\" class=\"wp-image-12058\" srcset=\"https:\/\/www.annamardo.de\/wp-content\/uploads\/2020\/12\/68_Hochzeit-Party-Fotograf-Krumbach.jpg 1500w, https:\/\/www.annamardo.de\/wp-content\/uploads\/2020\/12\/68_Hochzeit-Party-Fotograf-Krumbach-300x99.jpg 300w, https:\/\/www.annamardo.de\/wp-content\/uploads\/2020\/12\/68_Hochzeit-Party-Fotograf-Krumbach-1024x339.jpg 1024w, https:\/\/www.annamardo.de\/wp-content\/uploads\/2020\/12\/68_Hochzeit-Party-Fotograf-Krumbach-768x254.jpg 768w\" sizes=\"auto, (max-width: 1500px) 100vw, 1500px\" \/><\/figure>\n<\/div>\n\n<div class=\"wp-block-image\">\n<figure class=\"aligncenter size-full\"><img loading=\"lazy\" decoding=\"async\" width=\"1500\" height=\"496\" src=\"https:\/\/www.annamardo.de\/wp-content\/uploads\/2020\/12\/69_Lebendige-Hochzeitsfotos-Krumbach.jpg\" alt=\"Lebendige Hochzeitsfotos Krumbach\" class=\"wp-image-12059\" srcset=\"https:\/\/www.annamardo.de\/wp-content\/uploads\/2020\/12\/69_Lebendige-Hochzeitsfotos-Krumbach.jpg 1500w, https:\/\/www.annamardo.de\/wp-content\/uploads\/2020\/12\/69_Lebendige-Hochzeitsfotos-Krumbach-300x99.jpg 300w, https:\/\/www.annamardo.de\/wp-content\/uploads\/2020\/12\/69_Lebendige-Hochzeitsfotos-Krumbach-1024x339.jpg 1024w, https:\/\/www.annamardo.de\/wp-content\/uploads\/2020\/12\/69_Lebendige-Hochzeitsfotos-Krumbach-768x254.jpg 768w\" sizes=\"auto, (max-width: 1500px) 100vw, 1500px\" \/><\/figure>\n<\/div>\n\n<div class=\"wp-block-image\">\n<figure class=\"aligncenter size-full\"><img loading=\"lazy\" decoding=\"async\" width=\"1500\" height=\"1000\" src=\"https:\/\/www.annamardo.de\/wp-content\/uploads\/2020\/12\/70_Fotografin-Hochzeit-Guenzburg.jpg\" alt=\"Fotografin f\u00fcr die Hochzeit\" class=\"wp-image-12060\" srcset=\"https:\/\/www.annamardo.de\/wp-content\/uploads\/2020\/12\/70_Fotografin-Hochzeit-Guenzburg.jpg 1500w, https:\/\/www.annamardo.de\/wp-content\/uploads\/2020\/12\/70_Fotografin-Hochzeit-Guenzburg-300x200.jpg 300w, https:\/\/www.annamardo.de\/wp-content\/uploads\/2020\/12\/70_Fotografin-Hochzeit-Guenzburg-1024x683.jpg 1024w, https:\/\/www.annamardo.de\/wp-content\/uploads\/2020\/12\/70_Fotografin-Hochzeit-Guenzburg-768x512.jpg 768w\" sizes=\"auto, (max-width: 1500px) 100vw, 1500px\" \/><\/figure>\n<\/div>\n\n<div class=\"wp-block-image\">\n<figure class=\"aligncenter size-full\"><img loading=\"lazy\" decoding=\"async\" width=\"1500\" height=\"499\" src=\"https:\/\/www.annamardo.de\/wp-content\/uploads\/2020\/12\/71_Fotografin-Hochzeit-Guenzburg.jpg\" alt=\"Hochzeit Fotografin G\u00fcnzburg\" class=\"wp-image-12061\" srcset=\"https:\/\/www.annamardo.de\/wp-content\/uploads\/2020\/12\/71_Fotografin-Hochzeit-Guenzburg.jpg 1500w, https:\/\/www.annamardo.de\/wp-content\/uploads\/2020\/12\/71_Fotografin-Hochzeit-Guenzburg-300x100.jpg 300w, https:\/\/www.annamardo.de\/wp-content\/uploads\/2020\/12\/71_Fotografin-Hochzeit-Guenzburg-1024x341.jpg 1024w, https:\/\/www.annamardo.de\/wp-content\/uploads\/2020\/12\/71_Fotografin-Hochzeit-Guenzburg-768x255.jpg 768w\" sizes=\"auto, (max-width: 1500px) 100vw, 1500px\" \/><\/figure>\n<\/div>\n\n<div class=\"wp-block-image\">\n<figure class=\"aligncenter size-full\"><img loading=\"lazy\" decoding=\"async\" width=\"1500\" height=\"1003\" src=\"https:\/\/www.annamardo.de\/wp-content\/uploads\/2020\/12\/72_Hochzeitsfotografie-Anna-Mardo-Reportage.jpg\" alt=\"Hochzeitsfotografie Reportage Anna Mardo\" class=\"wp-image-12062\" srcset=\"https:\/\/www.annamardo.de\/wp-content\/uploads\/2020\/12\/72_Hochzeitsfotografie-Anna-Mardo-Reportage.jpg 1500w, https:\/\/www.annamardo.de\/wp-content\/uploads\/2020\/12\/72_Hochzeitsfotografie-Anna-Mardo-Reportage-300x201.jpg 300w, https:\/\/www.annamardo.de\/wp-content\/uploads\/2020\/12\/72_Hochzeitsfotografie-Anna-Mardo-Reportage-1024x685.jpg 1024w, https:\/\/www.annamardo.de\/wp-content\/uploads\/2020\/12\/72_Hochzeitsfotografie-Anna-Mardo-Reportage-768x514.jpg 768w\" sizes=\"auto, (max-width: 1500px) 100vw, 1500px\" \/><\/figure>\n<\/div>\n\n\n<p><\/p>\n\n\n\n<p>Eine weitere Lenderstuben Balzhausen Hochzeit findest du <a href=\"https:\/\/www.annamardo.de\/hochzeitsfotograf-lenderstuben\/\" target=\"_blank\" rel=\"noopener\">hier auf meinem Blog<\/a>.<\/p>\n\n\n\n<h3 class=\"wp-block-heading\">Folgende Beitr\u00e4ge k\u00f6nnten dich auch interessieren:<\/h3>\n\n\n\n<ul class=\"wp-block-list\">\n<li><a href=\"https:\/\/www.annamardo.de\/hochzeit-stettenhof\/\" target=\"_blank\" rel=\"noopener\">Hochzeit im Stettenhof in M\u00f6dingen bei Dillingen<\/a><\/li>\n\n\n\n<li><a href=\"https:\/\/www.annamardo.de\/hochzeit-schloessle-finningen\/\" target=\"_blank\" rel=\"noopener\">Hochzeit im Schl\u00f6ssle Finningen<\/a><\/li>\n\n\n\n<li><a href=\"https:\/\/www.annamardo.de\/hochzeitsfotograf-guenzburg\/\" target=\"_blank\" rel=\"noopener\">Hochzeit in G\u00fcnzburg mit Feier im Neuhof am See Gundelfingen<\/a><\/li>\n<\/ul>\n","protected":false},"excerpt":{"rendered":"<p>Eine Hochzeit im sch\u00f6nen Schwabenstadel der Lenderstuben in Balzhausen Wer eine rustikale Scheunenhochzeit plant, der ist in der Lenderstuben in Balzhausen genau richtig. Mein Brautpaar Uli &amp; Tobi feierten hier den perfekten Hochzeitstag im Herbst. Lasst euch durch den Tag f\u00fchren und feiert mit! Viel Spa\u00df!\u00a0 Dienstleister Haare &amp; Make-Up: Maureen WachterDekoration &amp; Blumen: Allgaier&#8230;<\/p>\n","protected":false},"author":1,"featured_media":12045,"comment_status":"open","ping_status":"open","sticky":false,"template":"","format":"standard","meta":{"_kadence_starter_templates_imported_post":false,"_kad_post_transparent":"","_kad_post_title":"","_kad_post_layout":"","_kad_post_sidebar_id":"","_kad_post_content_style":"","_kad_post_vertical_padding":"","_kad_post_feature":"","_kad_post_feature_position":"","_kad_post_header":false,"_kad_post_footer":false,"_kad_post_classname":"","footnotes":""},"categories":[4],"tags":[15],"class_list":["post-11990","post","type-post","status-publish","format-standard","has-post-thumbnail","hentry","category-hochzeit","tag-hochzeit"],"yoast_head":"<!-- This site is optimized with the Yoast SEO plugin v27.4 - https:\/\/yoast.com\/product\/yoast-seo-wordpress\/ -->\n<title>Romantische Hochzeit in der Lenderstuben in Balzhausen<\/title>\n<meta name=\"description\" content=\"Eine coole und romantische Scheunen Hochzeit in der Lenderstubenin Balzhausen mit Lichthimmel und interessanten Br\u00e4uchen.\" \/>\n<meta name=\"robots\" content=\"index, follow, max-snippet:-1, max-image-preview:large, max-video-preview:-1\" \/>\n<link rel=\"canonical\" href=\"https:\/\/www.annamardo.de\/lenderstuben-balzhausen-hochzeit\/\" \/>\n<meta property=\"og:locale\" content=\"en_US\" \/>\n<meta property=\"og:type\" content=\"article\" \/>\n<meta property=\"og:title\" content=\"Romantische Hochzeit in der Lenderstuben in Balzhausen\" \/>\n<meta property=\"og:description\" content=\"Eine coole und romantische Scheunen Hochzeit in der Lenderstubenin Balzhausen mit Lichthimmel und interessanten Br\u00e4uchen.\" \/>\n<meta property=\"og:url\" content=\"https:\/\/www.annamardo.de\/lenderstuben-balzhausen-hochzeit\/\" \/>\n<meta property=\"og:site_name\" content=\"Anna Mardo Hochzeitsfotografie\" \/>\n<meta property=\"article:publisher\" content=\"https:\/\/www.facebook.com\/AnnaMardoHochzeitsfotografie\/\" \/>\n<meta property=\"article:author\" content=\"https:\/\/www.facebook.com\/AnnaMardoHochzeitsfotografie\/\" \/>\n<meta property=\"article:published_time\" content=\"2021-01-10T04:00:48+00:00\" \/>\n<meta property=\"article:modified_time\" content=\"2025-01-16T12:49:23+00:00\" \/>\n<meta property=\"og:image\" content=\"https:\/\/www.annamardo.de\/wp-content\/uploads\/2020\/12\/55_Scheunenhochzeit-Bayern.jpg\" \/>\n\t<meta property=\"og:image:width\" content=\"1500\" \/>\n\t<meta property=\"og:image:height\" content=\"1000\" \/>\n\t<meta property=\"og:image:type\" content=\"image\/jpeg\" \/>\n<meta name=\"author\" content=\"Anna Mardo\" \/>\n<meta name=\"twitter:card\" content=\"summary_large_image\" \/>\n<meta name=\"twitter:label1\" content=\"Written by\" \/>\n\t<meta name=\"twitter:data1\" content=\"Anna Mardo\" \/>\n\t<meta name=\"twitter:label2\" content=\"Est. reading time\" \/>\n\t<meta name=\"twitter:data2\" content=\"17 minutes\" \/>\n<script type=\"application\/ld+json\" class=\"yoast-schema-graph\">{\"@context\":\"https:\\\/\\\/schema.org\",\"@graph\":[{\"@type\":\"Article\",\"@id\":\"https:\\\/\\\/www.annamardo.de\\\/lenderstuben-balzhausen-hochzeit\\\/#article\",\"isPartOf\":{\"@id\":\"https:\\\/\\\/www.annamardo.de\\\/lenderstuben-balzhausen-hochzeit\\\/\"},\"author\":{\"name\":\"Anna Mardo\",\"@id\":\"https:\\\/\\\/www.annamardo.de\\\/#\\\/schema\\\/person\\\/c3ae0c10a19a6067a617804bb8bc64a7\"},\"headline\":\"Hochzeit in der Lenderstuben in Balzhausen\",\"datePublished\":\"2021-01-10T04:00:48+00:00\",\"dateModified\":\"2025-01-16T12:49:23+00:00\",\"mainEntityOfPage\":{\"@id\":\"https:\\\/\\\/www.annamardo.de\\\/lenderstuben-balzhausen-hochzeit\\\/\"},\"wordCount\":457,\"commentCount\":4,\"publisher\":{\"@id\":\"https:\\\/\\\/www.annamardo.de\\\/#organization\"},\"image\":{\"@id\":\"https:\\\/\\\/www.annamardo.de\\\/lenderstuben-balzhausen-hochzeit\\\/#primaryimage\"},\"thumbnailUrl\":\"https:\\\/\\\/www.annamardo.de\\\/wp-content\\\/uploads\\\/2020\\\/12\\\/55_Scheunenhochzeit-Bayern.jpg\",\"keywords\":[\"Hochzeit\"],\"articleSection\":[\"Hochzeit\"],\"inLanguage\":\"en-US\",\"potentialAction\":[{\"@type\":\"CommentAction\",\"name\":\"Comment\",\"target\":[\"https:\\\/\\\/www.annamardo.de\\\/lenderstuben-balzhausen-hochzeit\\\/#respond\"]}]},{\"@type\":\"WebPage\",\"@id\":\"https:\\\/\\\/www.annamardo.de\\\/lenderstuben-balzhausen-hochzeit\\\/\",\"url\":\"https:\\\/\\\/www.annamardo.de\\\/lenderstuben-balzhausen-hochzeit\\\/\",\"name\":\"Romantische Hochzeit in der Lenderstuben in Balzhausen\",\"isPartOf\":{\"@id\":\"https:\\\/\\\/www.annamardo.de\\\/#website\"},\"primaryImageOfPage\":{\"@id\":\"https:\\\/\\\/www.annamardo.de\\\/lenderstuben-balzhausen-hochzeit\\\/#primaryimage\"},\"image\":{\"@id\":\"https:\\\/\\\/www.annamardo.de\\\/lenderstuben-balzhausen-hochzeit\\\/#primaryimage\"},\"thumbnailUrl\":\"https:\\\/\\\/www.annamardo.de\\\/wp-content\\\/uploads\\\/2020\\\/12\\\/55_Scheunenhochzeit-Bayern.jpg\",\"datePublished\":\"2021-01-10T04:00:48+00:00\",\"dateModified\":\"2025-01-16T12:49:23+00:00\",\"description\":\"Eine coole und romantische Scheunen Hochzeit in der Lenderstubenin Balzhausen mit Lichthimmel und interessanten Br\u00e4uchen.\",\"breadcrumb\":{\"@id\":\"https:\\\/\\\/www.annamardo.de\\\/lenderstuben-balzhausen-hochzeit\\\/#breadcrumb\"},\"inLanguage\":\"en-US\",\"potentialAction\":[{\"@type\":\"ReadAction\",\"target\":[\"https:\\\/\\\/www.annamardo.de\\\/lenderstuben-balzhausen-hochzeit\\\/\"]}]},{\"@type\":\"ImageObject\",\"inLanguage\":\"en-US\",\"@id\":\"https:\\\/\\\/www.annamardo.de\\\/lenderstuben-balzhausen-hochzeit\\\/#primaryimage\",\"url\":\"https:\\\/\\\/www.annamardo.de\\\/wp-content\\\/uploads\\\/2020\\\/12\\\/55_Scheunenhochzeit-Bayern.jpg\",\"contentUrl\":\"https:\\\/\\\/www.annamardo.de\\\/wp-content\\\/uploads\\\/2020\\\/12\\\/55_Scheunenhochzeit-Bayern.jpg\",\"width\":1500,\"height\":1000,\"caption\":\"Scheunenhochzeit in Bayern\"},{\"@type\":\"BreadcrumbList\",\"@id\":\"https:\\\/\\\/www.annamardo.de\\\/lenderstuben-balzhausen-hochzeit\\\/#breadcrumb\",\"itemListElement\":[{\"@type\":\"ListItem\",\"position\":1,\"name\":\"Startseite\",\"item\":\"https:\\\/\\\/www.annamardo.de\\\/en\\\/\"},{\"@type\":\"ListItem\",\"position\":2,\"name\":\"Hochzeit in der Lenderstuben in Balzhausen\"}]},{\"@type\":\"WebSite\",\"@id\":\"https:\\\/\\\/www.annamardo.de\\\/#website\",\"url\":\"https:\\\/\\\/www.annamardo.de\\\/\",\"name\":\"Anna Mardo Hochzeitsfotografie\",\"description\":\"Berghochzeiten &amp; Hochzeiten im Oberland\",\"publisher\":{\"@id\":\"https:\\\/\\\/www.annamardo.de\\\/#organization\"},\"potentialAction\":[{\"@type\":\"SearchAction\",\"target\":{\"@type\":\"EntryPoint\",\"urlTemplate\":\"https:\\\/\\\/www.annamardo.de\\\/?s={search_term_string}\"},\"query-input\":{\"@type\":\"PropertyValueSpecification\",\"valueRequired\":true,\"valueName\":\"search_term_string\"}}],\"inLanguage\":\"en-US\"},{\"@type\":\"Organization\",\"@id\":\"https:\\\/\\\/www.annamardo.de\\\/#organization\",\"name\":\"Anna Mardo Hochzeitsfotografie\",\"url\":\"https:\\\/\\\/www.annamardo.de\\\/\",\"logo\":{\"@type\":\"ImageObject\",\"inLanguage\":\"en-US\",\"@id\":\"https:\\\/\\\/www.annamardo.de\\\/#\\\/schema\\\/logo\\\/image\\\/\",\"url\":\"https:\\\/\\\/www.annamardo.de\\\/wp-content\\\/uploads\\\/2021\\\/12\\\/Logo_Anna_Mardo_berghochzeiten.png\",\"contentUrl\":\"https:\\\/\\\/www.annamardo.de\\\/wp-content\\\/uploads\\\/2021\\\/12\\\/Logo_Anna_Mardo_berghochzeiten.png\",\"width\":1000,\"height\":655,\"caption\":\"Anna Mardo Hochzeitsfotografie\"},\"image\":{\"@id\":\"https:\\\/\\\/www.annamardo.de\\\/#\\\/schema\\\/logo\\\/image\\\/\"},\"sameAs\":[\"https:\\\/\\\/www.facebook.com\\\/AnnaMardoHochzeitsfotografie\\\/\",\"https:\\\/\\\/www.instagram.com\\\/annamardo\\\/\"]},{\"@type\":\"Person\",\"@id\":\"https:\\\/\\\/www.annamardo.de\\\/#\\\/schema\\\/person\\\/c3ae0c10a19a6067a617804bb8bc64a7\",\"name\":\"Anna Mardo\",\"description\":\"Fotografin f\u00fcr Berghochzeiten\",\"sameAs\":[\"https:\\\/\\\/www.annamardo.de\",\"https:\\\/\\\/www.facebook.com\\\/AnnaMardoHochzeitsfotografie\\\/\",\"https:\\\/\\\/www.instagram.com\\\/annamardo\\\/\",\"https:\\\/\\\/de.pinterest.com\\\/annamardo\"],\"url\":\"https:\\\/\\\/www.annamardo.de\\\/en\\\/author\\\/antje210\\\/\"}]}<\/script>\n<!-- \/ Yoast SEO plugin. -->","yoast_head_json":{"title":"Romantische Hochzeit in der Lenderstuben in Balzhausen","description":"Eine coole und romantische Scheunen Hochzeit in der Lenderstubenin Balzhausen mit Lichthimmel und interessanten Br\u00e4uchen.","robots":{"index":"index","follow":"follow","max-snippet":"max-snippet:-1","max-image-preview":"max-image-preview:large","max-video-preview":"max-video-preview:-1"},"canonical":"https:\/\/www.annamardo.de\/lenderstuben-balzhausen-hochzeit\/","og_locale":"en_US","og_type":"article","og_title":"Romantische Hochzeit in der Lenderstuben in Balzhausen","og_description":"Eine coole und romantische Scheunen Hochzeit in der Lenderstubenin Balzhausen mit Lichthimmel und interessanten Br\u00e4uchen.","og_url":"https:\/\/www.annamardo.de\/lenderstuben-balzhausen-hochzeit\/","og_site_name":"Anna Mardo Hochzeitsfotografie","article_publisher":"https:\/\/www.facebook.com\/AnnaMardoHochzeitsfotografie\/","article_author":"https:\/\/www.facebook.com\/AnnaMardoHochzeitsfotografie\/","article_published_time":"2021-01-10T04:00:48+00:00","article_modified_time":"2025-01-16T12:49:23+00:00","og_image":[{"width":1500,"height":1000,"url":"https:\/\/www.annamardo.de\/wp-content\/uploads\/2020\/12\/55_Scheunenhochzeit-Bayern.jpg","type":"image\/jpeg"}],"author":"Anna Mardo","twitter_card":"summary_large_image","twitter_misc":{"Written by":"Anna Mardo","Est. reading time":"17 minutes"},"schema":{"@context":"https:\/\/schema.org","@graph":[{"@type":"Article","@id":"https:\/\/www.annamardo.de\/lenderstuben-balzhausen-hochzeit\/#article","isPartOf":{"@id":"https:\/\/www.annamardo.de\/lenderstuben-balzhausen-hochzeit\/"},"author":{"name":"Anna Mardo","@id":"https:\/\/www.annamardo.de\/#\/schema\/person\/c3ae0c10a19a6067a617804bb8bc64a7"},"headline":"Hochzeit in der Lenderstuben in Balzhausen","datePublished":"2021-01-10T04:00:48+00:00","dateModified":"2025-01-16T12:49:23+00:00","mainEntityOfPage":{"@id":"https:\/\/www.annamardo.de\/lenderstuben-balzhausen-hochzeit\/"},"wordCount":457,"commentCount":4,"publisher":{"@id":"https:\/\/www.annamardo.de\/#organization"},"image":{"@id":"https:\/\/www.annamardo.de\/lenderstuben-balzhausen-hochzeit\/#primaryimage"},"thumbnailUrl":"https:\/\/www.annamardo.de\/wp-content\/uploads\/2020\/12\/55_Scheunenhochzeit-Bayern.jpg","keywords":["Hochzeit"],"articleSection":["Hochzeit"],"inLanguage":"en-US","potentialAction":[{"@type":"CommentAction","name":"Comment","target":["https:\/\/www.annamardo.de\/lenderstuben-balzhausen-hochzeit\/#respond"]}]},{"@type":"WebPage","@id":"https:\/\/www.annamardo.de\/lenderstuben-balzhausen-hochzeit\/","url":"https:\/\/www.annamardo.de\/lenderstuben-balzhausen-hochzeit\/","name":"Romantische Hochzeit in der Lenderstuben in Balzhausen","isPartOf":{"@id":"https:\/\/www.annamardo.de\/#website"},"primaryImageOfPage":{"@id":"https:\/\/www.annamardo.de\/lenderstuben-balzhausen-hochzeit\/#primaryimage"},"image":{"@id":"https:\/\/www.annamardo.de\/lenderstuben-balzhausen-hochzeit\/#primaryimage"},"thumbnailUrl":"https:\/\/www.annamardo.de\/wp-content\/uploads\/2020\/12\/55_Scheunenhochzeit-Bayern.jpg","datePublished":"2021-01-10T04:00:48+00:00","dateModified":"2025-01-16T12:49:23+00:00","description":"Eine coole und romantische Scheunen Hochzeit in der Lenderstubenin Balzhausen mit Lichthimmel und interessanten Br\u00e4uchen.","breadcrumb":{"@id":"https:\/\/www.annamardo.de\/lenderstuben-balzhausen-hochzeit\/#breadcrumb"},"inLanguage":"en-US","potentialAction":[{"@type":"ReadAction","target":["https:\/\/www.annamardo.de\/lenderstuben-balzhausen-hochzeit\/"]}]},{"@type":"ImageObject","inLanguage":"en-US","@id":"https:\/\/www.annamardo.de\/lenderstuben-balzhausen-hochzeit\/#primaryimage","url":"https:\/\/www.annamardo.de\/wp-content\/uploads\/2020\/12\/55_Scheunenhochzeit-Bayern.jpg","contentUrl":"https:\/\/www.annamardo.de\/wp-content\/uploads\/2020\/12\/55_Scheunenhochzeit-Bayern.jpg","width":1500,"height":1000,"caption":"Scheunenhochzeit in Bayern"},{"@type":"BreadcrumbList","@id":"https:\/\/www.annamardo.de\/lenderstuben-balzhausen-hochzeit\/#breadcrumb","itemListElement":[{"@type":"ListItem","position":1,"name":"Startseite","item":"https:\/\/www.annamardo.de\/en\/"},{"@type":"ListItem","position":2,"name":"Hochzeit in der Lenderstuben in Balzhausen"}]},{"@type":"WebSite","@id":"https:\/\/www.annamardo.de\/#website","url":"https:\/\/www.annamardo.de\/","name":"Anna Mardo Hochzeitsfotografie","description":"Berghochzeiten &amp; Hochzeiten im Oberland","publisher":{"@id":"https:\/\/www.annamardo.de\/#organization"},"potentialAction":[{"@type":"SearchAction","target":{"@type":"EntryPoint","urlTemplate":"https:\/\/www.annamardo.de\/?s={search_term_string}"},"query-input":{"@type":"PropertyValueSpecification","valueRequired":true,"valueName":"search_term_string"}}],"inLanguage":"en-US"},{"@type":"Organization","@id":"https:\/\/www.annamardo.de\/#organization","name":"Anna Mardo Hochzeitsfotografie","url":"https:\/\/www.annamardo.de\/","logo":{"@type":"ImageObject","inLanguage":"en-US","@id":"https:\/\/www.annamardo.de\/#\/schema\/logo\/image\/","url":"https:\/\/www.annamardo.de\/wp-content\/uploads\/2021\/12\/Logo_Anna_Mardo_berghochzeiten.png","contentUrl":"https:\/\/www.annamardo.de\/wp-content\/uploads\/2021\/12\/Logo_Anna_Mardo_berghochzeiten.png","width":1000,"height":655,"caption":"Anna Mardo Hochzeitsfotografie"},"image":{"@id":"https:\/\/www.annamardo.de\/#\/schema\/logo\/image\/"},"sameAs":["https:\/\/www.facebook.com\/AnnaMardoHochzeitsfotografie\/","https:\/\/www.instagram.com\/annamardo\/"]},{"@type":"Person","@id":"https:\/\/www.annamardo.de\/#\/schema\/person\/c3ae0c10a19a6067a617804bb8bc64a7","name":"Anna Mardo","description":"Fotografin f\u00fcr Berghochzeiten","sameAs":["https:\/\/www.annamardo.de","https:\/\/www.facebook.com\/AnnaMardoHochzeitsfotografie\/","https:\/\/www.instagram.com\/annamardo\/","https:\/\/de.pinterest.com\/annamardo"],"url":"https:\/\/www.annamardo.de\/en\/author\/antje210\/"}]}},"_links":{"self":[{"href":"https:\/\/www.annamardo.de\/en\/wp-json\/wp\/v2\/posts\/11990","targetHints":{"allow":["GET"]}}],"collection":[{"href":"https:\/\/www.annamardo.de\/en\/wp-json\/wp\/v2\/posts"}],"about":[{"href":"https:\/\/www.annamardo.de\/en\/wp-json\/wp\/v2\/types\/post"}],"author":[{"embeddable":true,"href":"https:\/\/www.annamardo.de\/en\/wp-json\/wp\/v2\/users\/1"}],"replies":[{"embeddable":true,"href":"https:\/\/www.annamardo.de\/en\/wp-json\/wp\/v2\/comments?post=11990"}],"version-history":[{"count":6,"href":"https:\/\/www.annamardo.de\/en\/wp-json\/wp\/v2\/posts\/11990\/revisions"}],"predecessor-version":[{"id":23790,"href":"https:\/\/www.annamardo.de\/en\/wp-json\/wp\/v2\/posts\/11990\/revisions\/23790"}],"wp:featuredmedia":[{"embeddable":true,"href":"https:\/\/www.annamardo.de\/en\/wp-json\/wp\/v2\/media\/12045"}],"wp:attachment":[{"href":"https:\/\/www.annamardo.de\/en\/wp-json\/wp\/v2\/media?parent=11990"}],"wp:term":[{"taxonomy":"category","embeddable":true,"href":"https:\/\/www.annamardo.de\/en\/wp-json\/wp\/v2\/categories?post=11990"},{"taxonomy":"post_tag","embeddable":true,"href":"https:\/\/www.annamardo.de\/en\/wp-json\/wp\/v2\/tags?post=11990"}],"curies":[{"name":"wp","href":"https:\/\/api.w.org\/{rel}","templated":true}]}}