{"id":11528,"date":"2020-11-01T06:00:13","date_gmt":"2020-11-01T04:00:13","guid":{"rendered":"https:\/\/www.annamardo.de\/?p=11528"},"modified":"2024-02-08T14:21:07","modified_gmt":"2024-02-08T13:21:07","slug":"standesamtliche-hochzeit-augsburg","status":"publish","type":"post","link":"https:\/\/www.annamardo.de\/en\/standesamtliche-hochzeit-augsburg\/","title":{"rendered":"Standesamtliche Hochzeit im Standesamt Augsburg"},"content":{"rendered":"\n<h2 class=\"wp-block-heading\">Trauung im Hotel Drei Mohren im Zentrum von Augsburg<\/h2>\n\n\n\n<p>An einem k\u00fchlen Septembermorgen ging es f\u00fcr Anna und Alex mit ihrem Mercedes Oldtimer in die Innenstadt von Augsburg zum Standesamt f\u00fcr die standesamtliche Hochzeit. Aufgrund der Sanierung fanden diese zum Zeitpunkt im <a href=\"https:\/\/www.augsburg.de\/buergerservice-rathaus\/rathaus\/heiraten-in-augsburg\" target=\"_blank\" rel=\"noopener noreferrer\">Hotel Drei Mohren<\/a> statt. Hier wurden sie bereits von der Familie und dem Standesbeamten vor dem Standesamt Augsburg empfangen.<\/p>\n\n\n\n<p>Mein Brautpaar habe ich ein paar Monate vorher bei unseren Kennenlernen zum ersten Mal getroffen und die Chemie stimmte sofort. Anna lebte zu dieser Zeit noch in Schottland, wodurch wir gleich Reisegeschichten austauschen konnten. Am Ende habe ich mich nat\u00fcrlich sehr gefreut, dass ich dabei sein durfte. Die Hochzeit selbst war im kleinen Rahmen mit nicht allzu vielen G\u00e4sten und neben der Trauung im Standesamt gab es eine sch\u00f6ne Feier. Als ich nach der Hochzeit dann noch so ein wunderbares Feedback erhalten habe war ich ger\u00fchrt.<\/p>\n\n\n\n<h2 class=\"wp-block-heading\">Kundenstimme von Anna &amp; Alex<\/h2>\n\n\n\n<p><em>&#8220;Die Vorbereitungen f\u00fcr eine Hochzeit k\u00f6nnen einem schon einiges abverlangen \u2013 da war es gut, dass uns Anna von einer Freundin empfohlen wurde. Da meine Freundin so begeistert war, haben wir uns dazu entschlossen, uns einmal mit Anna zu treffen und unsere Vorstellungen mit ihr auszutauschen. Schon bei diesem \u201eBeschnuppern\u201c haben wir uns super wohl gef\u00fchlt. So war die Entscheidung \u00fcberhaupt nicht schwer. Einige Tage vor der Hochzeit bin ich \u00fcber Skype nochmal meine W\u00fcnsche mit Anna durchgegangen. Das war super weil ich mir so am Hochzeitstag selbst keine Gedanken mehr machen musste.<\/em><\/p>\n\n\n\n<p><em>An unserem gro\u00dfen Tag hat sich Anna einfach super unaufdringlich und charmant in die Hochzeitsgesellschaft eingef\u00fcgt und so manchen tollen Schnappschuss eingefangen. Sie hat einfach alle Momente f\u00fcr uns festgehalten. Unsere W\u00fcnsche wurden auf ganzer Linie erf\u00fcllt. Auch bei unseren Paarfotos haben wir uns sehr wohlgef\u00fchlt, obwohl wir beide uns vor der Kamera normalerweise eher unwohl f\u00fchlen. Doch mit Anna keine Spur davon!<\/em><\/p>\n\n\n\n<p><em>Als wir dann unsere Fotos bekommen haben und mit unserer Familie angeschaut haben, ist schon die ein oder andere Freudentr\u00e4ne geflossen, als wir diesen wundersch\u00f6nen Tag in aller Ruhe und aus vielen Perspektiven noch einmal Revue passieren lassen konnten. Die Bilder sind einfach wundersch\u00f6n und zeigen uns einfach so wie wir sind.<\/em><\/p>\n\n\n\n<p><em>Wir k\u00f6nnen Anna aus voller \u00dcberzeugung weiterempfehlen und hoffen, dass sie auch in Zukunft noch \u00f6fter f\u00fcr uns Momente einfangen wird.<\/em><\/p>\n\n\n\n<p><em>Vielen Danke liebe Anna, dass du unseren Hochzeitstag f\u00fcr uns unvergesslich werden hast lassen!&#8221;<\/em><\/p>\n\n\n\n<h2 class=\"wp-block-heading\">Ein rundum perfekter Hochzeitstag<\/h2>\n\n\n\n<div>Doch nun den Hochzeitstag von vorne! Nachdem bei der standesamtlichen Hochzeit JA gesagt wurde und ein paar Tr\u00e4nchen vergossen waren, ging es f\u00fcr die meisten von uns zu Fu\u00df zum <a href=\"https:\/\/www.ratskeller-augsburg.de\" target=\"_blank\" rel=\"noopener noreferrer\">Ratskeller<\/a>, wo der Sektempfang auf uns wartete. Nach Sekt, St\u00e4rkung, einer kleinen Einlage und nat\u00fcrlich den Gratulationen standen Familienbilder auf dem Plan. Die Paarbilder der beiden folgten im Anschluss. Daf\u00fcr haben wir uns ein bisschen von der Hochzeitsgesellschaft verabschiedet und die sch\u00f6nen Ecken der Augsburger Innenstadt genutzt. Zur\u00fcck im Ratskeller musste dann nur noch die Hochzeitstorte angeschnitten werden. Den Abends lie\u00dfen sie dann ohne meine Begleitung ausklingen.<\/div>\n\n\n\n<figure class=\"wp-block-image size-full\"><img loading=\"lazy\" decoding=\"async\" width=\"1500\" height=\"999\" src=\"https:\/\/www.annamardo.de\/wp-content\/uploads\/2020\/09\/01_Hochzeitsfotograf_Augsburg.jpg\" alt=\"Hochzeitsfotograf Augsburg\" class=\"wp-image-11529\" srcset=\"https:\/\/www.annamardo.de\/wp-content\/uploads\/2020\/09\/01_Hochzeitsfotograf_Augsburg.jpg 1500w, https:\/\/www.annamardo.de\/wp-content\/uploads\/2020\/09\/01_Hochzeitsfotograf_Augsburg-300x200.jpg 300w, https:\/\/www.annamardo.de\/wp-content\/uploads\/2020\/09\/01_Hochzeitsfotograf_Augsburg-1024x682.jpg 1024w, https:\/\/www.annamardo.de\/wp-content\/uploads\/2020\/09\/01_Hochzeitsfotograf_Augsburg-768x511.jpg 768w\" sizes=\"auto, (max-width: 1500px) 100vw, 1500px\" \/><\/figure>\n\n\n\n<figure class=\"wp-block-image size-full\"><img loading=\"lazy\" decoding=\"async\" width=\"1500\" height=\"2251\" src=\"https:\/\/www.annamardo.de\/wp-content\/uploads\/2020\/09\/02_Hochzeit_Augsburg_Standeamt.jpg\" alt=\"Hochzeit im Standesamt Augsburg\" class=\"wp-image-11530\" srcset=\"https:\/\/www.annamardo.de\/wp-content\/uploads\/2020\/09\/02_Hochzeit_Augsburg_Standeamt.jpg 1500w, https:\/\/www.annamardo.de\/wp-content\/uploads\/2020\/09\/02_Hochzeit_Augsburg_Standeamt-200x300.jpg 200w, https:\/\/www.annamardo.de\/wp-content\/uploads\/2020\/09\/02_Hochzeit_Augsburg_Standeamt-682x1024.jpg 682w, https:\/\/www.annamardo.de\/wp-content\/uploads\/2020\/09\/02_Hochzeit_Augsburg_Standeamt-768x1153.jpg 768w, https:\/\/www.annamardo.de\/wp-content\/uploads\/2020\/09\/02_Hochzeit_Augsburg_Standeamt-1024x1536.jpg 1024w, https:\/\/www.annamardo.de\/wp-content\/uploads\/2020\/09\/02_Hochzeit_Augsburg_Standeamt-1365x2048.jpg 1365w\" sizes=\"auto, (max-width: 1500px) 100vw, 1500px\" \/><\/figure>\n\n\n\n<figure class=\"wp-block-image size-full\"><img loading=\"lazy\" decoding=\"async\" width=\"1500\" height=\"999\" src=\"https:\/\/www.annamardo.de\/wp-content\/uploads\/2020\/09\/03_Hochzeitsreportage_Standesamtliche_Hochzeit_Augsburg.jpg\" alt=\"Standesamtliche Hochzeit Augsburg\" class=\"wp-image-11531\" srcset=\"https:\/\/www.annamardo.de\/wp-content\/uploads\/2020\/09\/03_Hochzeitsreportage_Standesamtliche_Hochzeit_Augsburg.jpg 1500w, https:\/\/www.annamardo.de\/wp-content\/uploads\/2020\/09\/03_Hochzeitsreportage_Standesamtliche_Hochzeit_Augsburg-300x200.jpg 300w, https:\/\/www.annamardo.de\/wp-content\/uploads\/2020\/09\/03_Hochzeitsreportage_Standesamtliche_Hochzeit_Augsburg-1024x682.jpg 1024w, https:\/\/www.annamardo.de\/wp-content\/uploads\/2020\/09\/03_Hochzeitsreportage_Standesamtliche_Hochzeit_Augsburg-768x511.jpg 768w\" sizes=\"auto, (max-width: 1500px) 100vw, 1500px\" \/><\/figure>\n\n\n\n<figure class=\"wp-block-image size-full\"><img loading=\"lazy\" decoding=\"async\" width=\"1500\" height=\"999\" src=\"https:\/\/www.annamardo.de\/wp-content\/uploads\/2020\/09\/04_Hochzeit_Augsburg.jpg\" alt=\"Hochzeit in Augsburg\" class=\"wp-image-11532\" srcset=\"https:\/\/www.annamardo.de\/wp-content\/uploads\/2020\/09\/04_Hochzeit_Augsburg.jpg 1500w, https:\/\/www.annamardo.de\/wp-content\/uploads\/2020\/09\/04_Hochzeit_Augsburg-300x200.jpg 300w, https:\/\/www.annamardo.de\/wp-content\/uploads\/2020\/09\/04_Hochzeit_Augsburg-1024x682.jpg 1024w, https:\/\/www.annamardo.de\/wp-content\/uploads\/2020\/09\/04_Hochzeit_Augsburg-768x511.jpg 768w\" sizes=\"auto, (max-width: 1500px) 100vw, 1500px\" \/><\/figure>\n\n\n\n<figure class=\"wp-block-image\"><img loading=\"lazy\" decoding=\"async\" width=\"1500\" height=\"687\" src=\"https:\/\/www.annamardo.de\/wp-content\/uploads\/2020\/09\/05_Standeamt_Hotel_Drei-Mohren_Augsburg.jpg\" alt=\"Standesamt im Hotel Drei Mohren in Augsburg\" class=\"wp-image-11533\" srcset=\"https:\/\/www.annamardo.de\/wp-content\/uploads\/2020\/09\/05_Standeamt_Hotel_Drei-Mohren_Augsburg.jpg 1500w, https:\/\/www.annamardo.de\/wp-content\/uploads\/2020\/09\/05_Standeamt_Hotel_Drei-Mohren_Augsburg-300x137.jpg 300w, https:\/\/www.annamardo.de\/wp-content\/uploads\/2020\/09\/05_Standeamt_Hotel_Drei-Mohren_Augsburg-1024x469.jpg 1024w, https:\/\/www.annamardo.de\/wp-content\/uploads\/2020\/09\/05_Standeamt_Hotel_Drei-Mohren_Augsburg-768x352.jpg 768w\" sizes=\"auto, (max-width: 1500px) 100vw, 1500px\" \/><\/figure>\n\n\n\n<figure class=\"wp-block-image size-full\"><img loading=\"lazy\" decoding=\"async\" width=\"1500\" height=\"999\" src=\"https:\/\/www.annamardo.de\/wp-content\/uploads\/2020\/09\/06_Hochzeit_Fotograf_Augsburg.jpg\" alt=\"Fotograf Hochzeit Augsburg\" class=\"wp-image-11534\" srcset=\"https:\/\/www.annamardo.de\/wp-content\/uploads\/2020\/09\/06_Hochzeit_Fotograf_Augsburg.jpg 1500w, https:\/\/www.annamardo.de\/wp-content\/uploads\/2020\/09\/06_Hochzeit_Fotograf_Augsburg-300x200.jpg 300w, https:\/\/www.annamardo.de\/wp-content\/uploads\/2020\/09\/06_Hochzeit_Fotograf_Augsburg-1024x682.jpg 1024w, https:\/\/www.annamardo.de\/wp-content\/uploads\/2020\/09\/06_Hochzeit_Fotograf_Augsburg-768x511.jpg 768w\" sizes=\"auto, (max-width: 1500px) 100vw, 1500px\" \/><\/figure>\n\n\n\n<figure class=\"wp-block-image size-full\"><img loading=\"lazy\" decoding=\"async\" width=\"1500\" height=\"999\" src=\"https:\/\/www.annamardo.de\/wp-content\/uploads\/2020\/09\/07_Trauung_Standesamt_Hochzeit_Augsburg.jpg\" alt=\"Standesamtliche Trauung im drei Mohren\" class=\"wp-image-11535\" srcset=\"https:\/\/www.annamardo.de\/wp-content\/uploads\/2020\/09\/07_Trauung_Standesamt_Hochzeit_Augsburg.jpg 1500w, https:\/\/www.annamardo.de\/wp-content\/uploads\/2020\/09\/07_Trauung_Standesamt_Hochzeit_Augsburg-300x200.jpg 300w, https:\/\/www.annamardo.de\/wp-content\/uploads\/2020\/09\/07_Trauung_Standesamt_Hochzeit_Augsburg-1024x682.jpg 1024w, https:\/\/www.annamardo.de\/wp-content\/uploads\/2020\/09\/07_Trauung_Standesamt_Hochzeit_Augsburg-768x511.jpg 768w\" sizes=\"auto, (max-width: 1500px) 100vw, 1500px\" \/><\/figure>\n\n\n\n<figure class=\"wp-block-image size-full\"><img loading=\"lazy\" decoding=\"async\" width=\"1500\" height=\"999\" src=\"https:\/\/www.annamardo.de\/wp-content\/uploads\/2020\/09\/08_Augsburg_Standesamt_Hochzeitsfotografie.jpg\" alt=\"Standesamtliche Hochzeit augsburg\" class=\"wp-image-11536\" srcset=\"https:\/\/www.annamardo.de\/wp-content\/uploads\/2020\/09\/08_Augsburg_Standesamt_Hochzeitsfotografie.jpg 1500w, https:\/\/www.annamardo.de\/wp-content\/uploads\/2020\/09\/08_Augsburg_Standesamt_Hochzeitsfotografie-300x200.jpg 300w, https:\/\/www.annamardo.de\/wp-content\/uploads\/2020\/09\/08_Augsburg_Standesamt_Hochzeitsfotografie-1024x682.jpg 1024w, https:\/\/www.annamardo.de\/wp-content\/uploads\/2020\/09\/08_Augsburg_Standesamt_Hochzeitsfotografie-768x511.jpg 768w\" sizes=\"auto, (max-width: 1500px) 100vw, 1500px\" \/><\/figure>\n\n\n\n<figure class=\"wp-block-image size-full\"><img loading=\"lazy\" decoding=\"async\" width=\"1500\" height=\"1001\" src=\"https:\/\/www.annamardo.de\/wp-content\/uploads\/2020\/09\/09_Augsburg_Standesamt_Hochzeitsfotografie.jpg\" alt=\"Augsburg Standesamt\" class=\"wp-image-11537\" srcset=\"https:\/\/www.annamardo.de\/wp-content\/uploads\/2020\/09\/09_Augsburg_Standesamt_Hochzeitsfotografie.jpg 1500w, https:\/\/www.annamardo.de\/wp-content\/uploads\/2020\/09\/09_Augsburg_Standesamt_Hochzeitsfotografie-300x200.jpg 300w, https:\/\/www.annamardo.de\/wp-content\/uploads\/2020\/09\/09_Augsburg_Standesamt_Hochzeitsfotografie-1024x683.jpg 1024w, https:\/\/www.annamardo.de\/wp-content\/uploads\/2020\/09\/09_Augsburg_Standesamt_Hochzeitsfotografie-768x513.jpg 768w\" sizes=\"auto, (max-width: 1500px) 100vw, 1500px\" \/><\/figure>\n\n\n\n<figure class=\"wp-block-image size-full\"><img loading=\"lazy\" decoding=\"async\" width=\"1500\" height=\"496\" src=\"https:\/\/www.annamardo.de\/wp-content\/uploads\/2020\/09\/10_Hotel-Drei-Mohren_Augsburg_Standesamt.jpg\" alt=\"Hotel Drei Morgen Standesamt in Augsburg\" class=\"wp-image-11538\" srcset=\"https:\/\/www.annamardo.de\/wp-content\/uploads\/2020\/09\/10_Hotel-Drei-Mohren_Augsburg_Standesamt.jpg 1500w, https:\/\/www.annamardo.de\/wp-content\/uploads\/2020\/09\/10_Hotel-Drei-Mohren_Augsburg_Standesamt-300x99.jpg 300w, https:\/\/www.annamardo.de\/wp-content\/uploads\/2020\/09\/10_Hotel-Drei-Mohren_Augsburg_Standesamt-1024x339.jpg 1024w, https:\/\/www.annamardo.de\/wp-content\/uploads\/2020\/09\/10_Hotel-Drei-Mohren_Augsburg_Standesamt-768x254.jpg 768w\" sizes=\"auto, (max-width: 1500px) 100vw, 1500px\" \/><\/figure>\n\n\n\n<figure class=\"wp-block-image size-full\"><img loading=\"lazy\" decoding=\"async\" width=\"1500\" height=\"999\" src=\"https:\/\/www.annamardo.de\/wp-content\/uploads\/2020\/09\/11_Augsburg_Hochzeitsfotografie.jpg\" alt=\"Hochzeitsfotografie in Augsburg\" class=\"wp-image-11539\" srcset=\"https:\/\/www.annamardo.de\/wp-content\/uploads\/2020\/09\/11_Augsburg_Hochzeitsfotografie.jpg 1500w, https:\/\/www.annamardo.de\/wp-content\/uploads\/2020\/09\/11_Augsburg_Hochzeitsfotografie-300x200.jpg 300w, https:\/\/www.annamardo.de\/wp-content\/uploads\/2020\/09\/11_Augsburg_Hochzeitsfotografie-1024x682.jpg 1024w, https:\/\/www.annamardo.de\/wp-content\/uploads\/2020\/09\/11_Augsburg_Hochzeitsfotografie-768x511.jpg 768w\" sizes=\"auto, (max-width: 1500px) 100vw, 1500px\" \/><\/figure>\n\n\n\n<figure class=\"wp-block-image size-full\"><img loading=\"lazy\" decoding=\"async\" width=\"1500\" height=\"999\" src=\"https:\/\/www.annamardo.de\/wp-content\/uploads\/2020\/09\/12_Augsburg_urbane_Stadthochzeit.jpg\" alt=\"Urbane Stadthochzeit in Augsburg\" class=\"wp-image-11540\" srcset=\"https:\/\/www.annamardo.de\/wp-content\/uploads\/2020\/09\/12_Augsburg_urbane_Stadthochzeit.jpg 1500w, https:\/\/www.annamardo.de\/wp-content\/uploads\/2020\/09\/12_Augsburg_urbane_Stadthochzeit-300x200.jpg 300w, https:\/\/www.annamardo.de\/wp-content\/uploads\/2020\/09\/12_Augsburg_urbane_Stadthochzeit-1024x682.jpg 1024w, https:\/\/www.annamardo.de\/wp-content\/uploads\/2020\/09\/12_Augsburg_urbane_Stadthochzeit-768x511.jpg 768w\" sizes=\"auto, (max-width: 1500px) 100vw, 1500px\" \/><\/figure>\n\n\n\n<figure class=\"wp-block-image size-full\"><img loading=\"lazy\" decoding=\"async\" width=\"1500\" height=\"1001\" src=\"https:\/\/www.annamardo.de\/wp-content\/uploads\/2020\/09\/13_Hochzeit_Trauung_Augsburg.jpg\" alt=\"Standesamtliche Hochzeit in Augsburg\" class=\"wp-image-11541\" srcset=\"https:\/\/www.annamardo.de\/wp-content\/uploads\/2020\/09\/13_Hochzeit_Trauung_Augsburg.jpg 1500w, https:\/\/www.annamardo.de\/wp-content\/uploads\/2020\/09\/13_Hochzeit_Trauung_Augsburg-300x200.jpg 300w, https:\/\/www.annamardo.de\/wp-content\/uploads\/2020\/09\/13_Hochzeit_Trauung_Augsburg-1024x683.jpg 1024w, https:\/\/www.annamardo.de\/wp-content\/uploads\/2020\/09\/13_Hochzeit_Trauung_Augsburg-768x513.jpg 768w\" sizes=\"auto, (max-width: 1500px) 100vw, 1500px\" \/><\/figure>\n\n\n\n<figure class=\"wp-block-image\"><img loading=\"lazy\" decoding=\"async\" width=\"1500\" height=\"999\" src=\"https:\/\/www.annamardo.de\/wp-content\/uploads\/2020\/09\/14_Hochzeit_Augsburg_Standeamtliche.jpg\" alt=\"Standesamtliche Hochzeit in Augsburg\" class=\"wp-image-11542\" srcset=\"https:\/\/www.annamardo.de\/wp-content\/uploads\/2020\/09\/14_Hochzeit_Augsburg_Standeamtliche.jpg 1500w, https:\/\/www.annamardo.de\/wp-content\/uploads\/2020\/09\/14_Hochzeit_Augsburg_Standeamtliche-300x200.jpg 300w, https:\/\/www.annamardo.de\/wp-content\/uploads\/2020\/09\/14_Hochzeit_Augsburg_Standeamtliche-1024x682.jpg 1024w, https:\/\/www.annamardo.de\/wp-content\/uploads\/2020\/09\/14_Hochzeit_Augsburg_Standeamtliche-768x511.jpg 768w\" sizes=\"auto, (max-width: 1500px) 100vw, 1500px\" \/><\/figure>\n\n\n\n<figure class=\"wp-block-image size-full\"><img loading=\"lazy\" decoding=\"async\" width=\"1500\" height=\"2248\" src=\"https:\/\/www.annamardo.de\/wp-content\/uploads\/2020\/09\/15_Hochzeit_Fotograf_Augsburg.jpg\" alt=\"Hochzeit Fotograf Augsburg Standesamt\" class=\"wp-image-11543\" srcset=\"https:\/\/www.annamardo.de\/wp-content\/uploads\/2020\/09\/15_Hochzeit_Fotograf_Augsburg.jpg 1500w, https:\/\/www.annamardo.de\/wp-content\/uploads\/2020\/09\/15_Hochzeit_Fotograf_Augsburg-200x300.jpg 200w, https:\/\/www.annamardo.de\/wp-content\/uploads\/2020\/09\/15_Hochzeit_Fotograf_Augsburg-683x1024.jpg 683w, https:\/\/www.annamardo.de\/wp-content\/uploads\/2020\/09\/15_Hochzeit_Fotograf_Augsburg-768x1151.jpg 768w, https:\/\/www.annamardo.de\/wp-content\/uploads\/2020\/09\/15_Hochzeit_Fotograf_Augsburg-1025x1536.jpg 1025w, https:\/\/www.annamardo.de\/wp-content\/uploads\/2020\/09\/15_Hochzeit_Fotograf_Augsburg-1367x2048.jpg 1367w\" sizes=\"auto, (max-width: 1500px) 100vw, 1500px\" \/><\/figure>\n\n\n\n<figure class=\"wp-block-image\"><img loading=\"lazy\" decoding=\"async\" width=\"1500\" height=\"2248\" src=\"https:\/\/www.annamardo.de\/wp-content\/uploads\/2020\/09\/16_Stadthochzeit_Augsburg.jpg\" alt=\"Stadthochzeit in Bayern\" class=\"wp-image-11544\" srcset=\"https:\/\/www.annamardo.de\/wp-content\/uploads\/2020\/09\/16_Stadthochzeit_Augsburg.jpg 1500w, https:\/\/www.annamardo.de\/wp-content\/uploads\/2020\/09\/16_Stadthochzeit_Augsburg-200x300.jpg 200w, https:\/\/www.annamardo.de\/wp-content\/uploads\/2020\/09\/16_Stadthochzeit_Augsburg-683x1024.jpg 683w, https:\/\/www.annamardo.de\/wp-content\/uploads\/2020\/09\/16_Stadthochzeit_Augsburg-768x1151.jpg 768w, https:\/\/www.annamardo.de\/wp-content\/uploads\/2020\/09\/16_Stadthochzeit_Augsburg-1025x1536.jpg 1025w, https:\/\/www.annamardo.de\/wp-content\/uploads\/2020\/09\/16_Stadthochzeit_Augsburg-1367x2048.jpg 1367w\" sizes=\"auto, (max-width: 1500px) 100vw, 1500px\" \/><\/figure>\n\n\n\n<figure class=\"wp-block-image size-full\"><img loading=\"lazy\" decoding=\"async\" width=\"1500\" height=\"1001\" src=\"https:\/\/www.annamardo.de\/wp-content\/uploads\/2020\/09\/17_Hochzeit_Augsburg_Ratskeller.jpg\" alt=\"Hochzeit im Ratskeller Augsburg\" class=\"wp-image-11545\" srcset=\"https:\/\/www.annamardo.de\/wp-content\/uploads\/2020\/09\/17_Hochzeit_Augsburg_Ratskeller.jpg 1500w, https:\/\/www.annamardo.de\/wp-content\/uploads\/2020\/09\/17_Hochzeit_Augsburg_Ratskeller-300x200.jpg 300w, https:\/\/www.annamardo.de\/wp-content\/uploads\/2020\/09\/17_Hochzeit_Augsburg_Ratskeller-1024x683.jpg 1024w, https:\/\/www.annamardo.de\/wp-content\/uploads\/2020\/09\/17_Hochzeit_Augsburg_Ratskeller-768x513.jpg 768w\" sizes=\"auto, (max-width: 1500px) 100vw, 1500px\" \/><\/figure>\n\n\n\n<figure class=\"wp-block-image size-full\"><img loading=\"lazy\" decoding=\"async\" width=\"1500\" height=\"687\" src=\"https:\/\/www.annamardo.de\/wp-content\/uploads\/2020\/09\/18_Augsburg_Hochzeit_Ratskeller.jpg\" alt=\"Dekoration Hochzeit Ratskeller\" class=\"wp-image-11546\" srcset=\"https:\/\/www.annamardo.de\/wp-content\/uploads\/2020\/09\/18_Augsburg_Hochzeit_Ratskeller.jpg 1500w, https:\/\/www.annamardo.de\/wp-content\/uploads\/2020\/09\/18_Augsburg_Hochzeit_Ratskeller-300x137.jpg 300w, https:\/\/www.annamardo.de\/wp-content\/uploads\/2020\/09\/18_Augsburg_Hochzeit_Ratskeller-1024x469.jpg 1024w, https:\/\/www.annamardo.de\/wp-content\/uploads\/2020\/09\/18_Augsburg_Hochzeit_Ratskeller-768x352.jpg 768w\" sizes=\"auto, (max-width: 1500px) 100vw, 1500px\" \/><\/figure>\n\n\n\n<figure class=\"wp-block-image size-full\"><img loading=\"lazy\" decoding=\"async\" width=\"1500\" height=\"2248\" src=\"https:\/\/www.annamardo.de\/wp-content\/uploads\/2020\/09\/19_Hochzeitsfeier_Augsburg_Ratskeller.jpg\" alt=\"Hochzeitsfeier in Augsburg\" class=\"wp-image-11547\" srcset=\"https:\/\/www.annamardo.de\/wp-content\/uploads\/2020\/09\/19_Hochzeitsfeier_Augsburg_Ratskeller.jpg 1500w, https:\/\/www.annamardo.de\/wp-content\/uploads\/2020\/09\/19_Hochzeitsfeier_Augsburg_Ratskeller-200x300.jpg 200w, https:\/\/www.annamardo.de\/wp-content\/uploads\/2020\/09\/19_Hochzeitsfeier_Augsburg_Ratskeller-683x1024.jpg 683w, https:\/\/www.annamardo.de\/wp-content\/uploads\/2020\/09\/19_Hochzeitsfeier_Augsburg_Ratskeller-768x1151.jpg 768w, https:\/\/www.annamardo.de\/wp-content\/uploads\/2020\/09\/19_Hochzeitsfeier_Augsburg_Ratskeller-1025x1536.jpg 1025w, https:\/\/www.annamardo.de\/wp-content\/uploads\/2020\/09\/19_Hochzeitsfeier_Augsburg_Ratskeller-1367x2048.jpg 1367w\" sizes=\"auto, (max-width: 1500px) 100vw, 1500px\" \/><\/figure>\n\n\n\n<figure class=\"wp-block-image\"><img loading=\"lazy\" decoding=\"async\" width=\"1500\" height=\"1001\" src=\"https:\/\/www.annamardo.de\/wp-content\/uploads\/2020\/09\/20_Stadthochzeit_Augsburg_Ratskeller.jpg\" alt=\"Hochzeitslocation in Augsburg Ratskeller\" class=\"wp-image-11548\" srcset=\"https:\/\/www.annamardo.de\/wp-content\/uploads\/2020\/09\/20_Stadthochzeit_Augsburg_Ratskeller.jpg 1500w, https:\/\/www.annamardo.de\/wp-content\/uploads\/2020\/09\/20_Stadthochzeit_Augsburg_Ratskeller-300x200.jpg 300w, https:\/\/www.annamardo.de\/wp-content\/uploads\/2020\/09\/20_Stadthochzeit_Augsburg_Ratskeller-1024x683.jpg 1024w, https:\/\/www.annamardo.de\/wp-content\/uploads\/2020\/09\/20_Stadthochzeit_Augsburg_Ratskeller-768x513.jpg 768w\" sizes=\"auto, (max-width: 1500px) 100vw, 1500px\" \/><\/figure>\n\n\n\n<figure class=\"wp-block-image size-full\"><img loading=\"lazy\" decoding=\"async\" width=\"1500\" height=\"1117\" src=\"https:\/\/www.annamardo.de\/wp-content\/uploads\/2020\/09\/21_Augsburg_Sektempfang_Ratskeller.jpg\" alt=\"Sektempfang im Ratskeller\" class=\"wp-image-11549\" srcset=\"https:\/\/www.annamardo.de\/wp-content\/uploads\/2020\/09\/21_Augsburg_Sektempfang_Ratskeller.jpg 1500w, https:\/\/www.annamardo.de\/wp-content\/uploads\/2020\/09\/21_Augsburg_Sektempfang_Ratskeller-300x223.jpg 300w, https:\/\/www.annamardo.de\/wp-content\/uploads\/2020\/09\/21_Augsburg_Sektempfang_Ratskeller-1024x763.jpg 1024w, https:\/\/www.annamardo.de\/wp-content\/uploads\/2020\/09\/21_Augsburg_Sektempfang_Ratskeller-768x572.jpg 768w\" sizes=\"auto, (max-width: 1500px) 100vw, 1500px\" \/><\/figure>\n\n\n\n<figure class=\"wp-block-image size-full\"><img loading=\"lazy\" decoding=\"async\" width=\"1500\" height=\"1001\" src=\"https:\/\/www.annamardo.de\/wp-content\/uploads\/2020\/09\/22_Augsburg_Hochzeitsreportage.jpg\" alt=\"Hochzeitsreportage Augsburg\" class=\"wp-image-11550\" srcset=\"https:\/\/www.annamardo.de\/wp-content\/uploads\/2020\/09\/22_Augsburg_Hochzeitsreportage.jpg 1500w, https:\/\/www.annamardo.de\/wp-content\/uploads\/2020\/09\/22_Augsburg_Hochzeitsreportage-300x200.jpg 300w, https:\/\/www.annamardo.de\/wp-content\/uploads\/2020\/09\/22_Augsburg_Hochzeitsreportage-1024x683.jpg 1024w, https:\/\/www.annamardo.de\/wp-content\/uploads\/2020\/09\/22_Augsburg_Hochzeitsreportage-768x513.jpg 768w\" sizes=\"auto, (max-width: 1500px) 100vw, 1500px\" \/><\/figure>\n\n\n\n<figure class=\"wp-block-image size-full\"><img loading=\"lazy\" decoding=\"async\" width=\"1500\" height=\"496\" src=\"https:\/\/www.annamardo.de\/wp-content\/uploads\/2020\/09\/23_Hochzeit_Augsburg_Ratskeller.jpg\" alt=\"Hochzeit Augsburg\" class=\"wp-image-11551\" srcset=\"https:\/\/www.annamardo.de\/wp-content\/uploads\/2020\/09\/23_Hochzeit_Augsburg_Ratskeller.jpg 1500w, https:\/\/www.annamardo.de\/wp-content\/uploads\/2020\/09\/23_Hochzeit_Augsburg_Ratskeller-300x99.jpg 300w, https:\/\/www.annamardo.de\/wp-content\/uploads\/2020\/09\/23_Hochzeit_Augsburg_Ratskeller-1024x339.jpg 1024w, https:\/\/www.annamardo.de\/wp-content\/uploads\/2020\/09\/23_Hochzeit_Augsburg_Ratskeller-768x254.jpg 768w\" sizes=\"auto, (max-width: 1500px) 100vw, 1500px\" \/><\/figure>\n\n\n\n<figure class=\"wp-block-image size-full\"><img loading=\"lazy\" decoding=\"async\" width=\"1500\" height=\"999\" src=\"https:\/\/www.annamardo.de\/wp-content\/uploads\/2020\/09\/24_Augsburg_Heiraten_Hochzeitsfotograf.jpg\" alt=\"Heiraten in Augsburg\" class=\"wp-image-11552\" srcset=\"https:\/\/www.annamardo.de\/wp-content\/uploads\/2020\/09\/24_Augsburg_Heiraten_Hochzeitsfotograf.jpg 1500w, https:\/\/www.annamardo.de\/wp-content\/uploads\/2020\/09\/24_Augsburg_Heiraten_Hochzeitsfotograf-300x200.jpg 300w, https:\/\/www.annamardo.de\/wp-content\/uploads\/2020\/09\/24_Augsburg_Heiraten_Hochzeitsfotograf-1024x682.jpg 1024w, https:\/\/www.annamardo.de\/wp-content\/uploads\/2020\/09\/24_Augsburg_Heiraten_Hochzeitsfotograf-768x511.jpg 768w\" sizes=\"auto, (max-width: 1500px) 100vw, 1500px\" \/><\/figure>\n\n\n\n<figure class=\"wp-block-image size-full\"><img loading=\"lazy\" decoding=\"async\" width=\"1500\" height=\"1001\" src=\"https:\/\/www.annamardo.de\/wp-content\/uploads\/2020\/09\/26_Augsburg_Hochzeitsfotograf_Ratskeller.jpg\" alt=\"Ratskeller in Augsburg\" class=\"wp-image-11554\" srcset=\"https:\/\/www.annamardo.de\/wp-content\/uploads\/2020\/09\/26_Augsburg_Hochzeitsfotograf_Ratskeller.jpg 1500w, https:\/\/www.annamardo.de\/wp-content\/uploads\/2020\/09\/26_Augsburg_Hochzeitsfotograf_Ratskeller-300x200.jpg 300w, https:\/\/www.annamardo.de\/wp-content\/uploads\/2020\/09\/26_Augsburg_Hochzeitsfotograf_Ratskeller-1024x683.jpg 1024w, https:\/\/www.annamardo.de\/wp-content\/uploads\/2020\/09\/26_Augsburg_Hochzeitsfotograf_Ratskeller-768x513.jpg 768w\" sizes=\"auto, (max-width: 1500px) 100vw, 1500px\" \/><\/figure>\n\n\n\n<figure class=\"wp-block-image\"><img loading=\"lazy\" decoding=\"async\" width=\"1500\" height=\"2248\" src=\"https:\/\/www.annamardo.de\/wp-content\/uploads\/2020\/09\/27_Hochzeit_Hochzeitsreportage_Augsburg.jpg\" alt=\"Hochzeitsreportage in Augsburg\" class=\"wp-image-11555\" srcset=\"https:\/\/www.annamardo.de\/wp-content\/uploads\/2020\/09\/27_Hochzeit_Hochzeitsreportage_Augsburg.jpg 1500w, https:\/\/www.annamardo.de\/wp-content\/uploads\/2020\/09\/27_Hochzeit_Hochzeitsreportage_Augsburg-200x300.jpg 200w, https:\/\/www.annamardo.de\/wp-content\/uploads\/2020\/09\/27_Hochzeit_Hochzeitsreportage_Augsburg-683x1024.jpg 683w, https:\/\/www.annamardo.de\/wp-content\/uploads\/2020\/09\/27_Hochzeit_Hochzeitsreportage_Augsburg-768x1151.jpg 768w, https:\/\/www.annamardo.de\/wp-content\/uploads\/2020\/09\/27_Hochzeit_Hochzeitsreportage_Augsburg-1025x1536.jpg 1025w, https:\/\/www.annamardo.de\/wp-content\/uploads\/2020\/09\/27_Hochzeit_Hochzeitsreportage_Augsburg-1367x2048.jpg 1367w\" sizes=\"auto, (max-width: 1500px) 100vw, 1500px\" \/><\/figure>\n\n\n\n<figure class=\"wp-block-image size-full\"><img loading=\"lazy\" decoding=\"async\" width=\"1500\" height=\"999\" src=\"https:\/\/www.annamardo.de\/wp-content\/uploads\/2020\/09\/28_Ratskeller_Hochzeit_Standesamtliche_Hochzeitsfeier_Augsburg.jpg\" alt=\"Ratskeller Hochzeit\" class=\"wp-image-11556\" srcset=\"https:\/\/www.annamardo.de\/wp-content\/uploads\/2020\/09\/28_Ratskeller_Hochzeit_Standesamtliche_Hochzeitsfeier_Augsburg.jpg 1500w, https:\/\/www.annamardo.de\/wp-content\/uploads\/2020\/09\/28_Ratskeller_Hochzeit_Standesamtliche_Hochzeitsfeier_Augsburg-300x200.jpg 300w, https:\/\/www.annamardo.de\/wp-content\/uploads\/2020\/09\/28_Ratskeller_Hochzeit_Standesamtliche_Hochzeitsfeier_Augsburg-1024x682.jpg 1024w, https:\/\/www.annamardo.de\/wp-content\/uploads\/2020\/09\/28_Ratskeller_Hochzeit_Standesamtliche_Hochzeitsfeier_Augsburg-768x511.jpg 768w\" sizes=\"auto, (max-width: 1500px) 100vw, 1500px\" \/><\/figure>\n\n\n\n<figure class=\"wp-block-image size-full\"><img loading=\"lazy\" decoding=\"async\" width=\"1500\" height=\"999\" src=\"https:\/\/www.annamardo.de\/wp-content\/uploads\/2020\/09\/29_Ratskeller_Hochzeit_Standesamtliche_Hochzeitsfeier_Augsburg.jpg\" alt=\"Emotionale Hochzeit im Ratskeller\" class=\"wp-image-11557\" srcset=\"https:\/\/www.annamardo.de\/wp-content\/uploads\/2020\/09\/29_Ratskeller_Hochzeit_Standesamtliche_Hochzeitsfeier_Augsburg.jpg 1500w, https:\/\/www.annamardo.de\/wp-content\/uploads\/2020\/09\/29_Ratskeller_Hochzeit_Standesamtliche_Hochzeitsfeier_Augsburg-300x200.jpg 300w, https:\/\/www.annamardo.de\/wp-content\/uploads\/2020\/09\/29_Ratskeller_Hochzeit_Standesamtliche_Hochzeitsfeier_Augsburg-1024x682.jpg 1024w, https:\/\/www.annamardo.de\/wp-content\/uploads\/2020\/09\/29_Ratskeller_Hochzeit_Standesamtliche_Hochzeitsfeier_Augsburg-768x511.jpg 768w\" sizes=\"auto, (max-width: 1500px) 100vw, 1500px\" \/><\/figure>\n\n\n\n<figure class=\"wp-block-image size-full\"><img loading=\"lazy\" decoding=\"async\" width=\"1500\" height=\"1001\" src=\"https:\/\/www.annamardo.de\/wp-content\/uploads\/2020\/09\/30_Augsburg_Hochzeitsreportage.jpg\" alt=\"Hochzeitsreportage Augsburg\" class=\"wp-image-11558\" srcset=\"https:\/\/www.annamardo.de\/wp-content\/uploads\/2020\/09\/30_Augsburg_Hochzeitsreportage.jpg 1500w, https:\/\/www.annamardo.de\/wp-content\/uploads\/2020\/09\/30_Augsburg_Hochzeitsreportage-300x200.jpg 300w, https:\/\/www.annamardo.de\/wp-content\/uploads\/2020\/09\/30_Augsburg_Hochzeitsreportage-1024x683.jpg 1024w, https:\/\/www.annamardo.de\/wp-content\/uploads\/2020\/09\/30_Augsburg_Hochzeitsreportage-768x513.jpg 768w\" sizes=\"auto, (max-width: 1500px) 100vw, 1500px\" \/><\/figure>\n\n\n\n<figure class=\"wp-block-image size-full\"><img loading=\"lazy\" decoding=\"async\" width=\"1500\" height=\"2248\" src=\"https:\/\/www.annamardo.de\/wp-content\/uploads\/2020\/09\/31_Hochzeitstorte_Hochzeit_Augsburg.jpg\" alt=\"Hochzeitstorte Augsburg\" class=\"wp-image-11559\" srcset=\"https:\/\/www.annamardo.de\/wp-content\/uploads\/2020\/09\/31_Hochzeitstorte_Hochzeit_Augsburg.jpg 1500w, https:\/\/www.annamardo.de\/wp-content\/uploads\/2020\/09\/31_Hochzeitstorte_Hochzeit_Augsburg-200x300.jpg 200w, https:\/\/www.annamardo.de\/wp-content\/uploads\/2020\/09\/31_Hochzeitstorte_Hochzeit_Augsburg-683x1024.jpg 683w, https:\/\/www.annamardo.de\/wp-content\/uploads\/2020\/09\/31_Hochzeitstorte_Hochzeit_Augsburg-768x1151.jpg 768w, https:\/\/www.annamardo.de\/wp-content\/uploads\/2020\/09\/31_Hochzeitstorte_Hochzeit_Augsburg-1025x1536.jpg 1025w, https:\/\/www.annamardo.de\/wp-content\/uploads\/2020\/09\/31_Hochzeitstorte_Hochzeit_Augsburg-1367x2048.jpg 1367w\" sizes=\"auto, (max-width: 1500px) 100vw, 1500px\" \/><\/figure>\n\n\n\n<figure class=\"wp-block-image\"><img loading=\"lazy\" decoding=\"async\" width=\"1500\" height=\"999\" src=\"https:\/\/www.annamardo.de\/wp-content\/uploads\/2020\/09\/32_Hochzeit_Augsburg_Hochzeitsfotograf.jpg\" alt=\"Hochzeitsfotografie in Augsburg\" class=\"wp-image-11560\" srcset=\"https:\/\/www.annamardo.de\/wp-content\/uploads\/2020\/09\/32_Hochzeit_Augsburg_Hochzeitsfotograf.jpg 1500w, https:\/\/www.annamardo.de\/wp-content\/uploads\/2020\/09\/32_Hochzeit_Augsburg_Hochzeitsfotograf-300x200.jpg 300w, https:\/\/www.annamardo.de\/wp-content\/uploads\/2020\/09\/32_Hochzeit_Augsburg_Hochzeitsfotograf-1024x682.jpg 1024w, https:\/\/www.annamardo.de\/wp-content\/uploads\/2020\/09\/32_Hochzeit_Augsburg_Hochzeitsfotograf-768x511.jpg 768w\" sizes=\"auto, (max-width: 1500px) 100vw, 1500px\" \/><\/figure>\n\n\n\n<figure class=\"wp-block-image size-full\"><img loading=\"lazy\" decoding=\"async\" width=\"1500\" height=\"2248\" src=\"https:\/\/www.annamardo.de\/wp-content\/uploads\/2020\/09\/33_Augsburg_Hochzeitsfotografin.jpg\" alt=\"Hochzeitsfotografin in Augsburg\" class=\"wp-image-11561\" srcset=\"https:\/\/www.annamardo.de\/wp-content\/uploads\/2020\/09\/33_Augsburg_Hochzeitsfotografin.jpg 1500w, https:\/\/www.annamardo.de\/wp-content\/uploads\/2020\/09\/33_Augsburg_Hochzeitsfotografin-200x300.jpg 200w, https:\/\/www.annamardo.de\/wp-content\/uploads\/2020\/09\/33_Augsburg_Hochzeitsfotografin-683x1024.jpg 683w, https:\/\/www.annamardo.de\/wp-content\/uploads\/2020\/09\/33_Augsburg_Hochzeitsfotografin-768x1151.jpg 768w, https:\/\/www.annamardo.de\/wp-content\/uploads\/2020\/09\/33_Augsburg_Hochzeitsfotografin-1025x1536.jpg 1025w, https:\/\/www.annamardo.de\/wp-content\/uploads\/2020\/09\/33_Augsburg_Hochzeitsfotografin-1367x2048.jpg 1367w\" sizes=\"auto, (max-width: 1500px) 100vw, 1500px\" \/><\/figure>\n\n\n\n<figure class=\"wp-block-image size-full\"><img loading=\"lazy\" decoding=\"async\" width=\"1500\" height=\"1001\" src=\"https:\/\/www.annamardo.de\/wp-content\/uploads\/2020\/09\/34_Hochzeitsfotograf_Augsburg.jpg\" alt=\"Stadthochzeit Hochzeitsfotograf\" class=\"wp-image-11562\" srcset=\"https:\/\/www.annamardo.de\/wp-content\/uploads\/2020\/09\/34_Hochzeitsfotograf_Augsburg.jpg 1500w, https:\/\/www.annamardo.de\/wp-content\/uploads\/2020\/09\/34_Hochzeitsfotograf_Augsburg-300x200.jpg 300w, https:\/\/www.annamardo.de\/wp-content\/uploads\/2020\/09\/34_Hochzeitsfotograf_Augsburg-1024x683.jpg 1024w, https:\/\/www.annamardo.de\/wp-content\/uploads\/2020\/09\/34_Hochzeitsfotograf_Augsburg-768x513.jpg 768w\" sizes=\"auto, (max-width: 1500px) 100vw, 1500px\" \/><\/figure>\n\n\n\n<figure class=\"wp-block-image\"><img loading=\"lazy\" decoding=\"async\" width=\"1500\" height=\"2248\" src=\"https:\/\/www.annamardo.de\/wp-content\/uploads\/2020\/09\/35_Brautpaarshooting_Augsburg.jpg\" alt=\"Brautpaarshooting in Augsburg\" class=\"wp-image-11564\" srcset=\"https:\/\/www.annamardo.de\/wp-content\/uploads\/2020\/09\/35_Brautpaarshooting_Augsburg.jpg 1500w, https:\/\/www.annamardo.de\/wp-content\/uploads\/2020\/09\/35_Brautpaarshooting_Augsburg-200x300.jpg 200w, https:\/\/www.annamardo.de\/wp-content\/uploads\/2020\/09\/35_Brautpaarshooting_Augsburg-683x1024.jpg 683w, https:\/\/www.annamardo.de\/wp-content\/uploads\/2020\/09\/35_Brautpaarshooting_Augsburg-768x1151.jpg 768w, https:\/\/www.annamardo.de\/wp-content\/uploads\/2020\/09\/35_Brautpaarshooting_Augsburg-1025x1536.jpg 1025w, https:\/\/www.annamardo.de\/wp-content\/uploads\/2020\/09\/35_Brautpaarshooting_Augsburg-1367x2048.jpg 1367w\" sizes=\"auto, (max-width: 1500px) 100vw, 1500px\" \/><\/figure>\n\n\n\n<figure class=\"wp-block-image size-full\"><img loading=\"lazy\" decoding=\"async\" width=\"1500\" height=\"999\" src=\"https:\/\/www.annamardo.de\/wp-content\/uploads\/2020\/09\/36_Augsburg_Hochzeitsfotos.jpg\" alt=\"Hochzeitsfotos am Schaezlerpalais\" class=\"wp-image-11565\" srcset=\"https:\/\/www.annamardo.de\/wp-content\/uploads\/2020\/09\/36_Augsburg_Hochzeitsfotos.jpg 1500w, https:\/\/www.annamardo.de\/wp-content\/uploads\/2020\/09\/36_Augsburg_Hochzeitsfotos-300x200.jpg 300w, https:\/\/www.annamardo.de\/wp-content\/uploads\/2020\/09\/36_Augsburg_Hochzeitsfotos-1024x682.jpg 1024w, https:\/\/www.annamardo.de\/wp-content\/uploads\/2020\/09\/36_Augsburg_Hochzeitsfotos-768x511.jpg 768w\" sizes=\"auto, (max-width: 1500px) 100vw, 1500px\" \/><\/figure>\n\n\n\n<figure class=\"wp-block-image size-full\"><img loading=\"lazy\" decoding=\"async\" width=\"1500\" height=\"1115\" src=\"https:\/\/www.annamardo.de\/wp-content\/uploads\/2020\/09\/37_Augsburg_Schaezlerpalais_Hochzeitsfotografie.jpg\" alt=\"Schaezlerpalais Augsburg\" class=\"wp-image-11566\" srcset=\"https:\/\/www.annamardo.de\/wp-content\/uploads\/2020\/09\/37_Augsburg_Schaezlerpalais_Hochzeitsfotografie.jpg 1500w, https:\/\/www.annamardo.de\/wp-content\/uploads\/2020\/09\/37_Augsburg_Schaezlerpalais_Hochzeitsfotografie-300x223.jpg 300w, https:\/\/www.annamardo.de\/wp-content\/uploads\/2020\/09\/37_Augsburg_Schaezlerpalais_Hochzeitsfotografie-1024x761.jpg 1024w, https:\/\/www.annamardo.de\/wp-content\/uploads\/2020\/09\/37_Augsburg_Schaezlerpalais_Hochzeitsfotografie-768x571.jpg 768w\" sizes=\"auto, (max-width: 1500px) 100vw, 1500px\" \/><\/figure>\n\n\n\n<figure class=\"wp-block-image size-full\"><img loading=\"lazy\" decoding=\"async\" width=\"1500\" height=\"999\" src=\"https:\/\/www.annamardo.de\/wp-content\/uploads\/2020\/09\/38_Hochzeit_Augsburg.jpg\" alt=\"Hochzeit in Augsburg\" class=\"wp-image-11567\" srcset=\"https:\/\/www.annamardo.de\/wp-content\/uploads\/2020\/09\/38_Hochzeit_Augsburg.jpg 1500w, https:\/\/www.annamardo.de\/wp-content\/uploads\/2020\/09\/38_Hochzeit_Augsburg-300x200.jpg 300w, https:\/\/www.annamardo.de\/wp-content\/uploads\/2020\/09\/38_Hochzeit_Augsburg-1024x682.jpg 1024w, https:\/\/www.annamardo.de\/wp-content\/uploads\/2020\/09\/38_Hochzeit_Augsburg-768x511.jpg 768w\" sizes=\"auto, (max-width: 1500px) 100vw, 1500px\" \/><\/figure>\n\n\n\n<figure class=\"wp-block-image size-full\"><img loading=\"lazy\" decoding=\"async\" width=\"1500\" height=\"2248\" src=\"https:\/\/www.annamardo.de\/wp-content\/uploads\/2020\/09\/39_Braeutigam_Schaezlerpalais_Hochzeit_Augsburg.jpg\" alt=\"Br\u00e4utigam am Schaezlerpalais\" class=\"wp-image-11568\" srcset=\"https:\/\/www.annamardo.de\/wp-content\/uploads\/2020\/09\/39_Braeutigam_Schaezlerpalais_Hochzeit_Augsburg.jpg 1500w, https:\/\/www.annamardo.de\/wp-content\/uploads\/2020\/09\/39_Braeutigam_Schaezlerpalais_Hochzeit_Augsburg-200x300.jpg 200w, https:\/\/www.annamardo.de\/wp-content\/uploads\/2020\/09\/39_Braeutigam_Schaezlerpalais_Hochzeit_Augsburg-683x1024.jpg 683w, https:\/\/www.annamardo.de\/wp-content\/uploads\/2020\/09\/39_Braeutigam_Schaezlerpalais_Hochzeit_Augsburg-768x1151.jpg 768w, https:\/\/www.annamardo.de\/wp-content\/uploads\/2020\/09\/39_Braeutigam_Schaezlerpalais_Hochzeit_Augsburg-1025x1536.jpg 1025w, https:\/\/www.annamardo.de\/wp-content\/uploads\/2020\/09\/39_Braeutigam_Schaezlerpalais_Hochzeit_Augsburg-1367x2048.jpg 1367w\" sizes=\"auto, (max-width: 1500px) 100vw, 1500px\" \/><\/figure>\n\n\n\n<figure class=\"wp-block-image size-full\"><img loading=\"lazy\" decoding=\"async\" width=\"1500\" height=\"2251\" src=\"https:\/\/www.annamardo.de\/wp-content\/uploads\/2020\/09\/40_Stadthochzeit_Augsburg_Brautpaar.jpg\" alt=\"Stadthochzeit in Augsburg\" class=\"wp-image-11569\" srcset=\"https:\/\/www.annamardo.de\/wp-content\/uploads\/2020\/09\/40_Stadthochzeit_Augsburg_Brautpaar.jpg 1500w, https:\/\/www.annamardo.de\/wp-content\/uploads\/2020\/09\/40_Stadthochzeit_Augsburg_Brautpaar-200x300.jpg 200w, https:\/\/www.annamardo.de\/wp-content\/uploads\/2020\/09\/40_Stadthochzeit_Augsburg_Brautpaar-682x1024.jpg 682w, https:\/\/www.annamardo.de\/wp-content\/uploads\/2020\/09\/40_Stadthochzeit_Augsburg_Brautpaar-768x1153.jpg 768w, https:\/\/www.annamardo.de\/wp-content\/uploads\/2020\/09\/40_Stadthochzeit_Augsburg_Brautpaar-1024x1536.jpg 1024w, https:\/\/www.annamardo.de\/wp-content\/uploads\/2020\/09\/40_Stadthochzeit_Augsburg_Brautpaar-1365x2048.jpg 1365w\" sizes=\"auto, (max-width: 1500px) 100vw, 1500px\" \/><\/figure>\n\n\n\n<figure class=\"wp-block-image size-full\"><img loading=\"lazy\" decoding=\"async\" width=\"1500\" height=\"1117\" src=\"https:\/\/www.annamardo.de\/wp-content\/uploads\/2020\/09\/41_Brautpaar_Fotoshooting_Hochzeit_Augsburg.jpg\" alt=\"Fotoshooting an der Hochzeit in Augsburg\" class=\"wp-image-11570\" srcset=\"https:\/\/www.annamardo.de\/wp-content\/uploads\/2020\/09\/41_Brautpaar_Fotoshooting_Hochzeit_Augsburg.jpg 1500w, https:\/\/www.annamardo.de\/wp-content\/uploads\/2020\/09\/41_Brautpaar_Fotoshooting_Hochzeit_Augsburg-300x223.jpg 300w, https:\/\/www.annamardo.de\/wp-content\/uploads\/2020\/09\/41_Brautpaar_Fotoshooting_Hochzeit_Augsburg-1024x763.jpg 1024w, https:\/\/www.annamardo.de\/wp-content\/uploads\/2020\/09\/41_Brautpaar_Fotoshooting_Hochzeit_Augsburg-768x572.jpg 768w\" sizes=\"auto, (max-width: 1500px) 100vw, 1500px\" \/><\/figure>\n\n\n\n<figure class=\"wp-block-image size-full\"><img loading=\"lazy\" decoding=\"async\" width=\"1500\" height=\"1001\" src=\"https:\/\/www.annamardo.de\/wp-content\/uploads\/2020\/09\/42_Stadthochzeit_urbane_Augsburg.jpg\" alt=\"Urbane Stadthochzeit in Augsburg\" class=\"wp-image-11571\" srcset=\"https:\/\/www.annamardo.de\/wp-content\/uploads\/2020\/09\/42_Stadthochzeit_urbane_Augsburg.jpg 1500w, https:\/\/www.annamardo.de\/wp-content\/uploads\/2020\/09\/42_Stadthochzeit_urbane_Augsburg-300x200.jpg 300w, https:\/\/www.annamardo.de\/wp-content\/uploads\/2020\/09\/42_Stadthochzeit_urbane_Augsburg-1024x683.jpg 1024w, https:\/\/www.annamardo.de\/wp-content\/uploads\/2020\/09\/42_Stadthochzeit_urbane_Augsburg-768x513.jpg 768w\" sizes=\"auto, (max-width: 1500px) 100vw, 1500px\" \/><\/figure>\n\n\n\n<figure class=\"wp-block-image size-full\"><img loading=\"lazy\" decoding=\"async\" width=\"1500\" height=\"999\" src=\"https:\/\/www.annamardo.de\/wp-content\/uploads\/2020\/09\/43_Standesamtliche_Hochzeit_Augsburg.jpg\" alt=\"Standesamtliche Hochzeit in Augsburg\" class=\"wp-image-11572\" srcset=\"https:\/\/www.annamardo.de\/wp-content\/uploads\/2020\/09\/43_Standesamtliche_Hochzeit_Augsburg.jpg 1500w, https:\/\/www.annamardo.de\/wp-content\/uploads\/2020\/09\/43_Standesamtliche_Hochzeit_Augsburg-300x200.jpg 300w, https:\/\/www.annamardo.de\/wp-content\/uploads\/2020\/09\/43_Standesamtliche_Hochzeit_Augsburg-1024x682.jpg 1024w, https:\/\/www.annamardo.de\/wp-content\/uploads\/2020\/09\/43_Standesamtliche_Hochzeit_Augsburg-768x511.jpg 768w\" sizes=\"auto, (max-width: 1500px) 100vw, 1500px\" \/><\/figure>\n\n\n\n<figure class=\"wp-block-image size-full\"><img loading=\"lazy\" decoding=\"async\" width=\"1500\" height=\"999\" src=\"https:\/\/www.annamardo.de\/wp-content\/uploads\/2020\/09\/44_Augsburg_Heiraten_Hochzeitsfotografie.jpg\" alt=\"Heiraten in Augsburg\" class=\"wp-image-11573\" srcset=\"https:\/\/www.annamardo.de\/wp-content\/uploads\/2020\/09\/44_Augsburg_Heiraten_Hochzeitsfotografie.jpg 1500w, https:\/\/www.annamardo.de\/wp-content\/uploads\/2020\/09\/44_Augsburg_Heiraten_Hochzeitsfotografie-300x200.jpg 300w, https:\/\/www.annamardo.de\/wp-content\/uploads\/2020\/09\/44_Augsburg_Heiraten_Hochzeitsfotografie-1024x682.jpg 1024w, https:\/\/www.annamardo.de\/wp-content\/uploads\/2020\/09\/44_Augsburg_Heiraten_Hochzeitsfotografie-768x511.jpg 768w\" sizes=\"auto, (max-width: 1500px) 100vw, 1500px\" \/><\/figure>\n\n\n\n<figure class=\"wp-block-image size-full\"><img loading=\"lazy\" decoding=\"async\" width=\"1500\" height=\"999\" src=\"https:\/\/www.annamardo.de\/wp-content\/uploads\/2020\/09\/45_Augsburg_Heiraten_Hochzeitsfotografie.jpg\" alt=\"Hochzeitsfotografie f\u00fcr Bayern\" class=\"wp-image-11574\" srcset=\"https:\/\/www.annamardo.de\/wp-content\/uploads\/2020\/09\/45_Augsburg_Heiraten_Hochzeitsfotografie.jpg 1500w, https:\/\/www.annamardo.de\/wp-content\/uploads\/2020\/09\/45_Augsburg_Heiraten_Hochzeitsfotografie-300x200.jpg 300w, https:\/\/www.annamardo.de\/wp-content\/uploads\/2020\/09\/45_Augsburg_Heiraten_Hochzeitsfotografie-1024x682.jpg 1024w, https:\/\/www.annamardo.de\/wp-content\/uploads\/2020\/09\/45_Augsburg_Heiraten_Hochzeitsfotografie-768x511.jpg 768w\" sizes=\"auto, (max-width: 1500px) 100vw, 1500px\" \/><\/figure>\n\n\n\n<h3 class=\"wp-block-heading\">Folgende Beitr\u00e4ge k\u00f6nnten dich auch interessieren<\/h3>\n\n\n\n<ul class=\"wp-block-list\">\n<li><a href=\"https:\/\/www.annamardo.de\/gut-schwabhof\/\">Hochzeitsreportage im Gut Schwabhof bei Augsburg<\/a><\/li>\n\n\n\n<li><a href=\"https:\/\/www.annamardo.de\/standesamt-schliersee\/\">Standesamtliche Hochzeit in Schliersee<\/a><\/li>\n\n\n\n<li><a href=\"https:\/\/www.annamardo.de\/paarshooting-augsburg\/\">Paarshooting im Wasser bei Augsburg<\/a><\/li>\n<\/ul>\n","protected":false},"excerpt":{"rendered":"<p>Trauung im Hotel Drei Mohren im Zentrum von Augsburg An einem k\u00fchlen Septembermorgen ging es f\u00fcr Anna und Alex mit ihrem Mercedes Oldtimer in die Innenstadt von Augsburg zum Standesamt f\u00fcr die standesamtliche Hochzeit. Aufgrund der Sanierung fanden diese zum Zeitpunkt im Hotel Drei Mohren statt. Hier wurden sie bereits von der Familie und dem&#8230;<\/p>\n","protected":false},"author":1,"featured_media":11571,"comment_status":"open","ping_status":"open","sticky":false,"template":"","format":"standard","meta":{"_kadence_starter_templates_imported_post":false,"_kad_post_transparent":"","_kad_post_title":"","_kad_post_layout":"","_kad_post_sidebar_id":"","_kad_post_content_style":"","_kad_post_vertical_padding":"","_kad_post_feature":"","_kad_post_feature_position":"","_kad_post_header":false,"_kad_post_footer":false,"_kad_post_classname":"","footnotes":""},"categories":[4],"tags":[280,214],"class_list":["post-11528","post","type-post","status-publish","format-standard","has-post-thumbnail","hentry","category-hochzeit","tag-augsburg","tag-hochzeitsfotograf"],"yoast_head":"<!-- This site is optimized with the Yoast SEO plugin v27.4 - https:\/\/yoast.com\/product\/yoast-seo-wordpress\/ -->\n<title>Standesamtliche Hochzeit im Standesamt Augsburg im Drei Mohren<\/title>\n<meta name=\"description\" content=\"Heiraten im Standesamt in Augsburg - Die standesamtliche Hochzeit im Hotel Drei Mohren von Anna &amp; Alex gibt es auf meinem Blog!\" \/>\n<meta name=\"robots\" content=\"index, follow, max-snippet:-1, max-image-preview:large, max-video-preview:-1\" \/>\n<link rel=\"canonical\" href=\"https:\/\/www.annamardo.de\/standesamtliche-hochzeit-augsburg\/\" \/>\n<meta property=\"og:locale\" content=\"en_US\" \/>\n<meta property=\"og:type\" content=\"article\" \/>\n<meta property=\"og:title\" content=\"Standesamtliche Hochzeit im Standesamt Augsburg im Drei Mohren\" \/>\n<meta property=\"og:description\" content=\"Heiraten im Standesamt in Augsburg - Die standesamtliche Hochzeit im Hotel Drei Mohren von Anna &amp; Alex gibt es auf meinem Blog!\" \/>\n<meta property=\"og:url\" content=\"https:\/\/www.annamardo.de\/standesamtliche-hochzeit-augsburg\/\" \/>\n<meta property=\"og:site_name\" content=\"Anna Mardo Hochzeitsfotografie\" \/>\n<meta property=\"article:publisher\" content=\"https:\/\/www.facebook.com\/AnnaMardoHochzeitsfotografie\/\" \/>\n<meta property=\"article:author\" content=\"https:\/\/www.facebook.com\/AnnaMardoHochzeitsfotografie\/\" \/>\n<meta property=\"article:published_time\" content=\"2020-11-01T04:00:13+00:00\" \/>\n<meta property=\"article:modified_time\" content=\"2024-02-08T13:21:07+00:00\" \/>\n<meta property=\"og:image\" content=\"https:\/\/www.annamardo.de\/wp-content\/uploads\/2020\/09\/42_Stadthochzeit_urbane_Augsburg.jpg\" \/>\n\t<meta property=\"og:image:width\" content=\"1500\" \/>\n\t<meta property=\"og:image:height\" content=\"1001\" \/>\n\t<meta property=\"og:image:type\" content=\"image\/jpeg\" \/>\n<meta name=\"author\" content=\"Anna Mardo\" \/>\n<meta name=\"twitter:card\" content=\"summary_large_image\" \/>\n<meta name=\"twitter:label1\" content=\"Written by\" \/>\n\t<meta name=\"twitter:data1\" content=\"Anna Mardo\" \/>\n\t<meta name=\"twitter:label2\" content=\"Est. reading time\" \/>\n\t<meta name=\"twitter:data2\" content=\"12 minutes\" \/>\n<script type=\"application\/ld+json\" class=\"yoast-schema-graph\">{\"@context\":\"https:\\\/\\\/schema.org\",\"@graph\":[{\"@type\":\"Article\",\"@id\":\"https:\\\/\\\/www.annamardo.de\\\/standesamtliche-hochzeit-augsburg\\\/#article\",\"isPartOf\":{\"@id\":\"https:\\\/\\\/www.annamardo.de\\\/standesamtliche-hochzeit-augsburg\\\/\"},\"author\":{\"name\":\"Anna Mardo\",\"@id\":\"https:\\\/\\\/www.annamardo.de\\\/#\\\/schema\\\/person\\\/c3ae0c10a19a6067a617804bb8bc64a7\"},\"headline\":\"Standesamtliche Hochzeit im Standesamt Augsburg\",\"datePublished\":\"2020-11-01T04:00:13+00:00\",\"dateModified\":\"2024-02-08T13:21:07+00:00\",\"mainEntityOfPage\":{\"@id\":\"https:\\\/\\\/www.annamardo.de\\\/standesamtliche-hochzeit-augsburg\\\/\"},\"wordCount\":555,\"commentCount\":0,\"publisher\":{\"@id\":\"https:\\\/\\\/www.annamardo.de\\\/#organization\"},\"image\":{\"@id\":\"https:\\\/\\\/www.annamardo.de\\\/standesamtliche-hochzeit-augsburg\\\/#primaryimage\"},\"thumbnailUrl\":\"https:\\\/\\\/www.annamardo.de\\\/wp-content\\\/uploads\\\/2020\\\/09\\\/42_Stadthochzeit_urbane_Augsburg.jpg\",\"keywords\":[\"Augsburg\",\"Hochzeitsfotograf\"],\"articleSection\":[\"Hochzeit\"],\"inLanguage\":\"en-US\",\"potentialAction\":[{\"@type\":\"CommentAction\",\"name\":\"Comment\",\"target\":[\"https:\\\/\\\/www.annamardo.de\\\/standesamtliche-hochzeit-augsburg\\\/#respond\"]}]},{\"@type\":\"WebPage\",\"@id\":\"https:\\\/\\\/www.annamardo.de\\\/standesamtliche-hochzeit-augsburg\\\/\",\"url\":\"https:\\\/\\\/www.annamardo.de\\\/standesamtliche-hochzeit-augsburg\\\/\",\"name\":\"Standesamtliche Hochzeit im Standesamt Augsburg im Drei Mohren\",\"isPartOf\":{\"@id\":\"https:\\\/\\\/www.annamardo.de\\\/#website\"},\"primaryImageOfPage\":{\"@id\":\"https:\\\/\\\/www.annamardo.de\\\/standesamtliche-hochzeit-augsburg\\\/#primaryimage\"},\"image\":{\"@id\":\"https:\\\/\\\/www.annamardo.de\\\/standesamtliche-hochzeit-augsburg\\\/#primaryimage\"},\"thumbnailUrl\":\"https:\\\/\\\/www.annamardo.de\\\/wp-content\\\/uploads\\\/2020\\\/09\\\/42_Stadthochzeit_urbane_Augsburg.jpg\",\"datePublished\":\"2020-11-01T04:00:13+00:00\",\"dateModified\":\"2024-02-08T13:21:07+00:00\",\"description\":\"Heiraten im Standesamt in Augsburg - Die standesamtliche Hochzeit im Hotel Drei Mohren von Anna & Alex gibt es auf meinem Blog!\",\"breadcrumb\":{\"@id\":\"https:\\\/\\\/www.annamardo.de\\\/standesamtliche-hochzeit-augsburg\\\/#breadcrumb\"},\"inLanguage\":\"en-US\",\"potentialAction\":[{\"@type\":\"ReadAction\",\"target\":[\"https:\\\/\\\/www.annamardo.de\\\/standesamtliche-hochzeit-augsburg\\\/\"]}]},{\"@type\":\"ImageObject\",\"inLanguage\":\"en-US\",\"@id\":\"https:\\\/\\\/www.annamardo.de\\\/standesamtliche-hochzeit-augsburg\\\/#primaryimage\",\"url\":\"https:\\\/\\\/www.annamardo.de\\\/wp-content\\\/uploads\\\/2020\\\/09\\\/42_Stadthochzeit_urbane_Augsburg.jpg\",\"contentUrl\":\"https:\\\/\\\/www.annamardo.de\\\/wp-content\\\/uploads\\\/2020\\\/09\\\/42_Stadthochzeit_urbane_Augsburg.jpg\",\"width\":1500,\"height\":1001,\"caption\":\"Urbane Stadthochzeit in Augsburg\"},{\"@type\":\"BreadcrumbList\",\"@id\":\"https:\\\/\\\/www.annamardo.de\\\/standesamtliche-hochzeit-augsburg\\\/#breadcrumb\",\"itemListElement\":[{\"@type\":\"ListItem\",\"position\":1,\"name\":\"Startseite\",\"item\":\"https:\\\/\\\/www.annamardo.de\\\/en\\\/\"},{\"@type\":\"ListItem\",\"position\":2,\"name\":\"Standesamtliche Hochzeit im Standesamt Augsburg\"}]},{\"@type\":\"WebSite\",\"@id\":\"https:\\\/\\\/www.annamardo.de\\\/#website\",\"url\":\"https:\\\/\\\/www.annamardo.de\\\/\",\"name\":\"Anna Mardo Hochzeitsfotografie\",\"description\":\"Berghochzeiten &amp; Hochzeiten im Oberland\",\"publisher\":{\"@id\":\"https:\\\/\\\/www.annamardo.de\\\/#organization\"},\"potentialAction\":[{\"@type\":\"SearchAction\",\"target\":{\"@type\":\"EntryPoint\",\"urlTemplate\":\"https:\\\/\\\/www.annamardo.de\\\/?s={search_term_string}\"},\"query-input\":{\"@type\":\"PropertyValueSpecification\",\"valueRequired\":true,\"valueName\":\"search_term_string\"}}],\"inLanguage\":\"en-US\"},{\"@type\":\"Organization\",\"@id\":\"https:\\\/\\\/www.annamardo.de\\\/#organization\",\"name\":\"Anna Mardo Hochzeitsfotografie\",\"url\":\"https:\\\/\\\/www.annamardo.de\\\/\",\"logo\":{\"@type\":\"ImageObject\",\"inLanguage\":\"en-US\",\"@id\":\"https:\\\/\\\/www.annamardo.de\\\/#\\\/schema\\\/logo\\\/image\\\/\",\"url\":\"https:\\\/\\\/www.annamardo.de\\\/wp-content\\\/uploads\\\/2021\\\/12\\\/Logo_Anna_Mardo_berghochzeiten.png\",\"contentUrl\":\"https:\\\/\\\/www.annamardo.de\\\/wp-content\\\/uploads\\\/2021\\\/12\\\/Logo_Anna_Mardo_berghochzeiten.png\",\"width\":1000,\"height\":655,\"caption\":\"Anna Mardo Hochzeitsfotografie\"},\"image\":{\"@id\":\"https:\\\/\\\/www.annamardo.de\\\/#\\\/schema\\\/logo\\\/image\\\/\"},\"sameAs\":[\"https:\\\/\\\/www.facebook.com\\\/AnnaMardoHochzeitsfotografie\\\/\",\"https:\\\/\\\/www.instagram.com\\\/annamardo\\\/\"]},{\"@type\":\"Person\",\"@id\":\"https:\\\/\\\/www.annamardo.de\\\/#\\\/schema\\\/person\\\/c3ae0c10a19a6067a617804bb8bc64a7\",\"name\":\"Anna Mardo\",\"description\":\"Fotografin f\u00fcr Berghochzeiten\",\"sameAs\":[\"https:\\\/\\\/www.annamardo.de\",\"https:\\\/\\\/www.facebook.com\\\/AnnaMardoHochzeitsfotografie\\\/\",\"https:\\\/\\\/www.instagram.com\\\/annamardo\\\/\",\"https:\\\/\\\/de.pinterest.com\\\/annamardo\"],\"url\":\"https:\\\/\\\/www.annamardo.de\\\/en\\\/author\\\/antje210\\\/\"}]}<\/script>\n<!-- \/ Yoast SEO plugin. -->","yoast_head_json":{"title":"Standesamtliche Hochzeit im Standesamt Augsburg im Drei Mohren","description":"Heiraten im Standesamt in Augsburg - Die standesamtliche Hochzeit im Hotel Drei Mohren von Anna & Alex gibt es auf meinem Blog!","robots":{"index":"index","follow":"follow","max-snippet":"max-snippet:-1","max-image-preview":"max-image-preview:large","max-video-preview":"max-video-preview:-1"},"canonical":"https:\/\/www.annamardo.de\/standesamtliche-hochzeit-augsburg\/","og_locale":"en_US","og_type":"article","og_title":"Standesamtliche Hochzeit im Standesamt Augsburg im Drei Mohren","og_description":"Heiraten im Standesamt in Augsburg - Die standesamtliche Hochzeit im Hotel Drei Mohren von Anna & Alex gibt es auf meinem Blog!","og_url":"https:\/\/www.annamardo.de\/standesamtliche-hochzeit-augsburg\/","og_site_name":"Anna Mardo Hochzeitsfotografie","article_publisher":"https:\/\/www.facebook.com\/AnnaMardoHochzeitsfotografie\/","article_author":"https:\/\/www.facebook.com\/AnnaMardoHochzeitsfotografie\/","article_published_time":"2020-11-01T04:00:13+00:00","article_modified_time":"2024-02-08T13:21:07+00:00","og_image":[{"width":1500,"height":1001,"url":"https:\/\/www.annamardo.de\/wp-content\/uploads\/2020\/09\/42_Stadthochzeit_urbane_Augsburg.jpg","type":"image\/jpeg"}],"author":"Anna Mardo","twitter_card":"summary_large_image","twitter_misc":{"Written by":"Anna Mardo","Est. reading time":"12 minutes"},"schema":{"@context":"https:\/\/schema.org","@graph":[{"@type":"Article","@id":"https:\/\/www.annamardo.de\/standesamtliche-hochzeit-augsburg\/#article","isPartOf":{"@id":"https:\/\/www.annamardo.de\/standesamtliche-hochzeit-augsburg\/"},"author":{"name":"Anna Mardo","@id":"https:\/\/www.annamardo.de\/#\/schema\/person\/c3ae0c10a19a6067a617804bb8bc64a7"},"headline":"Standesamtliche Hochzeit im Standesamt Augsburg","datePublished":"2020-11-01T04:00:13+00:00","dateModified":"2024-02-08T13:21:07+00:00","mainEntityOfPage":{"@id":"https:\/\/www.annamardo.de\/standesamtliche-hochzeit-augsburg\/"},"wordCount":555,"commentCount":0,"publisher":{"@id":"https:\/\/www.annamardo.de\/#organization"},"image":{"@id":"https:\/\/www.annamardo.de\/standesamtliche-hochzeit-augsburg\/#primaryimage"},"thumbnailUrl":"https:\/\/www.annamardo.de\/wp-content\/uploads\/2020\/09\/42_Stadthochzeit_urbane_Augsburg.jpg","keywords":["Augsburg","Hochzeitsfotograf"],"articleSection":["Hochzeit"],"inLanguage":"en-US","potentialAction":[{"@type":"CommentAction","name":"Comment","target":["https:\/\/www.annamardo.de\/standesamtliche-hochzeit-augsburg\/#respond"]}]},{"@type":"WebPage","@id":"https:\/\/www.annamardo.de\/standesamtliche-hochzeit-augsburg\/","url":"https:\/\/www.annamardo.de\/standesamtliche-hochzeit-augsburg\/","name":"Standesamtliche Hochzeit im Standesamt Augsburg im Drei Mohren","isPartOf":{"@id":"https:\/\/www.annamardo.de\/#website"},"primaryImageOfPage":{"@id":"https:\/\/www.annamardo.de\/standesamtliche-hochzeit-augsburg\/#primaryimage"},"image":{"@id":"https:\/\/www.annamardo.de\/standesamtliche-hochzeit-augsburg\/#primaryimage"},"thumbnailUrl":"https:\/\/www.annamardo.de\/wp-content\/uploads\/2020\/09\/42_Stadthochzeit_urbane_Augsburg.jpg","datePublished":"2020-11-01T04:00:13+00:00","dateModified":"2024-02-08T13:21:07+00:00","description":"Heiraten im Standesamt in Augsburg - Die standesamtliche Hochzeit im Hotel Drei Mohren von Anna & Alex gibt es auf meinem Blog!","breadcrumb":{"@id":"https:\/\/www.annamardo.de\/standesamtliche-hochzeit-augsburg\/#breadcrumb"},"inLanguage":"en-US","potentialAction":[{"@type":"ReadAction","target":["https:\/\/www.annamardo.de\/standesamtliche-hochzeit-augsburg\/"]}]},{"@type":"ImageObject","inLanguage":"en-US","@id":"https:\/\/www.annamardo.de\/standesamtliche-hochzeit-augsburg\/#primaryimage","url":"https:\/\/www.annamardo.de\/wp-content\/uploads\/2020\/09\/42_Stadthochzeit_urbane_Augsburg.jpg","contentUrl":"https:\/\/www.annamardo.de\/wp-content\/uploads\/2020\/09\/42_Stadthochzeit_urbane_Augsburg.jpg","width":1500,"height":1001,"caption":"Urbane Stadthochzeit in Augsburg"},{"@type":"BreadcrumbList","@id":"https:\/\/www.annamardo.de\/standesamtliche-hochzeit-augsburg\/#breadcrumb","itemListElement":[{"@type":"ListItem","position":1,"name":"Startseite","item":"https:\/\/www.annamardo.de\/en\/"},{"@type":"ListItem","position":2,"name":"Standesamtliche Hochzeit im Standesamt Augsburg"}]},{"@type":"WebSite","@id":"https:\/\/www.annamardo.de\/#website","url":"https:\/\/www.annamardo.de\/","name":"Anna Mardo Hochzeitsfotografie","description":"Berghochzeiten &amp; Hochzeiten im Oberland","publisher":{"@id":"https:\/\/www.annamardo.de\/#organization"},"potentialAction":[{"@type":"SearchAction","target":{"@type":"EntryPoint","urlTemplate":"https:\/\/www.annamardo.de\/?s={search_term_string}"},"query-input":{"@type":"PropertyValueSpecification","valueRequired":true,"valueName":"search_term_string"}}],"inLanguage":"en-US"},{"@type":"Organization","@id":"https:\/\/www.annamardo.de\/#organization","name":"Anna Mardo Hochzeitsfotografie","url":"https:\/\/www.annamardo.de\/","logo":{"@type":"ImageObject","inLanguage":"en-US","@id":"https:\/\/www.annamardo.de\/#\/schema\/logo\/image\/","url":"https:\/\/www.annamardo.de\/wp-content\/uploads\/2021\/12\/Logo_Anna_Mardo_berghochzeiten.png","contentUrl":"https:\/\/www.annamardo.de\/wp-content\/uploads\/2021\/12\/Logo_Anna_Mardo_berghochzeiten.png","width":1000,"height":655,"caption":"Anna Mardo Hochzeitsfotografie"},"image":{"@id":"https:\/\/www.annamardo.de\/#\/schema\/logo\/image\/"},"sameAs":["https:\/\/www.facebook.com\/AnnaMardoHochzeitsfotografie\/","https:\/\/www.instagram.com\/annamardo\/"]},{"@type":"Person","@id":"https:\/\/www.annamardo.de\/#\/schema\/person\/c3ae0c10a19a6067a617804bb8bc64a7","name":"Anna Mardo","description":"Fotografin f\u00fcr Berghochzeiten","sameAs":["https:\/\/www.annamardo.de","https:\/\/www.facebook.com\/AnnaMardoHochzeitsfotografie\/","https:\/\/www.instagram.com\/annamardo\/","https:\/\/de.pinterest.com\/annamardo"],"url":"https:\/\/www.annamardo.de\/en\/author\/antje210\/"}]}},"_links":{"self":[{"href":"https:\/\/www.annamardo.de\/en\/wp-json\/wp\/v2\/posts\/11528","targetHints":{"allow":["GET"]}}],"collection":[{"href":"https:\/\/www.annamardo.de\/en\/wp-json\/wp\/v2\/posts"}],"about":[{"href":"https:\/\/www.annamardo.de\/en\/wp-json\/wp\/v2\/types\/post"}],"author":[{"embeddable":true,"href":"https:\/\/www.annamardo.de\/en\/wp-json\/wp\/v2\/users\/1"}],"replies":[{"embeddable":true,"href":"https:\/\/www.annamardo.de\/en\/wp-json\/wp\/v2\/comments?post=11528"}],"version-history":[{"count":8,"href":"https:\/\/www.annamardo.de\/en\/wp-json\/wp\/v2\/posts\/11528\/revisions"}],"predecessor-version":[{"id":22700,"href":"https:\/\/www.annamardo.de\/en\/wp-json\/wp\/v2\/posts\/11528\/revisions\/22700"}],"wp:featuredmedia":[{"embeddable":true,"href":"https:\/\/www.annamardo.de\/en\/wp-json\/wp\/v2\/media\/11571"}],"wp:attachment":[{"href":"https:\/\/www.annamardo.de\/en\/wp-json\/wp\/v2\/media?parent=11528"}],"wp:term":[{"taxonomy":"category","embeddable":true,"href":"https:\/\/www.annamardo.de\/en\/wp-json\/wp\/v2\/categories?post=11528"},{"taxonomy":"post_tag","embeddable":true,"href":"https:\/\/www.annamardo.de\/en\/wp-json\/wp\/v2\/tags?post=11528"}],"curies":[{"name":"wp","href":"https:\/\/api.w.org\/{rel}","templated":true}]}}